{"id":55628,"date":"2025-08-25T13:05:16","date_gmt":"2025-08-25T11:05:16","guid":{"rendered":"https:\/\/edublog.educastur.es\/ixuxu\/?p=55628"},"modified":"2025-08-26T18:48:01","modified_gmt":"2025-08-26T16:48:01","slug":"55628","status":"publish","type":"post","link":"https:\/\/edublog.educastur.es\/ixuxu\/2025\/08\/55628\/","title":{"rendered":""},"content":{"rendered":"<p style=\"text-align: center\">\n<!-- iframe plugin v.6.0 wordpress.org\/plugins\/iframe\/ -->\n<iframe loading=\"lazy\" src=\"https:\/\/www.facebook.com\/plugins\/post.php?href=https%3A%2F%2Fwww.facebook.com%2FSoyFelipeRodriguez%2Fposts%2Fpfbid02N15zQdkWffW8xsrXe7qJAPYJC4o2YwRpci5ozkiqZj8WUDFSfLEA2GfPcpRysA6Ml&#038;show_text=false&#038;width=500\" width=\"500\" height=\"498\" style=\"border:none;overflow:hidden\" scrolling=\"no\" frameborder=\"0\" allowfullscreen=\"true\" allow=\"autoplay; clipboard-write; encrypted-media; picture-in-picture; web-share\" 0=\"\/iframe\" class=\"iframe-class\"><\/iframe>\n<\/p>\n<p>&nbsp;<\/p>\n<p style=\"text-align: center\"><span style=\"font-size: 24px;color: #800080\"><em>\u201cDe los topos,<strong> aprendimos a faer t\u00faneles.<\/strong><\/em><\/span><br \/>\n<span style=\"font-size: 24px;color: #800080\"><em>De los castores,<strong> aprendimos a faer diques.<\/strong><\/em><\/span><br \/>\n<span style=\"font-size: 24px;color: #800080\"><em>De los p\u00e1xaros, <strong>aprendimos a faer cases.<\/strong><\/em><\/span><br \/>\n<span style=\"font-size: 24px;color: #800080\"><em>De les ara\u00f1es, <strong>aprendimos a texer.<\/strong><\/em><\/span><\/p>\n<p style=\"text-align: center\"><span style=\"font-size: 24px;color: #800080\"><em>Del tueru que rodaba cuesta abaxo,<br \/>\n<strong>aprendimos la rueda.<\/strong><\/em><\/span><br \/>\n<span style=\"font-size: 24px;color: #800080\"><em>Del tueru que llexaba al debalu,<br \/>\n<strong>aprendimos la nave.<\/strong><\/em><\/span><br \/>\n<span style=\"font-size: 24px;color: #800080\"><em>Del vientu, <strong>aprendimos la vela.<\/strong><\/em><\/span><\/p>\n<p style=\"text-align: center\"><span style=\"font-size: 24px;color: #800080\"><em>\u00bfQui\u00e9n nos ense\u00f1ar\u00eda les males ma\u00f1es? <\/em><\/span><br \/>\n<strong><span style=\"font-size: 24px;color: #800080\"><em>\u00bfDe qui\u00e9n aprendimos<br \/>\na atormentar al pr\u00f3ximo<br \/>\ny a humildar al mundu?\u201d<\/em><\/span><\/strong><\/p>\n<p style=\"text-align: center\">Eduardo Galeano<\/p>\n","protected":false},"excerpt":{"rendered":"<p>&nbsp; \u201cDe los topos, aprendimos a faer t\u00faneles. De los castores, aprendimos a faer diques. De los p\u00e1xaros, aprendimos a faer cases. De les ara\u00f1es, aprendimos a texer. Del tueru que rodaba cuesta abaxo, aprendimos la rueda. Del tueru que llexaba al debalu, aprendimos la nave. Del vientu, aprendimos la vela. \u00bfQui\u00e9n nos ense\u00f1ar\u00eda les [&hellip;]<\/p>\n","protected":false},"author":117,"featured_media":0,"comment_status":"closed","ping_status":"open","sticky":false,"template":"","format":"quote","meta":{"footnotes":""},"categories":[1],"tags":[],"class_list":["post-55628","post","type-post","status-publish","format-quote","hentry","category-sin-categoria","post_format-post-format-quote"],"_links":{"self":[{"href":"https:\/\/edublog.educastur.es\/ixuxu\/wp-json\/wp\/v2\/posts\/55628","targetHints":{"allow":["GET"]}}],"collection":[{"href":"https:\/\/edublog.educastur.es\/ixuxu\/wp-json\/wp\/v2\/posts"}],"about":[{"href":"https:\/\/edublog.educastur.es\/ixuxu\/wp-json\/wp\/v2\/types\/post"}],"author":[{"embeddable":true,"href":"https:\/\/edublog.educastur.es\/ixuxu\/wp-json\/wp\/v2\/users\/117"}],"replies":[{"embeddable":true,"href":"https:\/\/edublog.educastur.es\/ixuxu\/wp-json\/wp\/v2\/comments?post=55628"}],"version-history":[{"count":4,"href":"https:\/\/edublog.educastur.es\/ixuxu\/wp-json\/wp\/v2\/posts\/55628\/revisions"}],"predecessor-version":[{"id":56261,"href":"https:\/\/edublog.educastur.es\/ixuxu\/wp-json\/wp\/v2\/posts\/55628\/revisions\/56261"}],"wp:attachment":[{"href":"https:\/\/edublog.educastur.es\/ixuxu\/wp-json\/wp\/v2\/media?parent=55628"}],"wp:term":[{"taxonomy":"category","embeddable":true,"href":"https:\/\/edublog.educastur.es\/ixuxu\/wp-json\/wp\/v2\/categories?post=55628"},{"taxonomy":"post_tag","embeddable":true,"href":"https:\/\/edublog.educastur.es\/ixuxu\/wp-json\/wp\/v2\/tags?post=55628"}],"curies":[{"name":"wp","href":"https:\/\/api.w.org\/{rel}","templated":true}]}}