{"id":55641,"date":"2025-08-14T08:55:11","date_gmt":"2025-08-14T06:55:11","guid":{"rendered":"https:\/\/edublog.educastur.es\/ixuxu\/?p=55641"},"modified":"2025-08-14T20:16:21","modified_gmt":"2025-08-14T18:16:21","slug":"rexones-climatiques-despana","status":"publish","type":"post","link":"https:\/\/edublog.educastur.es\/ixuxu\/2025\/08\/rexones-climatiques-despana\/","title":{"rendered":"Rexones clim\u00e1tiques d&#8217;Espa\u00f1a"},"content":{"rendered":"<div class=\"html-div xdj266r x14z9mp xat24cr x1lziwak xexx8yu x1a8lsjc xf7dkkf xv54qhq\">\n<div class=\"html-div xdj266r x14z9mp xat24cr x1lziwak xexx8yu xyri2b x18d9i69 x1c1uobl x1jx94hy x78zum5 x1q0g3np\">\n<div class=\"x78zum5 xdt5ytf xz62fqu x16ldp7u\">\n<div class=\"xu06os2 x1ok221b\">\n<div class=\"html-div xdj266r x14z9mp xat24cr x1lziwak xexx8yu xyri2b x18d9i69 x1c1uobl\" data-ad-rendering-role=\"profile_name\">\n<ul>\n<li class=\"html-h3 x14z9mp xat24cr x1lziwak xexx8yu xyri2b x18d9i69 x1c1uobl x1vvkbs x1heor9g x1qlqyl8 x1pd3egz x1a2a7pz x1gslohp x1yc453h\"><span class=\"x1lliihq x6ikm8r x10wlt62 x1n2onr6\"><span class=\"xt0psk2\"><a class=\"x1i10hfl xjbqb8w x1ejq31n x18oe1m7 x1sy0etr xstzfhl x972fbf x10w94by x1qhh985 x14e42zd x9f619 x1ypdohk xt0psk2 x3ct3a4 xdj266r x14z9mp xat24cr x1lziwak xexx8yu xyri2b x18d9i69 x1c1uobl x16tdsg8 x1hl2dhg xggy1nq x1a2a7pz xkrqix3 x1sur9pj xzsf02u x1s688f\" role=\"link\" href=\"https:\/\/www.facebook.com\/profile.php?id=61550633357315&amp;__cft__[0]=AZWPaCZzRcot1cVp-qR0ANrbe6y5kfpDi_G9KlzsQWxXt-R3njwXyWiK_hsSy-S5WUOAPKVHzP03MmIjr5CgWhw26bvoDHrKZQqFy5NdUQfQTFDEslZcNSAT_wR1XpC695KeltDT5t6u1YjSbGtVVnC0qj-dUBusB1KYly5FsTPWx67v5LdBQlAsBLE6BfotbLOx6-aQXU_YoUvNM_HQQ-wpMdx_bNN6NWTMstGN3utG2A&amp;__tn__=-UC%2CP-y-R\"><b class=\"html-b xdj266r x14z9mp xat24cr x1lziwak xexx8yu xyri2b x18d9i69 x1c1uobl x1hl2dhg x16tdsg8 x1vvkbs x1s688f\"><span class=\"html-span xdj266r x14z9mp xat24cr x1lziwak xexx8yu xyri2b x18d9i69 x1c1uobl x1hl2dhg x16tdsg8 x1vvkbs\">Estad\u00edsticas, gr\u00e1ficos y mapas bizarros<\/span><\/b><\/a><\/span><\/span>\/ <a href=\"https:\/\/es.wikipedia.org\/wiki\/Clima_de_Espa\u00f1a\">Clima d&#8217;Espa\u00f1a<\/a> \/<a href=\"https:\/\/upload.wikimedia.org\/wikipedia\/commons\/thumb\/4\/4a\/Climate_of_Spain.svg\/1024px-Climate_of_Spain.svg.png\"><strong>mapa<\/strong><\/a><\/li>\n<\/ul>\n<p style=\"text-align: center\"><a href=\"https:\/\/upload.wikimedia.org\/wikipedia\/commons\/thumb\/4\/4a\/Climate_of_Spain.svg\/1024px-Climate_of_Spain.svg.png\"><img loading=\"lazy\" decoding=\"async\" class=\"aligncenter size-large\" src=\"https:\/\/upload.wikimedia.org\/wikipedia\/commons\/thumb\/4\/4a\/Climate_of_Spain.svg\/1024px-Climate_of_Spain.svg.png\" width=\"1024\" height=\"879\" \/><\/a><\/p>\n<p><sup id=\"cite_ref-1\" class=\"mw-references reference separada\"><\/sup>\u200b<\/p>\n<table>\n<tbody>\n<tr valign=\"top\">\n<td>\u00a0\u00a0\u00a0\u00a0\u00a0<a title=\"Clima mediterr\u00e1neo continentalizado\" href=\"https:\/\/es.wikipedia.org\/wiki\/Clima_mediterr%C3%A1neo_continentalizado\">Mediterr\u00e1neo continental<\/a>\u00a0\u00a0\u00a0\u00a0\u00a0<a title=\"Clima mediterr\u00e1neo t\u00edpico\" href=\"https:\/\/es.wikipedia.org\/wiki\/Clima_mediterr%C3%A1neo_t%C3%ADpico\">Mediterr\u00e1neo litoral<\/a>\u00a0\u00a0\u00a0\u00a0\u00a0<a title=\"Clima semi\u00e1rido\" href=\"https:\/\/es.wikipedia.org\/wiki\/Clima_semi%C3%A1rido\">Mediterr\u00e1neo semi\u00e1rido<\/a>\u00a0\u00a0\u00a0\u00a0\u00a0<a title=\"Clima oce\u00e1nico\" href=\"https:\/\/es.wikipedia.org\/wiki\/Clima_oce%C3%A1nico\">Oce\u00e1nico continental<\/a>\u00a0\u00a0\u00a0\u00a0\u00a0<a title=\"Clima oce\u00e1nico\" href=\"https:\/\/es.wikipedia.org\/wiki\/Clima_oce%C3%A1nico\">Oce\u00e1nico litoral<\/a>\u00a0\u00a0\u00a0\u00a0\u00a0<a title=\"Clima de monta\u00f1a\" href=\"https:\/\/es.wikipedia.org\/wiki\/Clima_de_monta%C3%B1a\">De monta\u00f1a<\/a>\u00a0\u00a0\u00a0\u00a0\u00a0<a title=\"Clima subtropical\" href=\"https:\/\/es.wikipedia.org\/wiki\/Clima_subtropical\">Subtropical<\/a><\/td>\n<\/tr>\n<\/tbody>\n<\/table>\n<p><!--more--><\/p>\n<p style=\"text-align: center\">\n<!-- iframe plugin v.6.0 wordpress.org\/plugins\/iframe\/ -->\n<iframe loading=\"lazy\" src=\"https:\/\/www.facebook.com\/plugins\/post.php?href=https%3A%2F%2Fwww.facebook.com%2Fpermalink.php%3Fstory_fbid%3Dpfbid0cfwik5RtsBnaPZu2X4hFE8rh2DkwtxajnnyhR8cWTpqFyoqoqFHoNBrRGRrhEyhHl%26id%3D61550633357315&#038;show_text=false&#038;width=500\" width=\"500\" height=\"498\" style=\"border:none;overflow:hidden\" scrolling=\"no\" frameborder=\"0\" allowfullscreen=\"true\" allow=\"autoplay; clipboard-write; encrypted-media; picture-in-picture; web-share\" 0=\"\/iframe\" class=\"iframe-class\"><\/iframe>\n<\/p>\n<\/div>\n<p style=\"text-align: center\"><a href=\"https:\/\/upload.wikimedia.org\/wikipedia\/commons\/thumb\/9\/9b\/Clasificaci%C3%B3n_clim%C3%A1tica_de_Espa%C3%B1a_seg%C3%BAn_Koppen_1981-2010_mapa_15815_spa.jpg\/1280px-Clasificaci%C3%B3n_clim%C3%A1tica_de_Espa%C3%B1a_seg%C3%BAn_Koppen_1981-2010_mapa_15815_spa.jpg\"><img loading=\"lazy\" decoding=\"async\" class=\"aligncenter size-large\" src=\"https:\/\/upload.wikimedia.org\/wikipedia\/commons\/thumb\/9\/9b\/Clasificaci%C3%B3n_clim%C3%A1tica_de_Espa%C3%B1a_seg%C3%BAn_Koppen_1981-2010_mapa_15815_spa.jpg\/1280px-Clasificaci%C3%B3n_clim%C3%A1tica_de_Espa%C3%B1a_seg%C3%BAn_Koppen_1981-2010_mapa_15815_spa.jpg\" width=\"1280\" height=\"921\" \/><\/a><\/p>\n<div class=\"html-div xdj266r x14z9mp xat24cr x1lziwak xexx8yu xyri2b x18d9i69 x1c1uobl\" data-ad-rendering-role=\"profile_name\">\n<p>&nbsp;<\/p>\n<p>Podemos atopanos cuatro distintos climes n&#8217;Espa\u00f1a: atl\u00e1nticu, mediterr\u00e1neu, subtropical y de monte. Cada clima configura un \u00e1rea xeogr\u00e1fica espec\u00edfica y delimit\u00e1. Esta variante clim\u00e1tica podemos atopala por tol norte y noroeste de la Pen\u00ednsula, dende los Pirineos hasta Galicia.<\/p>\n<p style=\"text-align: center\"><a href=\"https:\/\/upload.wikimedia.org\/wikipedia\/commons\/thumb\/9\/98\/Precipitaci%C3%B3n_media_anual_de_Espa%C3%B1a_en_1981-2010_mapa_13480_spa.jpg\/1280px-Precipitaci%C3%B3n_media_anual_de_Espa%C3%B1a_en_1981-2010_mapa_13480_spa.jpg\"><img loading=\"lazy\" decoding=\"async\" class=\"aligncenter size-large\" src=\"https:\/\/upload.wikimedia.org\/wikipedia\/commons\/thumb\/9\/98\/Precipitaci%C3%B3n_media_anual_de_Espa%C3%B1a_en_1981-2010_mapa_13480_spa.jpg\/1280px-Precipitaci%C3%B3n_media_anual_de_Espa%C3%B1a_en_1981-2010_mapa_13480_spa.jpg\" width=\"1280\" height=\"921\" \/><\/a><\/p>\n<p style=\"text-align: center\"><a href=\"https:\/\/upload.wikimedia.org\/wikipedia\/commons\/thumb\/1\/15\/Temperatura_media_anual_de_Espa%C3%B1a_en_1981-2010_mapa_13481_spa.jpg\/1280px-Temperatura_media_anual_de_Espa%C3%B1a_en_1981-2010_mapa_13481_spa.jpg\"><img loading=\"lazy\" decoding=\"async\" class=\"aligncenter size-large\" src=\"https:\/\/upload.wikimedia.org\/wikipedia\/commons\/thumb\/1\/15\/Temperatura_media_anual_de_Espa%C3%B1a_en_1981-2010_mapa_13481_spa.jpg\/1280px-Temperatura_media_anual_de_Espa%C3%B1a_en_1981-2010_mapa_13481_spa.jpg\" width=\"1280\" height=\"914\" \/><\/a><\/p>\n<p style=\"text-align: center\"><a href=\"https:\/\/upload.wikimedia.org\/wikipedia\/commons\/5\/56\/Spain_precipitation.png\"><img loading=\"lazy\" decoding=\"async\" class=\"aligncenter size-large\" src=\"https:\/\/upload.wikimedia.org\/wikipedia\/commons\/5\/56\/Spain_precipitation.png\" width=\"700\" height=\"641\" \/><\/a><\/p>\n<\/div>\n<\/div>\n<div class=\"xu06os2 x1ok221b\"><\/div>\n<\/div>\n<\/div>\n<\/div>\n<p>&nbsp;<\/p>\n<div class=\"html-div xdj266r x14z9mp xat24cr x1lziwak xexx8yu xyri2b x18d9i69 x1c1uobl\" dir=\"auto\">\n<div class=\"html-div xdj266r x14z9mp xat24cr x1lziwak xexx8yu xyri2b x18d9i69 x1c1uobl\" dir=\"auto\">\n<div class=\"html-div xdj266r x14z9mp xat24cr x1lziwak xexx8yu xyri2b x18d9i69 x1c1uobl\" data-ad-rendering-role=\"story_message\">\n<div class=\"x1l90r2v x1iorvi4 x1g0dm76 xpdmqnj\" data-ad-comet-preview=\"message\" data-ad-preview=\"message\">\n<div class=\"x78zum5 xdt5ytf xz62fqu x16ldp7u\">\n<div class=\"xu06os2 x1ok221b\">\n<div class=\"html-div xdj266r x14z9mp xat24cr x1lziwak xexx8yu xyri2b x18d9i69 x1c1uobl\">\n<div dir=\"auto\"><\/div>\n<\/div>\n<\/div>\n<\/div>\n<\/div>\n<\/div>\n<\/div>\n<\/div>\n","protected":false},"excerpt":{"rendered":"<p>Estad\u00edsticas, gr\u00e1ficos y mapas bizarros\/ Clima d&#8217;Espa\u00f1a \/mapa \u200b \u00a0\u00a0\u00a0\u00a0\u00a0Mediterr\u00e1neo continental\u00a0\u00a0\u00a0\u00a0\u00a0Mediterr\u00e1neo litoral\u00a0\u00a0\u00a0\u00a0\u00a0Mediterr\u00e1neo semi\u00e1rido\u00a0\u00a0\u00a0\u00a0\u00a0Oce\u00e1nico continental\u00a0\u00a0\u00a0\u00a0\u00a0Oce\u00e1nico litoral\u00a0\u00a0\u00a0\u00a0\u00a0De monta\u00f1a\u00a0\u00a0\u00a0\u00a0\u00a0Subtropical<\/p>\n","protected":false},"author":117,"featured_media":0,"comment_status":"closed","ping_status":"open","sticky":false,"template":"","format":"standard","meta":{"footnotes":""},"categories":[258,69],"tags":[],"class_list":["post-55641","post","type-post","status-publish","format-standard","hentry","category-estadistiques","category-mapes"],"_links":{"self":[{"href":"https:\/\/edublog.educastur.es\/ixuxu\/wp-json\/wp\/v2\/posts\/55641","targetHints":{"allow":["GET"]}}],"collection":[{"href":"https:\/\/edublog.educastur.es\/ixuxu\/wp-json\/wp\/v2\/posts"}],"about":[{"href":"https:\/\/edublog.educastur.es\/ixuxu\/wp-json\/wp\/v2\/types\/post"}],"author":[{"embeddable":true,"href":"https:\/\/edublog.educastur.es\/ixuxu\/wp-json\/wp\/v2\/users\/117"}],"replies":[{"embeddable":true,"href":"https:\/\/edublog.educastur.es\/ixuxu\/wp-json\/wp\/v2\/comments?post=55641"}],"version-history":[{"count":4,"href":"https:\/\/edublog.educastur.es\/ixuxu\/wp-json\/wp\/v2\/posts\/55641\/revisions"}],"predecessor-version":[{"id":55645,"href":"https:\/\/edublog.educastur.es\/ixuxu\/wp-json\/wp\/v2\/posts\/55641\/revisions\/55645"}],"wp:attachment":[{"href":"https:\/\/edublog.educastur.es\/ixuxu\/wp-json\/wp\/v2\/media?parent=55641"}],"wp:term":[{"taxonomy":"category","embeddable":true,"href":"https:\/\/edublog.educastur.es\/ixuxu\/wp-json\/wp\/v2\/categories?post=55641"},{"taxonomy":"post_tag","embeddable":true,"href":"https:\/\/edublog.educastur.es\/ixuxu\/wp-json\/wp\/v2\/tags?post=55641"}],"curies":[{"name":"wp","href":"https:\/\/api.w.org\/{rel}","templated":true}]}}