{"id":55661,"date":"2025-08-14T20:48:03","date_gmt":"2025-08-14T18:48:03","guid":{"rendered":"https:\/\/edublog.educastur.es\/ixuxu\/?p=55661"},"modified":"2025-08-16T22:08:41","modified_gmt":"2025-08-16T20:08:41","slug":"tpa-retrasmite-esta-nueche-lespectaculu-de-fueos-artificiales-de-xixon","status":"publish","type":"post","link":"https:\/\/edublog.educastur.es\/ixuxu\/2025\/08\/tpa-retrasmite-esta-nueche-lespectaculu-de-fueos-artificiales-de-xixon\/","title":{"rendered":"TPA retrasmite esta nueche l&#8217;espect\u00e1culu de fueos artificiales de Xix\u00f3n"},"content":{"rendered":"<p style=\"text-align: center\">\n<!-- iframe plugin v.6.0 wordpress.org\/plugins\/iframe\/ -->\n<iframe loading=\"lazy\" src=\"https:\/\/www.facebook.com\/plugins\/video.php?height=314&#038;href=https%3A%2F%2Fwww.facebook.com%2FRTPAoficial%2Fvideos%2F1470191207318685%2F&#038;show_text=false&#038;width=560&#038;t=0\" width=\"560\" height=\"314\" style=\"border:none;overflow:hidden\" scrolling=\"no\" frameborder=\"0\" allowfullscreen=\"true\" allow=\"autoplay; clipboard-write; encrypted-media; picture-in-picture; web-share\" 0=\"\/iframe\" class=\"iframe-class\"><\/iframe>\n<\/p>\n<p class=\"font-size-m padding-b-20 font-weight-b margin-t-16\">Conex\u00f3n Asturies va amosar los preparativos y los nervios de los xixoneses.\u00a0TPA va retresmitir esta nueche en directo l&#8217;espect\u00e1culu de lluz y color de los fueos artificiales de les fiestes de Bego\u00f1a 2025.<\/p>\n<p><!--more--><\/p>\n<p style=\"text-align: center\"><a href=\"https:\/\/www.rtpa.es\/fotos\/\/23\/08\/20230814141715_RTPA3872920.jpg\"><img loading=\"lazy\" decoding=\"async\" class=\"aligncenter size-large\" src=\"https:\/\/www.rtpa.es\/fotos\/\/23\/08\/20230814141715_RTPA3872920.jpg\" width=\"853\" height=\"480\" \/><\/a><\/p>\n<p>&nbsp;<\/p>\n<p>L&#8217;equipu de Conex\u00f3n Asturies con Marco Rodr\u00edguez dende&#8217;l plat\u00f3 va llevar a les cases de tolos asturianos el mayor eventu pirot\u00e9cnicu del branu xixon\u00e9s que va correr al cargu de la reconocida empresa Pirotecnia Zaragozana, que repite per tercer a\u00f1u consecutivu.<\/p>\n<p>A pie de cai y a pie de sablera van tar Cecilia Iglesias y Sa\u00fal Montes pa vivir colos xixoneses y toos aquellos que visiten la capital de la Costa Verde los minutos previos al espect\u00e1culu que va dar entamu a medianueche.<\/p>\n<p>La disposici\u00f3n de les c\u00e1mares en distintos puntos de la ciud\u00e1 y en distintos allugamientos escoy\u00edos poles sos vistes va dexar siguir l&#8217;espect\u00e1culu pirot\u00e9cnicu como si tuvi\u00e9remos na mesma sablera. Dende&#8217;l N\u00e1uticu hasta Poniente.<\/p>\n<p>L&#8217;equipu de Conex\u00f3n Asturies va amosar en primer persona los preparativos y los nervios de los xixoneses y de los miles de visitantes qu&#8217;esa nueche vayan hasta la villa de Xovellanos. Am\u00e1s vamos baillar al ritmu d&#8217;Assia na fiesta previa al espect\u00e1culu pirot\u00e9cnicu que va siguir cuando remate la descarga final.<\/p>\n<ul>\n<li class=\"html-h2 x14z9mp xat24cr x1lziwak xexx8yu xyri2b x18d9i69 x1c1uobl x1vvkbs x1heor9g x1qlqyl8 x1pd3egz x1a2a7pz x1gslohp\" style=\"text-align: center\"><span class=\"x193iq5w xeuugli x13faqbe x1vvkbs x1xmvt09 x1f6kntn xvq8zen xo1l8bm xi81zsa\"><span class=\"xt0psk2\"><span class=\"xjp7ctv\"><a class=\"x1i10hfl xjbqb8w x1ejq31n x18oe1m7 x1sy0etr xstzfhl x972fbf x10w94by x1qhh985 x14e42zd x9f619 x1ypdohk xt0psk2 x3ct3a4 xdj266r x14z9mp xat24cr x1lziwak xexx8yu xyri2b x18d9i69 x1c1uobl x16tdsg8 x1hl2dhg xggy1nq x1a2a7pz xkrqix3 x1sur9pj xzsf02u x1s688f\" role=\"link\" href=\"https:\/\/www.facebook.com\/FotosJavierCanga?__cft__[0]=AZV8OvLDtKuZNKhp6m5MTclDy258tDwgpiI7T9QJON4hvvrmUMWTBUSL1Oj_TGV2skYFUyLBdOEZKN-UQWiINrRWKTOkdU3RjkyMuOP-HuaQ3wOJ23pI7m6oYxmXHX8D_63cQ9UGgp65lRTW5VGI7kYer-vF5Gjqq6VqhqW_ekm6rKSLFhQ8539Y_UWClbzdErsoOyfAwjyhszb1YUowZGwF&amp;__tn__=-UC*F\">Fotos Javier Canga<\/a><\/span><\/span><\/span><\/li>\n<\/ul>\n<p style=\"text-align: center\">\n<!-- iframe plugin v.6.0 wordpress.org\/plugins\/iframe\/ -->\n<iframe loading=\"lazy\" src=\"https:\/\/www.facebook.com\/plugins\/post.php?href=https%3A%2F%2Fwww.facebook.com%2Fphoto.php%3Ffbid%3D1270991234819692%26set%3Da.448166363768854%26type%3D3&#038;show_text=false&#038;width=500\" width=\"500\" height=\"742\" style=\"border:none;overflow:hidden\" scrolling=\"no\" frameborder=\"0\" allowfullscreen=\"true\" allow=\"autoplay; clipboard-write; encrypted-media; picture-in-picture; web-share\" 0=\"\/iframe\" class=\"iframe-class\"><\/iframe>\n<\/p>\n<h1 class=\"font-size-xxl margin-b-5 font-weight-b color-b-050 letter-spacing--1 fuente-corporativa\" style=\"text-align: center\"><span style=\"font-size: 24px;color: #008080\">23 minutos de son y color na gran Nueche de los Fueos de Bego\u00f1a<\/span><\/h1>\n<p style=\"text-align: center\"><a href=\"https:\/\/www.rtpa.es\/fotos\/\/25\/08\/20250815134417_RTPA6991681.webp\"><img loading=\"lazy\" decoding=\"async\" class=\"aligncenter size-large\" src=\"https:\/\/www.rtpa.es\/fotos\/\/25\/08\/20250815134417_RTPA6991681.webp\" width=\"853\" height=\"480\" \/><\/a><\/p>\n<ul>\n<li class=\"font-size-m padding-b-20 font-weight-b margin-t-16\"><span style=\"font-size: 16px\">La empresa Pirotecnia Zaragozana foi, per tercer a\u00f1u, la encargada de llanzar los fueos<\/span><\/li>\n<\/ul>\n<p>Decenes de miles de persones esfrutaron en Xix\u00f3n de la nueche de los fueos artificiales. Fici\u00e9ronlo cabo la playa de San Llorienzo y otros puntos de la ciud\u00e1.<\/p>\n<p>A les 00:00 empezaben 23 minutos de son, lluz y color pa los que fueron necesarios 1.600 quilos de p\u00f3lvora. La empresa Pirotecnia Zaragozana foi, per tercer a\u00f1u, la encargada de llanzar los fueos de la vi\u00e9spora del D\u00eda de Bego\u00f1a dende L&#8217;Atalaya.<\/p>\n<p>Unu de los acontecimientos m\u00e1s importantes del branu xixon\u00e9s, que tami\u00e9n pudieron siguir per TPA.<\/p>\n","protected":false},"excerpt":{"rendered":"<p>Conex\u00f3n Asturies va amosar los preparativos y los nervios de los xixoneses.\u00a0TPA va retresmitir esta nueche en directo l&#8217;espect\u00e1culu de lluz y color de los fueos artificiales de les fiestes de Bego\u00f1a 2025.<\/p>\n","protected":false},"author":117,"featured_media":0,"comment_status":"closed","ping_status":"open","sticky":false,"template":"","format":"standard","meta":{"footnotes":""},"categories":[59,183],"tags":[],"class_list":["post-55661","post","type-post","status-publish","format-standard","hentry","category-rtpa","category-xixon"],"_links":{"self":[{"href":"https:\/\/edublog.educastur.es\/ixuxu\/wp-json\/wp\/v2\/posts\/55661","targetHints":{"allow":["GET"]}}],"collection":[{"href":"https:\/\/edublog.educastur.es\/ixuxu\/wp-json\/wp\/v2\/posts"}],"about":[{"href":"https:\/\/edublog.educastur.es\/ixuxu\/wp-json\/wp\/v2\/types\/post"}],"author":[{"embeddable":true,"href":"https:\/\/edublog.educastur.es\/ixuxu\/wp-json\/wp\/v2\/users\/117"}],"replies":[{"embeddable":true,"href":"https:\/\/edublog.educastur.es\/ixuxu\/wp-json\/wp\/v2\/comments?post=55661"}],"version-history":[{"count":4,"href":"https:\/\/edublog.educastur.es\/ixuxu\/wp-json\/wp\/v2\/posts\/55661\/revisions"}],"predecessor-version":[{"id":55770,"href":"https:\/\/edublog.educastur.es\/ixuxu\/wp-json\/wp\/v2\/posts\/55661\/revisions\/55770"}],"wp:attachment":[{"href":"https:\/\/edublog.educastur.es\/ixuxu\/wp-json\/wp\/v2\/media?parent=55661"}],"wp:term":[{"taxonomy":"category","embeddable":true,"href":"https:\/\/edublog.educastur.es\/ixuxu\/wp-json\/wp\/v2\/categories?post=55661"},{"taxonomy":"post_tag","embeddable":true,"href":"https:\/\/edublog.educastur.es\/ixuxu\/wp-json\/wp\/v2\/tags?post=55661"}],"curies":[{"name":"wp","href":"https:\/\/api.w.org\/{rel}","templated":true}]}}