{"id":55688,"date":"2025-08-14T21:53:07","date_gmt":"2025-08-14T19:53:07","guid":{"rendered":"https:\/\/edublog.educastur.es\/ixuxu\/?p=55688"},"modified":"2025-08-14T21:54:52","modified_gmt":"2025-08-14T19:54:52","slug":"el-real-uvieu-femenin-tou-al-azul-una-midida-poques-vegaes-vista-nel-futbol-espanol","status":"publish","type":"post","link":"https:\/\/edublog.educastur.es\/ixuxu\/2025\/08\/el-real-uvieu-femenin-tou-al-azul-una-midida-poques-vegaes-vista-nel-futbol-espanol\/","title":{"rendered":"El Real Uvi\u00e9u femen\u00edn, tou al azul: una midida poques vegaes vista nel f\u00fatbol espa\u00f1ol"},"content":{"rendered":"<p style=\"text-align: center\">\u00a0Eva D\u00edez y Ana Buceta, nel Carlos Tartiere. <a href=\"https:\/\/www.lavozdeasturias.es\/noticia\/azulcarbayon\/2025\/08\/12\/real-oviedo-femenino-azul-medida-pocas-veces-vista-futbol-espanol\/00031755015530374899300.htm\">La Voz<\/a><\/p>\n<p style=\"text-align: center\"><a href=\"https:\/\/cflvdg.avoz.es\/sc\/m1pc5g8I19NI1b2LOQKtZ-8kSf0=\/768x\/2025\/08\/12\/00121755015511254742479\/Foto\/zuuuu.png\"><img loading=\"lazy\" decoding=\"async\" class=\"aligncenter size-large\" src=\"https:\/\/cflvdg.avoz.es\/sc\/m1pc5g8I19NI1b2LOQKtZ-8kSf0=\/768x\/2025\/08\/12\/00121755015511254742479\/Foto\/zuuuu.png\" width=\"768\" height=\"432\" \/><\/a><\/p>\n<p style=\"text-align: left\">El primer equipu del Real Uvi\u00e9u femen\u00edn va dexar tras el blancu de la so primera equipaci\u00f3n y va pasar a xugar con pantal\u00f3n azul para garantizar el bienestar de los sos futbolistes mientres la menstruaci\u00f3n.<\/p>\n<p><!--more--><\/p>\n<p style=\"text-align: left\">F\u00edzolo Nueva Zelanda nel postreru Mundial femen\u00edn y dalg\u00fan equipu del f\u00fatbol espa\u00f1ol como la Real Socied\u00e1 implementaron distintes mid\u00edes, pero naide Espa\u00f1a foi tan tayante como&#8217;l Real Uvi\u00e9u. El club azul anunci\u00f3 que&#8217;l primer equipu femen\u00edn va camudar el blancu del pantal\u00f3n de la primera equipaci\u00f3n pol azul. \u00bfEl motivu? Garantizar el bienestar de los sos futbolistes mientres la menstruaci\u00f3n.<\/p>\n<p>Con esti apueste la entid\u00e1 quixo tomar conciencia y concenciar sobre la incomodidad de competir nesos d\u00edes col mieu, la insegurid\u00e1 o la esmolici\u00f3n que la indumentaria blanca xenera nes xugadores\u00bb, esplic\u00f3&#8217;l mesmu Real Uvi\u00e9u nel comunic\u00e1u public\u00e1u este mesmu martes. L&#8217;equipu d&#8217;Andrea Su\u00e1rez, a \u00e9stes va xugar esta tarde un amistosu ante la Real Socied\u00e1 -forno de Lliga F- y va llucir la equipaci\u00f3n con camiseta y pantalones azules.<\/p>\n<p>Mar\u00eda Su\u00e1rez, directora xeneral del Real Uvi\u00e9u femen\u00edn y, am\u00e1s, miembru de la xunta directiva de la RFEF, asegura nel comunic\u00e1u del club carbay\u00f3n que \u00absabemos que&#8217;l blancu siempres va ser tami\u00e9n el nuesu color, pero nun nos quepe dulda tampoco de qu&#8217;apostando dafechu al azul vamos representar col mesmu desempe\u00f1u, arguyu, valor y garra a esta entid\u00e1\u00bb. \u00abEl club dio un pasu que, am\u00e1s de simb\u00f3licu, pretendi ser pr\u00e1cticu y col que se busca normalizar la menstruaci\u00f3n como parte natural de la vida de les sos xugadores, ensin estigmes nin restricciones. Nun quer\u00edamos a cencielles faer el camb\u00e9u p&#8217;ameyorar les condiciones de trabayu de les deportistes, sin\u00f3n que quer\u00edamos esplicalo y faer parte a l&#8217;afici\u00f3n\u00bb, concl\u00fai l&#8217;escritu.<\/p>\n<p>El Real Uvi\u00e9u, en xubiendo&#8217;l cursu pas\u00e1u, va competir esta temporada en Primer RFEF, segunda categor\u00eda del f\u00fatbol femenino espa\u00f1ol.<\/p>\n","protected":false},"excerpt":{"rendered":"<p>\u00a0Eva D\u00edez y Ana Buceta, nel Carlos Tartiere. La Voz El primer equipu del Real Uvi\u00e9u femen\u00edn va dexar tras el blancu de la so primera equipaci\u00f3n y va pasar a xugar con pantal\u00f3n azul para garantizar el bienestar de los sos futbolistes mientres la menstruaci\u00f3n.<\/p>\n","protected":false},"author":117,"featured_media":0,"comment_status":"closed","ping_status":"open","sticky":false,"template":"","format":"standard","meta":{"footnotes":""},"categories":[133,446],"tags":[],"class_list":["post-55688","post","type-post","status-publish","format-standard","hentry","category-deportes","category-real-uvieu"],"_links":{"self":[{"href":"https:\/\/edublog.educastur.es\/ixuxu\/wp-json\/wp\/v2\/posts\/55688","targetHints":{"allow":["GET"]}}],"collection":[{"href":"https:\/\/edublog.educastur.es\/ixuxu\/wp-json\/wp\/v2\/posts"}],"about":[{"href":"https:\/\/edublog.educastur.es\/ixuxu\/wp-json\/wp\/v2\/types\/post"}],"author":[{"embeddable":true,"href":"https:\/\/edublog.educastur.es\/ixuxu\/wp-json\/wp\/v2\/users\/117"}],"replies":[{"embeddable":true,"href":"https:\/\/edublog.educastur.es\/ixuxu\/wp-json\/wp\/v2\/comments?post=55688"}],"version-history":[{"count":1,"href":"https:\/\/edublog.educastur.es\/ixuxu\/wp-json\/wp\/v2\/posts\/55688\/revisions"}],"predecessor-version":[{"id":55689,"href":"https:\/\/edublog.educastur.es\/ixuxu\/wp-json\/wp\/v2\/posts\/55688\/revisions\/55689"}],"wp:attachment":[{"href":"https:\/\/edublog.educastur.es\/ixuxu\/wp-json\/wp\/v2\/media?parent=55688"}],"wp:term":[{"taxonomy":"category","embeddable":true,"href":"https:\/\/edublog.educastur.es\/ixuxu\/wp-json\/wp\/v2\/categories?post=55688"},{"taxonomy":"post_tag","embeddable":true,"href":"https:\/\/edublog.educastur.es\/ixuxu\/wp-json\/wp\/v2\/tags?post=55688"}],"curies":[{"name":"wp","href":"https:\/\/api.w.org\/{rel}","templated":true}]}}