{"id":55711,"date":"2025-08-13T12:00:08","date_gmt":"2025-08-13T10:00:08","guid":{"rendered":"https:\/\/edublog.educastur.es\/ixuxu\/?p=55711"},"modified":"2025-08-17T13:31:03","modified_gmt":"2025-08-17T11:31:03","slug":"tiren-basoria-dende-una-furgoneta-xunto-al-colexu","status":"publish","type":"post","link":"https:\/\/edublog.educastur.es\/ixuxu\/2025\/08\/tiren-basoria-dende-una-furgoneta-xunto-al-colexu\/","title":{"rendered":"Tiren basoria y chatarra dende una furgoneta xunto al Colexu"},"content":{"rendered":"<p style=\"text-align: center\"><a href=\"https:\/\/estaticos-cdn.prensaiberica.es\/clip\/8866f225-d0cc-4ad6-81da-48c82f6bea12_16-9-aspect-ratio_default_0.webp\"><img loading=\"lazy\" decoding=\"async\" class=\"aligncenter size-large\" src=\"https:\/\/estaticos-cdn.prensaiberica.es\/clip\/8866f225-d0cc-4ad6-81da-48c82f6bea12_16-9-aspect-ratio_default_0.webp\" width=\"880\" height=\"495\" \/><\/a><\/p>\n<p>Estos regalos ayenos y pocos did\u00e1cticos qu&#8217;empuerquen el barriu y enfeen los accesos a centros educativos&#8230; \ud83e\udd37\ud83c\udffb\u200d\u2640\ufe0f \u00bfQui\u00e9n fai cargu agora de retiralo? \u00bfVa inaugurase&#8217;l flamante institutu Margarita Sales con esta basura que nos dexarongratuitamente unos tipos d&#8217;una furgoneta? \ud83e\udd14 \u00bfqu\u00e9 ye, que nun saben que&#8217;l puntu de reciclaxe de COGERSA ta a un km? <a href=\"https:\/\/www.lne.es\/oviedo\/2025\/08\/16\/arrojan-chatarra-nuevo-instituto-corredoria-120668905.html\">LNE<\/a><\/p>\n<p><!--more--><\/p>\n<p style=\"text-align: center\">\n<!-- iframe plugin v.6.0 wordpress.org\/plugins\/iframe\/ -->\n<iframe loading=\"lazy\" src=\"https:\/\/www.facebook.com\/plugins\/post.php?href=https%3A%2F%2Fwww.facebook.com%2Fphoto.php%3Ffbid%3D10236249412070441%26set%3Da.4169099340745%26type%3D3&#038;show_text=false&#038;width=500\" width=\"500\" height=\"831\" style=\"border:none;overflow:hidden\" scrolling=\"no\" frameborder=\"0\" allowfullscreen=\"true\" allow=\"autoplay; clipboard-write; encrypted-media; picture-in-picture; web-share\" 0=\"\/iframe\" class=\"iframe-class\"><\/iframe>\n<\/p>\n<p>Esti mensaxe y les semeyes va dirix\u00edes a quien aplaudieron y xustificaron a los de la furgo&#8230; Este ye&#8217;l premiu ;-( Por favor, Conceyu d&#8217;Uvi\u00e9u f\u00e1iganse cargu d&#8217;esto. El d\u00eda 9 de setiembre, cuando empiecen les clases, el nuesu alumn\u00e1u d&#8217;Infantil nun puede pasar a 2 metros d&#8217;esta basoria.<\/p>\n","protected":false},"excerpt":{"rendered":"<p>Estos regalos ayenos y pocos did\u00e1cticos qu&#8217;empuerquen el barriu y enfeen los accesos a centros educativos&#8230; \ud83e\udd37\ud83c\udffb\u200d\u2640\ufe0f \u00bfQui\u00e9n fai cargu agora de retiralo? \u00bfVa inaugurase&#8217;l flamante institutu Margarita Sales con esta basura que nos dexarongratuitamente unos tipos d&#8217;una furgoneta? \ud83e\udd14 \u00bfqu\u00e9 ye, que nun saben que&#8217;l puntu de reciclaxe de COGERSA ta a un km? [&hellip;]<\/p>\n","protected":false},"author":117,"featured_media":0,"comment_status":"closed","ping_status":"open","sticky":false,"template":"","format":"standard","meta":{"footnotes":""},"categories":[205],"tags":[],"class_list":["post-55711","post","type-post","status-publish","format-standard","hentry","category-la-corredoria"],"_links":{"self":[{"href":"https:\/\/edublog.educastur.es\/ixuxu\/wp-json\/wp\/v2\/posts\/55711","targetHints":{"allow":["GET"]}}],"collection":[{"href":"https:\/\/edublog.educastur.es\/ixuxu\/wp-json\/wp\/v2\/posts"}],"about":[{"href":"https:\/\/edublog.educastur.es\/ixuxu\/wp-json\/wp\/v2\/types\/post"}],"author":[{"embeddable":true,"href":"https:\/\/edublog.educastur.es\/ixuxu\/wp-json\/wp\/v2\/users\/117"}],"replies":[{"embeddable":true,"href":"https:\/\/edublog.educastur.es\/ixuxu\/wp-json\/wp\/v2\/comments?post=55711"}],"version-history":[{"count":3,"href":"https:\/\/edublog.educastur.es\/ixuxu\/wp-json\/wp\/v2\/posts\/55711\/revisions"}],"predecessor-version":[{"id":55855,"href":"https:\/\/edublog.educastur.es\/ixuxu\/wp-json\/wp\/v2\/posts\/55711\/revisions\/55855"}],"wp:attachment":[{"href":"https:\/\/edublog.educastur.es\/ixuxu\/wp-json\/wp\/v2\/media?parent=55711"}],"wp:term":[{"taxonomy":"category","embeddable":true,"href":"https:\/\/edublog.educastur.es\/ixuxu\/wp-json\/wp\/v2\/categories?post=55711"},{"taxonomy":"post_tag","embeddable":true,"href":"https:\/\/edublog.educastur.es\/ixuxu\/wp-json\/wp\/v2\/tags?post=55711"}],"curies":[{"name":"wp","href":"https:\/\/api.w.org\/{rel}","templated":true}]}}