{"id":55720,"date":"2025-08-15T08:45:39","date_gmt":"2025-08-15T06:45:39","guid":{"rendered":"https:\/\/edublog.educastur.es\/ixuxu\/?p=55720"},"modified":"2025-08-16T21:55:43","modified_gmt":"2025-08-16T19:55:43","slug":"55720","status":"publish","type":"post","link":"https:\/\/edublog.educastur.es\/ixuxu\/2025\/08\/55720\/","title":{"rendered":"Tabla d&#8217;avisos vixente n&#8217;Asturies nesti momentu."},"content":{"rendered":"<p style=\"text-align: center\"><a href=\"https:\/\/pbs.twimg.com\/media\/GyZWJlvXYAspeIu?format=jpg&amp;name=medium\"><img loading=\"lazy\" decoding=\"async\" class=\"aligncenter size-large\" src=\"https:\/\/pbs.twimg.com\/media\/GyZWJlvXYAspeIu?format=jpg&amp;name=medium\" width=\"1080\" height=\"517\" \/><\/a><\/p>\n<div class=\"css-175oi2r r-18u37iz\">\n<div class=\"css-175oi2r r-18kxxzh r-1wron08 r-onrtq4 r-1awozwy\">\n<div class=\"css-175oi2r\" data-testid=\"Tweet-User-Avatar\">\n<div class=\"css-175oi2r r-18kxxzh r-1wbh5a2 r-13qz1uu\">\n<div class=\"css-175oi2r r-1wbh5a2 r-dnmrzs\">\n<div class=\"css-175oi2r r-bztko3 r-1adg3ll\" data-testid=\"UserAvatar-Container-AEMET_Asturias\">\n<div class=\"r-1p0dtai r-1pi2tsx r-1d2f490 r-u8s1d r-ipm5af r-13qz1uu\">\n<div class=\"css-175oi2r r-1adg3ll r-1pi2tsx r-13qz1uu r-45ll9u r-u8s1d r-1v2oles r-176fswd r-bztko3\">\n<div class=\"r-1adg3ll r-13qz1uu\"><\/div>\n<div class=\"r-1p0dtai r-1pi2tsx r-1d2f490 r-u8s1d r-ipm5af r-13qz1uu\">\n<div class=\"css-175oi2r r-sdzlij r-1udh08x r-5f1w11 r-u8s1d r-8jfcpp\">\n<div class=\"css-175oi2r r-sdzlij r-1udh08x r-633pao r-45ll9u r-u8s1d r-1v2oles r-176fswd\">\n<div class=\"css-175oi2r r-1pi2tsx r-13qz1uu\"><img loading=\"lazy\" decoding=\"async\" class=\"css-9pa8cd\" src=\"https:\/\/pbs.twimg.com\/profile_images\/1929872235453435904\/VMe5jjJl_bigger.jpg\" alt=\"\" width=\"29\" height=\"29\" \/> \u00a0<a href=\"https:\/\/x.com\/AEMET_Asturias\"><span class=\"css-1jxf684 r-dnmrzs r-1udh08x r-1udbk01 r-3s2u2q r-bcqeeo r-1ttztb7 r-qvutc0 r-poiln3\"><span class=\"css-1jxf684 r-bcqeeo r-1ttztb7 r-qvutc0 r-poiln3\">AEMET_Asturias<\/span><\/span>\/@AEMET_Asturias<\/a><\/div>\n<\/div>\n<\/div>\n<\/div>\n<\/div>\n<\/div>\n<\/div>\n<\/div>\n<\/div>\n<\/div>\n<\/div>\n<div class=\"css-175oi2r r-1iusvr4 r-16y2uox r-1777fci\">\n<div class=\"css-175oi2r r-zl2h9q\">\n<div class=\"css-175oi2r r-k4xj1c r-18u37iz r-1wtj0ep\">\n<div class=\"css-175oi2r r-1kkk96v\">\n<div class=\"css-175oi2r r-1awozwy r-18u37iz r-1cmwbt1 r-1wtj0ep\">\n<div class=\"css-175oi2r r-1awozwy r-6koalj r-18u37iz\">\n<div class=\"css-175oi2r\">\n<div class=\"css-175oi2r r-18u37iz r-1h0z5md\">\n<div class=\"css-146c3p1 r-bcqeeo r-1ttztb7 r-qvutc0 r-37j5jr r-a023e6 r-rjixqe r-16dba41 r-1awozwy r-6koalj r-1h0z5md r-o7ynqc r-clp7b1 r-3s2u2q\" dir=\"ltr\">\n<div class=\"css-175oi2r r-xoduu5\"><\/div>\n<\/div>\n<\/div>\n<\/div>\n<\/div>\n<\/div>\n<\/div>\n<\/div>\n<\/div>\n<\/div>\n<\/div>\n<div class=\"css-175oi2r\">\n<div class=\"css-175oi2r\">\n<div class=\"css-175oi2r r-1s2bzr4\">\n<div id=\"id__4za0hfjlm2\" class=\"css-146c3p1 r-bcqeeo r-1ttztb7 r-qvutc0 r-37j5jr r-1inkyih r-16dba41 r-bnwqim r-135wba7\" dir=\"auto\" lang=\"es\" data-testid=\"tweetText\"><span class=\"css-1jxf684 r-bcqeeo r-1ttztb7 r-qvutc0 r-poiln3\"><br \/>\nTabla d&#8217;avisos vixente n&#8217;Asturies nesti momentu. Avisos COLOR\u00c1U, naranxes y mariellu por temperatures m\u00e1ximes, g\u00fcei vienres 15 d&#8217;agostu. Avisos actualizaos na web d&#8217;AEMET: <\/span><a class=\"css-1jxf684 r-bcqeeo r-1ttztb7 r-qvutc0 r-poiln3 r-1loqt21\" dir=\"ltr\" role=\"link\" href=\"https:\/\/t.co\/DKI3lpF8WH\" target=\"_blank\" rel=\"noopener noreferrer nofollow\"><span class=\"css-1jxf684 r-bcqeeo r-1ttztb7 r-qvutc0 r-poiln3 r-qlhcfr r-qvk6io\" aria-hidden=\"true\">https:\/\/<\/span>aemet.es\/es\/eltiempo\/pr<span class=\"css-1jxf684 r-bcqeeo r-1ttztb7 r-qvutc0 r-poiln3 r-qlhcfr r-qvk6io\" aria-hidden=\"true\">ediccion\/avisos?k=ast<\/span><\/a><\/div>\n<\/div>\n<\/div>\n<\/div>\n","protected":false},"excerpt":{"rendered":"<p>\u00a0AEMET_Asturias\/@AEMET_Asturias Tabla d&#8217;avisos vixente n&#8217;Asturies nesti momentu. Avisos COLOR\u00c1U, naranxes y mariellu por temperatures m\u00e1ximes, g\u00fcei vienres 15 d&#8217;agostu. Avisos actualizaos na web d&#8217;AEMET: https:\/\/aemet.es\/es\/eltiempo\/prediccion\/avisos?k=ast<\/p>\n","protected":false},"author":117,"featured_media":0,"comment_status":"closed","ping_status":"open","sticky":false,"template":"","format":"standard","meta":{"footnotes":""},"categories":[5],"tags":[],"class_list":["post-55720","post","type-post","status-publish","format-standard","hentry","category-tiempu"],"_links":{"self":[{"href":"https:\/\/edublog.educastur.es\/ixuxu\/wp-json\/wp\/v2\/posts\/55720","targetHints":{"allow":["GET"]}}],"collection":[{"href":"https:\/\/edublog.educastur.es\/ixuxu\/wp-json\/wp\/v2\/posts"}],"about":[{"href":"https:\/\/edublog.educastur.es\/ixuxu\/wp-json\/wp\/v2\/types\/post"}],"author":[{"embeddable":true,"href":"https:\/\/edublog.educastur.es\/ixuxu\/wp-json\/wp\/v2\/users\/117"}],"replies":[{"embeddable":true,"href":"https:\/\/edublog.educastur.es\/ixuxu\/wp-json\/wp\/v2\/comments?post=55720"}],"version-history":[{"count":3,"href":"https:\/\/edublog.educastur.es\/ixuxu\/wp-json\/wp\/v2\/posts\/55720\/revisions"}],"predecessor-version":[{"id":55723,"href":"https:\/\/edublog.educastur.es\/ixuxu\/wp-json\/wp\/v2\/posts\/55720\/revisions\/55723"}],"wp:attachment":[{"href":"https:\/\/edublog.educastur.es\/ixuxu\/wp-json\/wp\/v2\/media?parent=55720"}],"wp:term":[{"taxonomy":"category","embeddable":true,"href":"https:\/\/edublog.educastur.es\/ixuxu\/wp-json\/wp\/v2\/categories?post=55720"},{"taxonomy":"post_tag","embeddable":true,"href":"https:\/\/edublog.educastur.es\/ixuxu\/wp-json\/wp\/v2\/tags?post=55720"}],"curies":[{"name":"wp","href":"https:\/\/api.w.org\/{rel}","templated":true}]}}