{"id":55735,"date":"2025-08-16T12:20:32","date_gmt":"2025-08-16T10:20:32","guid":{"rendered":"https:\/\/edublog.educastur.es\/ixuxu\/?p=55735"},"modified":"2025-08-17T14:56:29","modified_gmt":"2025-08-17T12:56:29","slug":"el-comercio-rinde-homenaje-a-xuan-bello-de-mano-de-iniciativa-pol-asturianu-en-la-fidma","status":"publish","type":"post","link":"https:\/\/edublog.educastur.es\/ixuxu\/2025\/08\/el-comercio-rinde-homenaje-a-xuan-bello-de-mano-de-iniciativa-pol-asturianu-en-la-fidma\/","title":{"rendered":"El Comercio rinde homenaje a Xuan Bello de mano de Iniciativa pol Asturianu en la Fidma"},"content":{"rendered":"<p class=\"v-a-t\">EL COMERCIO rinde homenaje a Xuan Bello de mano de Iniciativa pol Asturianu en la Fidma. <a href=\"https:\/\/www.elcomercio.es\/culturas\/libros\/comercio-rinde-homenaje-xuan-bello-mano-iniciativa-20250815234037-nt.html\">El Comercio.\u00a0 <\/a>El pabell\u00f3n de este peri\u00f3dico en el recinto ferial Luis Adaro acoger\u00e1 a las 13 horas una <strong>lectura colectiva de &#8216;Historia universal de Paniceiros&#8217;.<\/strong><\/p>\n<p style=\"text-align: center\"><a href=\"https:\/\/s1.ppllstatics.com\/elcomercio\/www\/multimedia\/2025\/08\/16\/homenaje-el-comercio-xuan-bello-RDO3ad13MNIDjyjcqsNwpvM-1200x840@El%20Comercio.jpg\"><img loading=\"lazy\" decoding=\"async\" class=\"aligncenter size-large\" src=\"https:\/\/s1.ppllstatics.com\/elcomercio\/www\/multimedia\/2025\/08\/16\/homenaje-el-comercio-xuan-bello-RDO3ad13MNIDjyjcqsNwpvM-1200x840@El%20Comercio.jpg\" width=\"1200\" height=\"840\" \/><\/a><\/p>\n<p style=\"text-align: center\">Semeya: Mario Rojas<\/p>\n<p><!--more--><\/p>\n<p style=\"text-align: center\"><a href=\"https:\/\/s2.ppllstatics.com\/elcomercio\/www\/multimedia\/2025\/08\/15\/Xuan-RIhNaJd56jYhPn7UlEWdImJ-1200x840@El%20Comercio.jpg\"><img loading=\"lazy\" decoding=\"async\" class=\"aligncenter size-large\" src=\"https:\/\/s2.ppllstatics.com\/elcomercio\/www\/multimedia\/2025\/08\/15\/Xuan-RIhNaJd56jYhPn7UlEWdImJ-1200x840@El%20Comercio.jpg\" width=\"1200\" height=\"840\" \/><\/a><\/p>\n<p>&nbsp;<\/p>\n","protected":false},"excerpt":{"rendered":"<p>EL COMERCIO rinde homenaje a Xuan Bello de mano de Iniciativa pol Asturianu en la Fidma. El Comercio.\u00a0 El pabell\u00f3n de este peri\u00f3dico en el recinto ferial Luis Adaro acoger\u00e1 a las 13 horas una lectura colectiva de &#8216;Historia universal de Paniceiros&#8217;. Semeya: Mario Rojas<\/p>\n","protected":false},"author":117,"featured_media":0,"comment_status":"closed","ping_status":"open","sticky":false,"template":"","format":"standard","meta":{"footnotes":""},"categories":[215],"tags":[],"class_list":["post-55735","post","type-post","status-publish","format-standard","hentry","category-homenaxe"],"_links":{"self":[{"href":"https:\/\/edublog.educastur.es\/ixuxu\/wp-json\/wp\/v2\/posts\/55735","targetHints":{"allow":["GET"]}}],"collection":[{"href":"https:\/\/edublog.educastur.es\/ixuxu\/wp-json\/wp\/v2\/posts"}],"about":[{"href":"https:\/\/edublog.educastur.es\/ixuxu\/wp-json\/wp\/v2\/types\/post"}],"author":[{"embeddable":true,"href":"https:\/\/edublog.educastur.es\/ixuxu\/wp-json\/wp\/v2\/users\/117"}],"replies":[{"embeddable":true,"href":"https:\/\/edublog.educastur.es\/ixuxu\/wp-json\/wp\/v2\/comments?post=55735"}],"version-history":[{"count":5,"href":"https:\/\/edublog.educastur.es\/ixuxu\/wp-json\/wp\/v2\/posts\/55735\/revisions"}],"predecessor-version":[{"id":55881,"href":"https:\/\/edublog.educastur.es\/ixuxu\/wp-json\/wp\/v2\/posts\/55735\/revisions\/55881"}],"wp:attachment":[{"href":"https:\/\/edublog.educastur.es\/ixuxu\/wp-json\/wp\/v2\/media?parent=55735"}],"wp:term":[{"taxonomy":"category","embeddable":true,"href":"https:\/\/edublog.educastur.es\/ixuxu\/wp-json\/wp\/v2\/categories?post=55735"},{"taxonomy":"post_tag","embeddable":true,"href":"https:\/\/edublog.educastur.es\/ixuxu\/wp-json\/wp\/v2\/tags?post=55735"}],"curies":[{"name":"wp","href":"https:\/\/api.w.org\/{rel}","templated":true}]}}