{"id":55738,"date":"2025-08-16T08:30:04","date_gmt":"2025-08-16T06:30:04","guid":{"rendered":"https:\/\/edublog.educastur.es\/ixuxu\/?p=55738"},"modified":"2025-08-17T12:10:35","modified_gmt":"2025-08-17T10:10:35","slug":"el-tiempu-el-comercio-117","status":"publish","type":"post","link":"https:\/\/edublog.educastur.es\/ixuxu\/2025\/08\/el-tiempu-el-comercio-117\/","title":{"rendered":"El tiempu (El Comercio)"},"content":{"rendered":"<p style=\"text-align: center\"><a href=\"https:\/\/s1.ppllstatics.com\/elcomercio\/www\/multimedia\/2025\/08\/15\/prevision-tiempo-asturias-kaGD-U2302588077118HVD-1200x840@El%20Comercio.jpg\"><img loading=\"lazy\" decoding=\"async\" class=\"aligncenter size-large\" src=\"https:\/\/s1.ppllstatics.com\/elcomercio\/www\/multimedia\/2025\/08\/15\/prevision-tiempo-asturias-kaGD-U2302588077118HVD-1200x840@El%20Comercio.jpg\" width=\"1200\" height=\"833\" \/><\/a><\/p>\n<p><strong>El s\u00e1badu<\/strong> volvemos a la normalid\u00e1 con un descensu t\u00e9rmicu de m\u00e1s de 10 \u00baC. Con \u00e9ses va ser un d\u00eda templ\u00e1u pero que nada va tener que ver cola intensa y estrema xornada del vienres na que l&#8217;Axencia Estatal de Meteorolox\u00eda acab\u00f3 activando l&#8217;avisu color\u00e1u na zona central del Princip\u00e1u cuando, nun primer momentu, ten\u00eda previstu activar nam\u00e1 l&#8217;avisu naranxa. En cuanto al est\u00e1u de los cielos, prevese nubosidad na mari\u00f1a y sol nel interior. Tiempu estable tami\u00e9n para&#8217;l domingu con unes temperatures bien similares a les del s\u00e1badu.<\/p>\n","protected":false},"excerpt":{"rendered":"<p>El s\u00e1badu volvemos a la normalid\u00e1 con un descensu t\u00e9rmicu de m\u00e1s de 10 \u00baC. Con \u00e9ses va ser un d\u00eda templ\u00e1u pero que nada va tener que ver cola intensa y estrema xornada del vienres na que l&#8217;Axencia Estatal de Meteorolox\u00eda acab\u00f3 activando l&#8217;avisu color\u00e1u na zona central del Princip\u00e1u cuando, nun primer momentu, [&hellip;]<\/p>\n","protected":false},"author":117,"featured_media":0,"comment_status":"closed","ping_status":"open","sticky":false,"template":"","format":"standard","meta":{"footnotes":""},"categories":[5],"tags":[],"class_list":["post-55738","post","type-post","status-publish","format-standard","hentry","category-tiempu"],"_links":{"self":[{"href":"https:\/\/edublog.educastur.es\/ixuxu\/wp-json\/wp\/v2\/posts\/55738","targetHints":{"allow":["GET"]}}],"collection":[{"href":"https:\/\/edublog.educastur.es\/ixuxu\/wp-json\/wp\/v2\/posts"}],"about":[{"href":"https:\/\/edublog.educastur.es\/ixuxu\/wp-json\/wp\/v2\/types\/post"}],"author":[{"embeddable":true,"href":"https:\/\/edublog.educastur.es\/ixuxu\/wp-json\/wp\/v2\/users\/117"}],"replies":[{"embeddable":true,"href":"https:\/\/edublog.educastur.es\/ixuxu\/wp-json\/wp\/v2\/comments?post=55738"}],"version-history":[{"count":2,"href":"https:\/\/edublog.educastur.es\/ixuxu\/wp-json\/wp\/v2\/posts\/55738\/revisions"}],"predecessor-version":[{"id":55821,"href":"https:\/\/edublog.educastur.es\/ixuxu\/wp-json\/wp\/v2\/posts\/55738\/revisions\/55821"}],"wp:attachment":[{"href":"https:\/\/edublog.educastur.es\/ixuxu\/wp-json\/wp\/v2\/media?parent=55738"}],"wp:term":[{"taxonomy":"category","embeddable":true,"href":"https:\/\/edublog.educastur.es\/ixuxu\/wp-json\/wp\/v2\/categories?post=55738"},{"taxonomy":"post_tag","embeddable":true,"href":"https:\/\/edublog.educastur.es\/ixuxu\/wp-json\/wp\/v2\/tags?post=55738"}],"curies":[{"name":"wp","href":"https:\/\/api.w.org\/{rel}","templated":true}]}}