{"id":55741,"date":"2025-08-15T23:50:59","date_gmt":"2025-08-15T21:50:59","guid":{"rendered":"https:\/\/edublog.educastur.es\/ixuxu\/?p=55741"},"modified":"2025-08-16T21:30:29","modified_gmt":"2025-08-16T19:30:29","slug":"el-vienres-rexistrose-la-temperatura-mas-alto-nel-principau-desque-se-tienen-datos","status":"publish","type":"post","link":"https:\/\/edublog.educastur.es\/ixuxu\/2025\/08\/el-vienres-rexistrose-la-temperatura-mas-alto-nel-principau-desque-se-tienen-datos\/","title":{"rendered":"El vienres rexistr\u00f3se la temperatura m\u00e1s alto nel Princip\u00e1u desque se tienen datos."},"content":{"rendered":"<p><strong>El vienre<\/strong>s foi t\u00e9rmicamente un d\u00eda hist\u00f3ricu n&#8217;Asturies. <strong>Rexistr\u00f3se la temperatura m\u00e1s alto nel Princip\u00e1u desque se tienen datos.<\/strong> Concretamente, 42,9 \u00baC en Bai\u00f1a (Mieres) a les 16:20 hores de la tarde. Queda pulveriz\u00e1u, poro, el r\u00e9cord anot\u00e1u en xunetu de 2022. Ello ye que la estaci\u00f3n meteorol\u00f3xica instalada nel conceyu de Mieres foi la sesta estaci\u00f3n col datu t\u00e9rmicu m\u00e1s altu de toa Espa\u00f1a con datos bien pareyos a les cifres d&#8217;estaciones alcontraes en C\u00f3rdoba y Sevilla, daqu\u00e9 por completu inusual. Tami\u00e9n destacaron los 41,2 \u00baC anotaos a les 15:50 hores n&#8217;Uvi\u00e9u, batiendo tami\u00e9n el so propiu r\u00e9cord n&#8217;anotando 2 \u00baC m\u00e1s que la m\u00e1xima rexistrada va tr\u00e9s a\u00f1os. Superaron tami\u00e9n la calorosa barrera de los 40 \u00baC tanto la estaci\u00f3n meteorol\u00f3xica allugaes n&#8217;Amieva como la de Pilo\u00f1a.<\/p>\n<p style=\"text-align: center\">\n<!-- iframe plugin v.6.0 wordpress.org\/plugins\/iframe\/ -->\n<iframe loading=\"lazy\" src=\"https:\/\/www.facebook.com\/plugins\/post.php?href=https%3A%2F%2Fwww.facebook.com%2Feltiempodejavimo%2Fposts%2Fpfbid0St412g632ECczeEYHVoP7GLbmzYUZZCqZr4Q5gPvs2rtJv53y1ZBeTtaG6cG4jJ7l&#038;show_text=false&#038;width=500\" width=\"500\" height=\"289\" style=\"border:none;overflow:hidden\" scrolling=\"no\" frameborder=\"0\" allowfullscreen=\"true\" allow=\"autoplay; clipboard-write; encrypted-media; picture-in-picture; web-share\" 0=\"\/iframe\" class=\"iframe-class\"><\/iframe>\n<\/p>\n<p>&nbsp;<\/p>\n","protected":false},"excerpt":{"rendered":"<p>El vienres foi t\u00e9rmicamente un d\u00eda hist\u00f3ricu n&#8217;Asturies. Rexistr\u00f3se la temperatura m\u00e1s alto nel Princip\u00e1u desque se tienen datos. Concretamente, 42,9 \u00baC en Bai\u00f1a (Mieres) a les 16:20 hores de la tarde. Queda pulveriz\u00e1u, poro, el r\u00e9cord anot\u00e1u en xunetu de 2022. Ello ye que la estaci\u00f3n meteorol\u00f3xica instalada nel conceyu de Mieres foi la [&hellip;]<\/p>\n","protected":false},"author":117,"featured_media":0,"comment_status":"closed","ping_status":"open","sticky":false,"template":"","format":"standard","meta":{"footnotes":""},"categories":[5],"tags":[],"class_list":["post-55741","post","type-post","status-publish","format-standard","hentry","category-tiempu"],"_links":{"self":[{"href":"https:\/\/edublog.educastur.es\/ixuxu\/wp-json\/wp\/v2\/posts\/55741","targetHints":{"allow":["GET"]}}],"collection":[{"href":"https:\/\/edublog.educastur.es\/ixuxu\/wp-json\/wp\/v2\/posts"}],"about":[{"href":"https:\/\/edublog.educastur.es\/ixuxu\/wp-json\/wp\/v2\/types\/post"}],"author":[{"embeddable":true,"href":"https:\/\/edublog.educastur.es\/ixuxu\/wp-json\/wp\/v2\/users\/117"}],"replies":[{"embeddable":true,"href":"https:\/\/edublog.educastur.es\/ixuxu\/wp-json\/wp\/v2\/comments?post=55741"}],"version-history":[{"count":1,"href":"https:\/\/edublog.educastur.es\/ixuxu\/wp-json\/wp\/v2\/posts\/55741\/revisions"}],"predecessor-version":[{"id":55742,"href":"https:\/\/edublog.educastur.es\/ixuxu\/wp-json\/wp\/v2\/posts\/55741\/revisions\/55742"}],"wp:attachment":[{"href":"https:\/\/edublog.educastur.es\/ixuxu\/wp-json\/wp\/v2\/media?parent=55741"}],"wp:term":[{"taxonomy":"category","embeddable":true,"href":"https:\/\/edublog.educastur.es\/ixuxu\/wp-json\/wp\/v2\/categories?post=55741"},{"taxonomy":"post_tag","embeddable":true,"href":"https:\/\/edublog.educastur.es\/ixuxu\/wp-json\/wp\/v2\/tags?post=55741"}],"curies":[{"name":"wp","href":"https:\/\/api.w.org\/{rel}","templated":true}]}}