{"id":55760,"date":"2025-08-16T19:00:45","date_gmt":"2025-08-16T17:00:45","guid":{"rendered":"https:\/\/edublog.educastur.es\/ixuxu\/?p=55760"},"modified":"2025-08-17T14:39:58","modified_gmt":"2025-08-17T12:39:58","slug":"el-fueu-nos-montes-asturianos","status":"publish","type":"post","link":"https:\/\/edublog.educastur.es\/ixuxu\/2025\/08\/el-fueu-nos-montes-asturianos\/","title":{"rendered":"El fueu pasa  dende&#8217;l Conceyu Casu a Ponga"},"content":{"rendered":"<p>Ponga tampoco se llibra de les quemes: esto asocedi\u00f3 anueche en Taranes. El fueu caltiense activu a pesar de l&#8217;agua de primera hora de la ma\u00f1ana.<\/p>\n<p style=\"text-align: center\"><a href=\"https:\/\/www.elfielato.es\/media\/elfielato\/images\/2025\/08\/17\/2025081710203664403.jpg\"><img loading=\"lazy\" decoding=\"async\" class=\"aligncenter size-large\" src=\"https:\/\/www.elfielato.es\/media\/elfielato\/images\/2025\/08\/17\/2025081710203664403.jpg\" width=\"500\" height=\"667\" \/><\/a><\/p>\n<p>Pues al final, aquel fumu de va dos d\u00edes pela tarde que ve\u00edamos dende&#8217;l pueblu <span class=\"html-span xexx8yu xyri2b x18d9i69 x1c1uobl x1hl2dhg x16tdsg8 x1vvkbs x3nfvp2 x1j61x8r x1fcty0u xdj266r xat24cr xm2jcoa x1mpyi22 xxymvpz xlup9mm x1kky2od\"><img loading=\"lazy\" decoding=\"async\" class=\"xz74otr x15mokao x1ga7v0g x16uus16 xbiv7yw\" src=\"https:\/\/static.xx.fbcdn.net\/images\/emoji.php\/v9\/t50\/1\/16\/1f525.png\" alt=\"\ud83d\udd25\" width=\"16\" height=\"16\" \/><\/span> pasaren les llames dende&#8217;l Conceyu Casu a Ponga <span class=\"html-span xexx8yu xyri2b x18d9i69 x1c1uobl x1hl2dhg x16tdsg8 x1vvkbs x3nfvp2 x1j61x8r x1fcty0u xdj266r xat24cr xm2jcoa x1mpyi22 xxymvpz xlup9mm x1kky2od\"><img loading=\"lazy\" decoding=\"async\" class=\"xz74otr x15mokao x1ga7v0g x16uus16 xbiv7yw\" src=\"https:\/\/static.xx.fbcdn.net\/images\/emoji.php\/v9\/t91\/1\/16\/1f625.png\" alt=\"\ud83d\ude25\" width=\"16\" height=\"16\" \/><\/span> al pie del Tiatordos <span class=\"html-span xexx8yu xyri2b x18d9i69 x1c1uobl x1hl2dhg x16tdsg8 x1vvkbs x3nfvp2 x1j61x8r x1fcty0u xdj266r xat24cr xm2jcoa x1mpyi22 xxymvpz xlup9mm x1kky2od\"><img loading=\"lazy\" decoding=\"async\" class=\"xz74otr x15mokao x1ga7v0g x16uus16 xbiv7yw\" src=\"https:\/\/static.xx.fbcdn.net\/images\/emoji.php\/v9\/tf7\/1\/16\/26f0.png\" alt=\"\u26f0\ufe0f\" width=\"16\" height=\"16\" \/><\/span>. Ta quemando Asturies per varios frentes&#8230;<a href=\"https:\/\/www.elfielato.es\/articulo\/ponga\/incendio-ponga-anoche-taranes\/20250817102101083476.html\"> El Fielato<\/a> \/<\/p>\n<p><!--more--><\/p>\n<p>Seg\u00fan cuntaba aL FIELATU un vec\u00edn de Taranes, el fueu, qu&#8217;enagora ta a unos 400 metros del pueblu, sigue activu escontra la pe\u00f1a La Llambria. \u00abLo grave ta enriba nel puertu, que debi\u00f3 quemar enteru\u00bb, narraba esti vec\u00edn, \u00abhab\u00eda barganal de 300 vaques, el pastores xubieron agora a ver lo qu&#8217;atopen\u00bb.<\/p>\n<p style=\"text-align: center\"><span class=\"x193iq5w xeuugli x13faqbe x1vvkbs xt0psk2 x1i0vuye xvs91rp xo1l8bm x5n08af x10wh9bi xpm28yp x8viiok x1o7cslx x126k92a\"><span class=\"html-span xexx8yu x4uap5 x18d9i69 xkhd6sd x1hl2dhg x16tdsg8 x1vvkbs x3nfvp2 x1j61x8r x1fcty0u xdj266r xat24cr xgzva0m xhhsvwb xxymvpz xlup9mm x1kky2od\">\n<!-- iframe plugin v.6.0 wordpress.org\/plugins\/iframe\/ -->\n<iframe loading=\"lazy\" src=\"https:\/\/www.instagram.com\/reel\/DNYIfYHsID6\/embed\" width=\"640\" height=\"475\" 0=\"\/iframe\" scrolling=\"yes\" class=\"iframe-class\" frameborder=\"0\"><\/iframe>\n<\/span><\/span><\/p>\n<p>&nbsp;<\/p>\n<p>Nueche tirante para los vecinos de Taranes, nel conceyu de Ponga, \u00e9nte la presencia de fueu na redoma del pueblu. Y ye que la quema declarada a primeros de selmana nel conceyu de La U\u00f1a, nel monte oriental lleonesa, y\u00e1 algam\u00f3 territoriu asturianu y avanza nesta ma\u00f1ana.<\/p>\n<p style=\"text-align: center\">\n<!-- iframe plugin v.6.0 wordpress.org\/plugins\/iframe\/ -->\n<iframe loading=\"lazy\" src=\"https:\/\/www.facebook.com\/plugins\/post.php?href=https%3A%2F%2Fwww.facebook.com%2Fphoto.php%3Ffbid%3D25201251256142388%26set%3Da.659937237367131%26type%3D3&#038;show_text=false&#038;width=500\" width=\"500\" height=\"645\" style=\"border:none;overflow:hidden\" scrolling=\"no\" frameborder=\"0\" allowfullscreen=\"true\" allow=\"autoplay; clipboard-write; encrypted-media; picture-in-picture; web-share\" 0=\"\/iframe\" class=\"iframe-class\"><\/iframe>\n<\/p>\n<p style=\"text-align: center\"><a href=\"https:\/\/lh3.googleusercontent.com\/gps-cs-s\/AC9h4npkqghfDH0jqzq7_J9D-wQZBYaHKu1ZKiKa5fiHaK_s125OlNXxzv_TaWyfNNJ20sIST85YQT9WuAsDMV5mx-lTZj4GLX8owD3SIvGhOif8DuBL2r9gI7lUKAOHFzw2BqpOOSdRNA=s1360-w1360-h1020-rw\"><img loading=\"lazy\" decoding=\"async\" class=\"aligncenter size-large\" src=\"https:\/\/lh3.googleusercontent.com\/gps-cs-s\/AC9h4npkqghfDH0jqzq7_J9D-wQZBYaHKu1ZKiKa5fiHaK_s125OlNXxzv_TaWyfNNJ20sIST85YQT9WuAsDMV5mx-lTZj4GLX8owD3SIvGhOif8DuBL2r9gI7lUKAOHFzw2BqpOOSdRNA=s1360-w1360-h1020-rw\" width=\"765\" height=\"1020\" \/><\/a><\/p>\n<p style=\"text-align: center\">\n<!-- iframe plugin v.6.0 wordpress.org\/plugins\/iframe\/ -->\n<iframe loading=\"lazy\" src=\"https:\/\/www.facebook.com\/plugins\/post.php?href=https%3A%2F%2Fwww.facebook.com%2Fphoto.php%3Ffbid%3D10236266275332012%26set%3Da.4224429083954%26type%3D3&#038;show_text=true&#038;width=500\" width=\"500\" height=\"664\" style=\"border:none;overflow:hidden\" scrolling=\"no\" frameborder=\"0\" allowfullscreen=\"true\" allow=\"autoplay; clipboard-write; encrypted-media; picture-in-picture; web-share\" 0=\"\/iframe\" class=\"iframe-class\"><\/iframe>\n<\/p>\n<ul>\n<li><a href=\"https:\/\/www.turismoasturias.es\/es\/descubre\/naturaleza\/rutas\/senderismo\/ruta-foz-de-la-escalada-tiatordos\">Ruta La Foz Escalada al Tiatordos<\/a> \/<\/li>\n<\/ul>\n","protected":false},"excerpt":{"rendered":"<p>Ponga tampoco se llibra de les quemes: esto asocedi\u00f3 anueche en Taranes. El fueu caltiense activu a pesar de l&#8217;agua de primera hora de la ma\u00f1ana. Pues al final, aquel fumu de va dos d\u00edes pela tarde que ve\u00edamos dende&#8217;l pueblu pasaren les llames dende&#8217;l Conceyu Casu a Ponga al pie del Tiatordos . Ta [&hellip;]<\/p>\n","protected":false},"author":117,"featured_media":0,"comment_status":"closed","ping_status":"open","sticky":false,"template":"","format":"standard","meta":{"footnotes":""},"categories":[287,233],"tags":[],"class_list":["post-55760","post","type-post","status-publish","format-standard","hentry","category-incendios","category-ponga"],"_links":{"self":[{"href":"https:\/\/edublog.educastur.es\/ixuxu\/wp-json\/wp\/v2\/posts\/55760","targetHints":{"allow":["GET"]}}],"collection":[{"href":"https:\/\/edublog.educastur.es\/ixuxu\/wp-json\/wp\/v2\/posts"}],"about":[{"href":"https:\/\/edublog.educastur.es\/ixuxu\/wp-json\/wp\/v2\/types\/post"}],"author":[{"embeddable":true,"href":"https:\/\/edublog.educastur.es\/ixuxu\/wp-json\/wp\/v2\/users\/117"}],"replies":[{"embeddable":true,"href":"https:\/\/edublog.educastur.es\/ixuxu\/wp-json\/wp\/v2\/comments?post=55760"}],"version-history":[{"count":9,"href":"https:\/\/edublog.educastur.es\/ixuxu\/wp-json\/wp\/v2\/posts\/55760\/revisions"}],"predecessor-version":[{"id":55809,"href":"https:\/\/edublog.educastur.es\/ixuxu\/wp-json\/wp\/v2\/posts\/55760\/revisions\/55809"}],"wp:attachment":[{"href":"https:\/\/edublog.educastur.es\/ixuxu\/wp-json\/wp\/v2\/media?parent=55760"}],"wp:term":[{"taxonomy":"category","embeddable":true,"href":"https:\/\/edublog.educastur.es\/ixuxu\/wp-json\/wp\/v2\/categories?post=55760"},{"taxonomy":"post_tag","embeddable":true,"href":"https:\/\/edublog.educastur.es\/ixuxu\/wp-json\/wp\/v2\/tags?post=55760"}],"curies":[{"name":"wp","href":"https:\/\/api.w.org\/{rel}","templated":true}]}}