{"id":55789,"date":"2025-08-16T22:00:59","date_gmt":"2025-08-16T20:00:59","guid":{"rendered":"https:\/\/edublog.educastur.es\/ixuxu\/?p=55789"},"modified":"2025-08-17T12:23:50","modified_gmt":"2025-08-17T10:23:50","slug":"los-satelites-de-la-nasa-amuesen-el-fumu-cubriendo-asturies","status":"publish","type":"post","link":"https:\/\/edublog.educastur.es\/ixuxu\/2025\/08\/los-satelites-de-la-nasa-amuesen-el-fumu-cubriendo-asturies\/","title":{"rendered":"Los sat\u00e9lites de la NASA amuesen el fumu cubriendo Asturies."},"content":{"rendered":"<p>El d\u00eda qu&#8217;anoch\u00f3 pela tarde: los sat\u00e9lites de la NASA amuesen el fumu cubriendo Asturies. Les quemes desamarraes nel sur de la rex\u00f3n t\u00e1n cubriendo col so fumu&#8217;l centru de la rex\u00f3n, onde en dellos llugares \u00abllueve ceniza\u00bb. <a href=\"https:\/\/www.lne.es\/asturias\/2025\/08\/16\/dia-anochecio-tarde-satelites-nasa-120688503.html?utm_content=imagen&amp;utm_medium=social&amp;utm_campaign=echobox&amp;utm_source=Facebook&amp;fbclid=IwY2xjawMNyf9leHRuA2FlbQIxMABicmlkETFEVHNlSlNkTGs3aTFzTnl4AR5bMLjRZT2QRYOVOgbOxQ9kt5BXYDJmvipcmD0amEOVMHHSFWD5jNp1SdKKog_aem_qzOq_YbUK_IdLc6XeJdjnw#Echobox=1755374749\">LNE<\/a><\/p>\n<p style=\"text-align: center\"><a href=\"https:\/\/estaticos-cdn.prensaiberica.es\/clip\/83cc001a-543b-4832-ae2b-6407fb10f651_16-9-discover-aspect-ratio_default_0.jpg\"><img loading=\"lazy\" decoding=\"async\" class=\"aligncenter size-large\" src=\"https:\/\/estaticos-cdn.prensaiberica.es\/clip\/83cc001a-543b-4832-ae2b-6407fb10f651_16-9-discover-aspect-ratio_default_0.jpg\" width=\"1200\" height=\"675\" \/><\/a><\/p>\n<p>Les quemes que se t\u00e1n produciendo al sur de la rex\u00f3n, tantu nel Oriente como nel Suroccidente, cubrieron el cielu d&#8217;Asturies. Esti s\u00e1badu&#8217;l cielu escureci\u00f3se y los vientos de componente sur que ta complicando los llabores d&#8217;estinci\u00f3n abasnaron los restos de les quemes sobremanera&#8217;l centru de la rex\u00f3n, como puede reparase nes imaxes tomaes polos sat\u00e9lites de la NASA. En delles zones m\u00e1s pr\u00f3ximes a los fueos \u00abllov\u00eda ceniza\u00bb.<\/p>\n<p><!--more--><\/p>\n<p style=\"text-align: center\"><span class=\"x193iq5w xeuugli x13faqbe x1vvkbs xt0psk2 x1i0vuye xvs91rp xo1l8bm x5n08af x10wh9bi xpm28yp x8viiok x1o7cslx x126k92a\"><span class=\"html-span xexx8yu x4uap5 x18d9i69 xkhd6sd x1hl2dhg x16tdsg8 x1vvkbs x3nfvp2 x1j61x8r x1fcty0u xdj266r xat24cr xgzva0m xhhsvwb xxymvpz xlup9mm x1kky2od\">\n<!-- iframe plugin v.6.0 wordpress.org\/plugins\/iframe\/ -->\n<iframe loading=\"lazy\" src=\"https:\/\/www.instagram.com\/reel\/DNbgoRWMFPT\/embed\" width=\"500\" height=\"525\" 0=\"\/iframe\" scrolling=\"yes\" class=\"iframe-class\" frameborder=\"0\"><\/iframe>\n<\/span><\/span><\/p>\n<p style=\"text-align: center\">Imaxe captada por un sat\u00e9lite qu&#8217;amuesa l&#8217;horror de les quemes.<\/p>\n<p>&nbsp;<\/p>\n<p style=\"text-align: center\"><a href=\"https:\/\/estaticos-cdn.prensaiberica.es\/clip\/0c4ebbcd-9572-4b7b-8dd4-8005dc08b1d3_source-aspect-ratio_default_0.webp\"><img loading=\"lazy\" decoding=\"async\" class=\"aligncenter size-large\" src=\"https:\/\/estaticos-cdn.prensaiberica.es\/clip\/0c4ebbcd-9572-4b7b-8dd4-8005dc08b1d3_source-aspect-ratio_default_0.webp\" width=\"1600\" height=\"900\" \/><\/a><\/p>\n<p>A media tarde d&#8217;esti s\u00e1badu, 14 quemes forestales t\u00e1n afarando&#8217;l monte asturianu: seis activos (Cangas, Somiedu, Casu, Ponga, Cabrales, Pilo\u00f1a), siete que t\u00e1n controlaos (dos en Cangas del Narca, dos en Coa\u00f1a, unu en Castril\u00f3n, unu n&#8217;Ayande y otru en Cangues d&#8217;On\u00eds), y unu estabiliz\u00e1u (Vilanova d&#8217;Ozcos).<\/p>\n<p style=\"text-align: center\">\n<!-- iframe plugin v.6.0 wordpress.org\/plugins\/iframe\/ -->\n<iframe loading=\"lazy\" src=\"https:\/\/www.facebook.com\/plugins\/video.php?height=314&#038;href=https%3A%2F%2Fwww.facebook.com%2FRTVENoticias%2Fvideos%2F787836373593341%2F&#038;show_text=false&#038;width=560&#038;t=0\" width=\"560\" height=\"314\" style=\"border:none;overflow:hidden\" scrolling=\"no\" frameborder=\"0\" allowfullscreen=\"true\" allow=\"autoplay; clipboard-write; encrypted-media; picture-in-picture; web-share\" 0=\"\/iframe\" class=\"iframe-class\"><\/iframe>\n<\/p>\n","protected":false},"excerpt":{"rendered":"<p>El d\u00eda qu&#8217;anoch\u00f3 pela tarde: los sat\u00e9lites de la NASA amuesen el fumu cubriendo Asturies. Les quemes desamarraes nel sur de la rex\u00f3n t\u00e1n cubriendo col so fumu&#8217;l centru de la rex\u00f3n, onde en dellos llugares \u00abllueve ceniza\u00bb. LNE Les quemes que se t\u00e1n produciendo al sur de la rex\u00f3n, tantu nel Oriente como nel [&hellip;]<\/p>\n","protected":false},"author":117,"featured_media":0,"comment_status":"closed","ping_status":"open","sticky":false,"template":"","format":"standard","meta":{"footnotes":""},"categories":[287,5],"tags":[],"class_list":["post-55789","post","type-post","status-publish","format-standard","hentry","category-incendios","category-tiempu"],"_links":{"self":[{"href":"https:\/\/edublog.educastur.es\/ixuxu\/wp-json\/wp\/v2\/posts\/55789","targetHints":{"allow":["GET"]}}],"collection":[{"href":"https:\/\/edublog.educastur.es\/ixuxu\/wp-json\/wp\/v2\/posts"}],"about":[{"href":"https:\/\/edublog.educastur.es\/ixuxu\/wp-json\/wp\/v2\/types\/post"}],"author":[{"embeddable":true,"href":"https:\/\/edublog.educastur.es\/ixuxu\/wp-json\/wp\/v2\/users\/117"}],"replies":[{"embeddable":true,"href":"https:\/\/edublog.educastur.es\/ixuxu\/wp-json\/wp\/v2\/comments?post=55789"}],"version-history":[{"count":4,"href":"https:\/\/edublog.educastur.es\/ixuxu\/wp-json\/wp\/v2\/posts\/55789\/revisions"}],"predecessor-version":[{"id":55831,"href":"https:\/\/edublog.educastur.es\/ixuxu\/wp-json\/wp\/v2\/posts\/55789\/revisions\/55831"}],"wp:attachment":[{"href":"https:\/\/edublog.educastur.es\/ixuxu\/wp-json\/wp\/v2\/media?parent=55789"}],"wp:term":[{"taxonomy":"category","embeddable":true,"href":"https:\/\/edublog.educastur.es\/ixuxu\/wp-json\/wp\/v2\/categories?post=55789"},{"taxonomy":"post_tag","embeddable":true,"href":"https:\/\/edublog.educastur.es\/ixuxu\/wp-json\/wp\/v2\/tags?post=55789"}],"curies":[{"name":"wp","href":"https:\/\/api.w.org\/{rel}","templated":true}]}}