{"id":55793,"date":"2025-08-16T11:58:00","date_gmt":"2025-08-16T09:58:00","guid":{"rendered":"https:\/\/edublog.educastur.es\/ixuxu\/?p=55793"},"modified":"2025-08-16T23:26:46","modified_gmt":"2025-08-16T21:26:46","slug":"pregon-iv-dia-de-la-llingua","status":"publish","type":"post","link":"https:\/\/edublog.educastur.es\/ixuxu\/2025\/08\/pregon-iv-dia-de-la-llingua\/","title":{"rendered":"Preg\u00f3n IV D\u00eda de la Llingua"},"content":{"rendered":"<ul>\n<li><a href=\"https:\/\/iniciativapolasturianu.org\/pregon-dines-paz-nel-iv-dia-de-la-llingua-asturiana\">Preg\u00f3n d\u2019In\u00e9s Paz nel IV D\u00eda de la Llingua Asturiana<\/a><\/li>\n<\/ul>\n<p style=\"text-align: center\"><a href=\"https:\/\/iniciativapolasturianu.org\/wp-content\/uploads\/2025\/08\/PHOTO-2025-08-16-12-31-15-copia-2.jpg\"><img loading=\"lazy\" decoding=\"async\" class=\"aligncenter size-large\" src=\"https:\/\/iniciativapolasturianu.org\/wp-content\/uploads\/2025\/08\/PHOTO-2025-08-16-12-31-15-copia-2.jpg\" width=\"2048\" height=\"1366\" \/><\/a><\/p>\n<div class=\"td-container\">\n<div class=\"td-pb-row\">\n<div class=\"td-pb-span8 td-main-content\" role=\"main\">\n<div class=\"td-ss-main-content\">\n<div class=\"clearfix\"><!--more--><\/div>\n<div class=\"td-post-sharing-top\">\n<div id=\"td_social_sharing_article_top\" class=\"td-post-sharing td-ps-bg td-ps-notext td-post-sharing-style1 \">\n<div class=\"td-post-sharing-visible\">\n<div class=\"td-social-but-icon\"><\/div>\n<\/div>\n<\/div>\n<\/div>\n<div class=\"td-post-content\">\n<p>Buenos d\u00edas a todas y todos. Bonos d\u00edes a toes y toos. Me hace mucha ilusi\u00f3n estar aqu\u00ed hoy y lo primero de todo es pedir disculpas por no utilizar el asturiano de primeras para dirigirme a ustedes. Cuando desde Iniciativa pol asturianu me invitaron a ser la pregonera de este IV D\u00eda de la Llingua Asturiana sent\u00ed un inmenso honor, una gran responsabilidad y reconozco que alegr\u00eda y miedo a partes iguales. De peque\u00f1a no tuve acceso al asturiano. Ni en el \u00e1mbito educativo, ni en el p\u00fablico ni el privado, no se hablaba en el entorno en el que yo crec\u00ed, como le ha pasado a mucha gente de mi generaci\u00f3n. Sin embargo si tengo recuerdos de peque\u00f1a, de pasar gran parte del verano en Galicia, la tierra de mi padre, donde todos falaban galego y aquello era lo normal, lo natural y lo bonito. Y mi o\u00eddo si creci\u00f3 naturalizando esa lengua que tanto me gustaba y me gusta. Digamos que crec\u00ed por tanto conociendo m\u00e1s la lengua vecina que la m\u00eda propia.<\/p>\n<figure id=\"attachment_7245\" class=\"wp-caption alignnone\" aria-describedby=\"caption-attachment-7245\"><figcaption id=\"caption-attachment-7245\" class=\"wp-caption-text\">La periodista In\u00e9s Paz pregonando\u2019l IV D\u00eda de la Llingua Asturiana.<\/figcaption><\/figure>\n<p>Por mi profesi\u00f3n, el periodismo, me fui de Asturies en un viaje que dur\u00f3 15 a\u00f1os y que me permiti\u00f3 viajar mucho por toda Espa\u00f1a, visitar muchos lugares y conocer y compartir con gente muy diversa. Personas que amaban, aman, su lengua propia y que conviven con ella con absoluta normalidad y respeto. Y os dir\u00e9 que en silencio o en el fondo un poquito empec\u00e9 a envidiar, si es que hay envidia de la buena, ese tesoro, esa riqueza ling\u00fc\u00edstica de los amigos que hice por el camino y a\u00fan conservo, muchos de ellos valencianos, payeses y catalanes, y un buen pu\u00f1ado de gallegos y alg\u00fan vasco. De vuelta a casa, a mi tierra, hace ahora 3 a\u00f1os, es en mi etapa adulta donde estoy pudiendo enamorarme de la m\u00eda, de la lengua asturiana. Y es en buena parte gracias al trabajo incansable de muchos y muchas que la hab\u00e9is cuidado, la hab\u00e9is dignificado y hac\u00e9is con vuestra dedicaci\u00f3n incansable que la llingua sea accesible para personas como yo, que no crecimos con ella con naturalidad. Aprovecho para dar p\u00fablicamente las gracias a quienes integr\u00e1is Iniciativa pol Asturianu por contagiarme el amor por nuestra lengua. Por ayudarme a vencer ese miedo que a veces o casi siempre se tiene a lo desconocido. Gracias por hacerla accesible.<\/p>\n<p><strong><span style=\"color: #008080\">As\u00ed que con vuestro permiso voy a seguir en asturiano, pidiendo disculpas de antemano porque es la primera vez que voy a utilizarlo en p\u00fablico y mi pronunciaci\u00f3n no va a ser perfecta, as\u00ed que gracias por la comprensi\u00f3n.<\/span><\/strong><\/p>\n<p><strong><span style=\"color: #008080\">Dic\u00eda-yos al entamu que cuando Inaciu Gal\u00e1n me propunxo ser la pregonera d\u2019esti cuartu D\u00eda de la Llingua Asturianu na FIDMA, entr\u00f3me mieu. Oxal\u00e1 tar g\u00fcei equ\u00ed anime a otres persones d\u2019Asturies a abrazar la llingua asturiana a cualesquier ed\u00e1, nam\u00e1s interes\u00e1ndonos pol nuesu patrimoniu lling\u00fc\u00edsticu vamos llograr vencer la desinformaci\u00f3n.<\/span><\/strong><\/p>\n<p><strong><span style=\"color: #008080\">La llingua asturiana nun dixebra, la llingua asturiana x\u00fanenos como pueblu, ye daqu\u00e9 nueso, de toos y de toes. Tenemos la suerte de vivir nun pa\u00eds con una diversid\u00e1 y bayura cultural estraordinaries. Y al igual que salimos a glayar arguyosos, arguyoses, que la nuesa sidra ye mundial, al igual que presumimos de cultura sidrera, tenemos motivos pa presumir d\u2019esta otra ayalga asturiana: l\u2019asturianu ye bayura cultural que nun tenemos de perder. Quien tien una llingua propia tien una ayalga.<\/span><\/strong><\/p>\n<p><strong><span style=\"color: #008080\">Cada vegada m\u00e1s voces c\u00e1ntenla, acor\u00edquenla dende les artes, cada vegada m\u00e1s voces espubliz\u00e1mosla al travi\u00e9s de los medios de comunicaci\u00f3n, cada vegada m\u00e1s ne\u00f1os y ne\u00f1es, a lo \u00faltimo van tener accesu a ella na so etapa educativa. Porque la llingua asturiana suma, nunca resta. Ye riqueza.<\/span><\/strong><\/p>\n<p><strong><span style=\"color: #008080\">Gracies a los que siempres tuvistis ende, abrig\u00e1ndola. Deb\u00e9mosvos enforma. Una alcordanza especial pa Xuan Bello que la curio coles sos lletres y g\u00fcei tar\u00eda celebr\u00e1ndola. Y los mios meyores deseos pa esta nueva etapa na presidencia del colectivu a Arantza Margolles.<\/span><\/strong><\/p>\n<p><strong><span style=\"color: #008080\">Gracies por acoyeme ensin prexuicios, por convidame a formar parte d\u2019esti d\u00eda tan especial. Feliz cuartu D\u00eda de la Llingua Asturiana na Feria Muestres.<\/span><\/strong><\/p>\n<\/div>\n<\/div>\n<\/div>\n<\/div>\n<\/div>\n<p>&nbsp;<\/p>\n","protected":false},"excerpt":{"rendered":"<p>Preg\u00f3n d\u2019In\u00e9s Paz nel IV D\u00eda de la Llingua Asturiana<\/p>\n","protected":false},"author":117,"featured_media":0,"comment_status":"closed","ping_status":"open","sticky":false,"template":"","format":"standard","meta":{"footnotes":""},"categories":[6,47,31],"tags":[],"class_list":["post-55793","post","type-post","status-publish","format-standard","hentry","category-dia-de","category-iniciativa-pol-asturianu","category-llingua"],"_links":{"self":[{"href":"https:\/\/edublog.educastur.es\/ixuxu\/wp-json\/wp\/v2\/posts\/55793","targetHints":{"allow":["GET"]}}],"collection":[{"href":"https:\/\/edublog.educastur.es\/ixuxu\/wp-json\/wp\/v2\/posts"}],"about":[{"href":"https:\/\/edublog.educastur.es\/ixuxu\/wp-json\/wp\/v2\/types\/post"}],"author":[{"embeddable":true,"href":"https:\/\/edublog.educastur.es\/ixuxu\/wp-json\/wp\/v2\/users\/117"}],"replies":[{"embeddable":true,"href":"https:\/\/edublog.educastur.es\/ixuxu\/wp-json\/wp\/v2\/comments?post=55793"}],"version-history":[{"count":1,"href":"https:\/\/edublog.educastur.es\/ixuxu\/wp-json\/wp\/v2\/posts\/55793\/revisions"}],"predecessor-version":[{"id":55794,"href":"https:\/\/edublog.educastur.es\/ixuxu\/wp-json\/wp\/v2\/posts\/55793\/revisions\/55794"}],"wp:attachment":[{"href":"https:\/\/edublog.educastur.es\/ixuxu\/wp-json\/wp\/v2\/media?parent=55793"}],"wp:term":[{"taxonomy":"category","embeddable":true,"href":"https:\/\/edublog.educastur.es\/ixuxu\/wp-json\/wp\/v2\/categories?post=55793"},{"taxonomy":"post_tag","embeddable":true,"href":"https:\/\/edublog.educastur.es\/ixuxu\/wp-json\/wp\/v2\/tags?post=55793"}],"curies":[{"name":"wp","href":"https:\/\/api.w.org\/{rel}","templated":true}]}}