{"id":55798,"date":"2025-08-15T08:55:51","date_gmt":"2025-08-15T06:55:51","guid":{"rendered":"https:\/\/edublog.educastur.es\/ixuxu\/?p=55798"},"modified":"2025-08-16T23:35:40","modified_gmt":"2025-08-16T21:35:40","slug":"la-fola-de-calor-va-recrudecese-nespana-el-domingu-van-algamase-45-oc","status":"publish","type":"post","link":"https:\/\/edublog.educastur.es\/ixuxu\/2025\/08\/la-fola-de-calor-va-recrudecese-nespana-el-domingu-van-algamase-45-oc\/","title":{"rendered":"La fola de calor va recrudecese n&#8217;Espa\u00f1a: el domingu van algamase 45 \u00baC"},"content":{"rendered":"<p>La fola de calor va recrudecese n&#8217;Espa\u00f1a: el domingu van algamase 45 \u00baC.\u00a0 L&#8217;AEMET enllarga&#8217;l so avisu especial por fola de calor hasta&#8217;l llunes 18 d&#8217;agostu. Sevilla y C\u00f3rdoba podr\u00eden algamar 45 \u00baC el domingu .<\/p>\n<p style=\"text-align: center\"><a href=\"https:\/\/estaticos-cdn.prensaiberica.es\/clip\/bf32f89f-e998-418d-a996-32befbdf7f23_16-9-discover-aspect-ratio_default_1395640.jpg\"><img loading=\"lazy\" decoding=\"async\" class=\"aligncenter size-large\" src=\"https:\/\/estaticos-cdn.prensaiberica.es\/clip\/bf32f89f-e998-418d-a996-32befbdf7f23_16-9-discover-aspect-ratio_default_1395640.jpg\" width=\"1200\" height=\"675\" \/><\/a><\/p>\n<p style=\"text-align: center\"><a href=\"https:\/\/www.sport.es\/es\/noticias\/actualidad\/ola-calor-espana-continua-domingo-120630623\">\u00a0El mapa de calor n&#8217;Espa\u00f1a \/ ELTIEMPO<\/a><\/p>\n<p>L&#8217;actual fola de calor n&#8217;Espa\u00f1a, una de les m\u00e1s llargues de los \u00faltimos a\u00f1os, encara una segunda parte ent\u00e1 m\u00e1s estrema. Seg\u00fan la \u00faltima actualizaci\u00f3n de la AEMET, l&#8217;episodiu de temperatures bien altes va enllargase siquier hasta&#8217;l llunes 18 d&#8217;agostu, con una probabilid\u00e1 d&#8217;escurrimientu del 80 %.<\/p>\n<p>Tamos en plena ponte del 15 d&#8217;agostu y el refuerzu de la masa d&#8217;aire templao llega pola acci\u00f3n d&#8217;una DANA que se va aisllar al norte de los Azores. En llugar de solliviar la situaci\u00f3n, esta depresi\u00f3n atmosf\u00e9rica va impulsar vientos del sur que van alimentar la dorsal norteafricana, estendiendo&#8217;l calor afogadiego sobro la Espa\u00f1a peninsular y Baleares.<\/p>\n","protected":false},"excerpt":{"rendered":"<p>La fola de calor va recrudecese n&#8217;Espa\u00f1a: el domingu van algamase 45 \u00baC.\u00a0 L&#8217;AEMET enllarga&#8217;l so avisu especial por fola de calor hasta&#8217;l llunes 18 d&#8217;agostu. Sevilla y C\u00f3rdoba podr\u00eden algamar 45 \u00baC el domingu . \u00a0El mapa de calor n&#8217;Espa\u00f1a \/ ELTIEMPO L&#8217;actual fola de calor n&#8217;Espa\u00f1a, una de les m\u00e1s llargues de los [&hellip;]<\/p>\n","protected":false},"author":117,"featured_media":0,"comment_status":"closed","ping_status":"open","sticky":false,"template":"","format":"standard","meta":{"footnotes":""},"categories":[5],"tags":[],"class_list":["post-55798","post","type-post","status-publish","format-standard","hentry","category-tiempu"],"_links":{"self":[{"href":"https:\/\/edublog.educastur.es\/ixuxu\/wp-json\/wp\/v2\/posts\/55798","targetHints":{"allow":["GET"]}}],"collection":[{"href":"https:\/\/edublog.educastur.es\/ixuxu\/wp-json\/wp\/v2\/posts"}],"about":[{"href":"https:\/\/edublog.educastur.es\/ixuxu\/wp-json\/wp\/v2\/types\/post"}],"author":[{"embeddable":true,"href":"https:\/\/edublog.educastur.es\/ixuxu\/wp-json\/wp\/v2\/users\/117"}],"replies":[{"embeddable":true,"href":"https:\/\/edublog.educastur.es\/ixuxu\/wp-json\/wp\/v2\/comments?post=55798"}],"version-history":[{"count":1,"href":"https:\/\/edublog.educastur.es\/ixuxu\/wp-json\/wp\/v2\/posts\/55798\/revisions"}],"predecessor-version":[{"id":55799,"href":"https:\/\/edublog.educastur.es\/ixuxu\/wp-json\/wp\/v2\/posts\/55798\/revisions\/55799"}],"wp:attachment":[{"href":"https:\/\/edublog.educastur.es\/ixuxu\/wp-json\/wp\/v2\/media?parent=55798"}],"wp:term":[{"taxonomy":"category","embeddable":true,"href":"https:\/\/edublog.educastur.es\/ixuxu\/wp-json\/wp\/v2\/categories?post=55798"},{"taxonomy":"post_tag","embeddable":true,"href":"https:\/\/edublog.educastur.es\/ixuxu\/wp-json\/wp\/v2\/tags?post=55798"}],"curies":[{"name":"wp","href":"https:\/\/api.w.org\/{rel}","templated":true}]}}