{"id":55803,"date":"2025-08-16T12:05:09","date_gmt":"2025-08-16T10:05:09","guid":{"rendered":"https:\/\/edublog.educastur.es\/ixuxu\/?p=55803"},"modified":"2025-08-17T11:56:14","modified_gmt":"2025-08-17T09:56:14","slug":"la-llingua-protagonista-na-fidma","status":"publish","type":"post","link":"https:\/\/edublog.educastur.es\/ixuxu\/2025\/08\/la-llingua-protagonista-na-fidma\/","title":{"rendered":"La llingua, protagonista na FIDMA: \u00abYe bayura cultural\u00bb"},"content":{"rendered":"<div class=\"html-div xdj266r x14z9mp xat24cr x1lziwak xexx8yu xyri2b x18d9i69 x1c1uobl\">\n<div class=\"html-div xdj266r x14z9mp x1lziwak x18d9i69 x1cy8zhl x78zum5 x1q0g3np xod5an3 xz9dl7a x1g0dm76 xpdmqnj\">\n<div class=\"html-div xdj266r x14z9mp xat24cr x1lziwak xexx8yu xyri2b x18d9i69 x1c1uobl x1iyjqo2 xeuugli\">\n<div class=\"x78zum5 xdt5ytf xz62fqu x16ldp7u\">\n<div class=\"xu06os2 x1ok221b\">\n<div class=\"html-div xdj266r x14z9mp xat24cr x1lziwak xexx8yu xyri2b x18d9i69 x1c1uobl\" data-ad-rendering-role=\"profile_name\">\n<ul>\n<li id=\"_r_n1_\" class=\"html-h2 x14z9mp xat24cr x1lziwak xexx8yu xyri2b x18d9i69 x1c1uobl x1vvkbs x1heor9g x1qlqyl8 x1pd3egz x1a2a7pz x1gslohp x1yc453h\"><span class=\"xt0psk2\"><a class=\"x1i10hfl xjbqb8w x1ejq31n x18oe1m7 x1sy0etr xstzfhl x972fbf x10w94by x1qhh985 x14e42zd x9f619 x1ypdohk xt0psk2 x3ct3a4 xdj266r x14z9mp xat24cr x1lziwak xexx8yu xyri2b x18d9i69 x1c1uobl x16tdsg8 x1hl2dhg xggy1nq x1a2a7pz xkrqix3 x1sur9pj xzsf02u x1s688f\" role=\"link\" href=\"https:\/\/www.facebook.com\/miGijonFB?__cft__[0]=AZUyRhb39oO32A4yLDbkEiFo0uR_e9ycuOTpQGxJBFBDA9e-2RmQGsJNRioPkJA0K2C-XYPGVVtUuif0HWlfkQZAZE55kvNCs25giinPnKfzMM2ox4fA-XxfutdnPvtpt4MrFZ7CD-WDBBygrgN_j-tmKJ8LMIZvZyHFyjBDPLLwOeFvKPmHWAvG-Y04hIYkmK4&amp;__tn__=-UC%2CP-R\"><b class=\"html-b xdj266r x14z9mp xat24cr x1lziwak xexx8yu xyri2b x18d9i69 x1c1uobl x1hl2dhg x16tdsg8 x1vvkbs x1s688f\"><span class=\"html-span xdj266r x14z9mp xat24cr x1lziwak xexx8yu xyri2b x18d9i69 x1c1uobl x1hl2dhg x16tdsg8 x1vvkbs\">migijon.com &#8211; Tu diario digital gratuito<\/span><\/b><\/a><\/span><span class=\"html-span xdj266r x14z9mp xat24cr x1lziwak xexx8yu xyri2b x18d9i69 x1c1uobl x1hl2dhg x16tdsg8 x1vvkbs x1dor1uw x1n2onr6 xxymvpz\"> \/<a href=\"https:\/\/migijon.com\/la-llingua-asturiana-ye-protagonista-na-fidma-ye-bayura-cultural-que-nun-tenemos-que-perder-diz-ines-paz\/?fbclid=IwY2xjawMOhcNleHRuA2FlbQIxMQABHhGgW5S0ozDD2hCtJghc8Z0wIEodR7JekYvl1yWYH6pPdtuxqqYJkuzm7pjK_aem_LJSZ-VbtTWsp_A0YFF7KDA\"> Noticia\u00a0<\/a><\/span><\/li>\n<\/ul>\n<\/div>\n<\/div>\n<div class=\"xu06os2 x1ok221b\">\n<div id=\"_r_n2_\" class=\"html-div xdj266r x14z9mp xat24cr x1lziwak xexx8yu xyri2b x18d9i69 x1c1uobl x6s0dn4 x17zd0t2 x78zum5 x1q0g3np x1a02dak\" style=\"text-align: center\"><a href=\"https:\/\/migijon.com\/wp-content\/uploads\/2025\/08\/IV-Dia-de-la-Llingua-Asturiana-na-FIDMA-ufrienda-floral.jpg\"><img loading=\"lazy\" decoding=\"async\" class=\"aligncenter size-large\" src=\"https:\/\/migijon.com\/wp-content\/uploads\/2025\/08\/IV-Dia-de-la-Llingua-Asturiana-na-FIDMA-ufrienda-floral.jpg\" width=\"1600\" height=\"1200\" \/><\/a><\/div>\n<\/div>\n<\/div>\n<\/div>\n<div class=\"xqcrz7y x78zum5 x1qx5ct2 x1y1aw1k xf159sx xwib8y2 xmzvs34 xw4jnvo\">\n<div>\n<div class=\"x1i10hfl x1qjc9v5 xjqpnuy xc5r6h4 xqeqjp1 x1phubyo x9f619 x1ypdohk xdl72j9 x2lah0s x3ct3a4 x2lwn1j xeuugli x16tdsg8 x1hl2dhg xggy1nq x1ja2u2z x1t137rt x1fmog5m xu25z0z x140muxe xo1y3bh x1q0g3np x87ps6o x1lku1pv x1a2a7pz xjyslct xjbqb8w x13fuv20 x18b5jzi x1q0q8m5 x1t7ytsu x972fbf x10w94by x1qhh985 x14e42zd x3nfvp2 xdj266r x14z9mp xat24cr x1lziwak xexx8yu xyri2b x18d9i69 x1c1uobl x1n2onr6 x3ajldb xrw4ojt xg6frx5 xw872ko xhgbb2x x1xhcax0 x1s928wv x1o8326s x56lyyc x1j6awrg x1tfg27r xitxdhh\" role=\"button\" aria-expanded=\"false\" aria-label=\"Acciones para esta publicaci\u00f3n\">\n<div class=\"x1ey2m1c xtijo5x x1o0tod xg01cxk x47corl x10l6tqk x13vifvy x1ebt8du x19991ni x1dhq9h x1iwo8zk x1033uif x179ill4 x1b60jn0\" role=\"none\" data-visualcompletion=\"ignore\"><\/div>\n<\/div>\n<\/div>\n<\/div>\n<\/div>\n<\/div>\n<div class=\"html-div xdj266r x14z9mp xat24cr x1lziwak xexx8yu xyri2b x18d9i69 x1c1uobl\">\n<div class=\"html-div xdj266r x14z9mp xat24cr x1lziwak xexx8yu xyri2b x18d9i69 x1c1uobl\" dir=\"auto\">\n<div class=\"html-div xdj266r x14z9mp xat24cr x1lziwak xexx8yu xyri2b x18d9i69 x1c1uobl\" data-ad-rendering-role=\"story_message\">\n<div id=\"_r_n3_\" class=\"x1l90r2v x1iorvi4 x1g0dm76 xpdmqnj\" data-ad-comet-preview=\"message\" data-ad-preview=\"message\">\n<div class=\"x78zum5 xdt5ytf xz62fqu x16ldp7u\">\n<div class=\"xu06os2 x1ok221b\">\n<div class=\"html-div xdj266r x14z9mp xat24cr x1lziwak xexx8yu xyri2b x18d9i69 x1c1uobl\">\n<div class=\"xdj266r x14z9mp xat24cr x1lziwak x1vvkbs x126k92a\">\n<div dir=\"auto\"><span class=\"html-span xexx8yu xyri2b x18d9i69 x1c1uobl x1hl2dhg x16tdsg8 x1vvkbs x3nfvp2 x1j61x8r x1fcty0u xdj266r xat24cr xm2jcoa x1mpyi22 xxymvpz xlup9mm x1kky2od\"><img loading=\"lazy\" decoding=\"async\" class=\"xz74otr x15mokao x1ga7v0g x16uus16 xbiv7yw\" src=\"https:\/\/static.xx.fbcdn.net\/images\/emoji.php\/v9\/tef\/1\/16\/1f535.png\" alt=\"\ud83d\udd35\" width=\"16\" height=\"16\" \/><\/span><span class=\"html-span xexx8yu xyri2b x18d9i69 x1c1uobl x1hl2dhg x16tdsg8 x1vvkbs x3nfvp2 x1j61x8r x1fcty0u xdj266r xat24cr xm2jcoa x1mpyi22 xxymvpz xlup9mm x1kky2od\"><img loading=\"lazy\" decoding=\"async\" class=\"xz74otr x15mokao x1ga7v0g x16uus16 xbiv7yw\" src=\"https:\/\/static.xx.fbcdn.net\/images\/emoji.php\/v9\/t7b\/1\/16\/1f7e1.png\" alt=\"\ud83d\udfe1\" width=\"16\" height=\"16\" \/><\/span><span class=\"html-span xexx8yu xyri2b x18d9i69 x1c1uobl x1hl2dhg x16tdsg8 x1vvkbs x3nfvp2 x1j61x8r x1fcty0u xdj266r xat24cr xm2jcoa x1mpyi22 xxymvpz xlup9mm x1kky2od\"><img loading=\"lazy\" decoding=\"async\" class=\"xz74otr x15mokao x1ga7v0g x16uus16 xbiv7yw\" src=\"https:\/\/static.xx.fbcdn.net\/images\/emoji.php\/v9\/tef\/1\/16\/1f535.png\" alt=\"\ud83d\udd35\" width=\"16\" height=\"16\" \/><\/span> La periodista lle\u00f3\u2019l preg\u00f3n del IV D\u00eda de la Llingua Asturiana na Feria Internacional de Muestres d\u2019Asturies, que se celebra esti s\u00e1badu a propuesta d\u2019Iniciativa pol Asturianu;<strong><em><span style=\"color: #008080\"> \u00abfalar asturianu, a lo m\u00ednimo, vende\u00bb<\/span><\/em>,<\/strong> apunt\u00f3 la so presidenta Arantza Margolles, que record\u00f3\u2019l so usu por parte d\u2019empreses nacionales o multinacionales.\u00a0 <strong><em><span style=\"color: #008080\">\u00abYe bayura cultural que nun tenemos de perder\u00bb<\/span><\/em><\/strong>, diz In\u00e9s Paz<\/div>\n<div dir=\"auto\"><\/div>\n<\/div>\n<div class=\"x14z9mp xat24cr x1lziwak x1vvkbs xtlvy1s x126k92a\">\n<div dir=\"auto\"><span class=\"html-span xdj266r x14z9mp xat24cr x1lziwak xexx8yu xyri2b x18d9i69 x1c1uobl x1hl2dhg x16tdsg8 x1vvkbs\"><a class=\"x1i10hfl xjbqb8w x1ejq31n x18oe1m7 x1sy0etr xstzfhl x972fbf x10w94by x1qhh985 x14e42zd x9f619 x1ypdohk xt0psk2 x3ct3a4 xdj266r x14z9mp xat24cr x1lziwak xexx8yu xyri2b x18d9i69 x1c1uobl x16tdsg8 x1hl2dhg xggy1nq x1a2a7pz xkrqix3 x1sur9pj x1fey0fg x1s688f\" role=\"link\" href=\"https:\/\/www.facebook.com\/iniciativapolasturianu?__cft__[0]=AZUyRhb39oO32A4yLDbkEiFo0uR_e9ycuOTpQGxJBFBDA9e-2RmQGsJNRioPkJA0K2C-XYPGVVtUuif0HWlfkQZAZE55kvNCs25giinPnKfzMM2ox4fA-XxfutdnPvtpt4MrFZ7CD-WDBBygrgN_j-tmKJ8LMIZvZyHFyjBDPLLwOeFvKPmHWAvG-Y04hIYkmK4&amp;__tn__=-]K-R\"><span class=\"xt0psk2\"><span class=\"xjp7ctv\">Iniciativa pol Asturianu<\/span><\/span><\/a><\/span> <span class=\"html-span xdj266r x14z9mp xat24cr x1lziwak xexx8yu xyri2b x18d9i69 x1c1uobl x1hl2dhg x16tdsg8 x1vvkbs\"><a class=\"x1i10hfl xjbqb8w x1ejq31n x18oe1m7 x1sy0etr xstzfhl x972fbf x10w94by x1qhh985 x14e42zd x9f619 x1ypdohk xt0psk2 x3ct3a4 xdj266r x14z9mp xat24cr x1lziwak xexx8yu xyri2b x18d9i69 x1c1uobl x16tdsg8 x1hl2dhg xggy1nq x1a2a7pz xkrqix3 x1sur9pj x1fey0fg x1s688f\" role=\"link\" href=\"https:\/\/www.facebook.com\/Feriasturias?__cft__[0]=AZUyRhb39oO32A4yLDbkEiFo0uR_e9ycuOTpQGxJBFBDA9e-2RmQGsJNRioPkJA0K2C-XYPGVVtUuif0HWlfkQZAZE55kvNCs25giinPnKfzMM2ox4fA-XxfutdnPvtpt4MrFZ7CD-WDBBygrgN_j-tmKJ8LMIZvZyHFyjBDPLLwOeFvKPmHWAvG-Y04hIYkmK4&amp;__tn__=-]K-R\"><span class=\"xt0psk2\"><span class=\"xjp7ctv\">Feriasturias Recinto Ferial<\/span><\/span><\/a><\/span><\/div>\n<div dir=\"auto\"><!--more--><\/div>\n<div dir=\"auto\">\n<p>Per cuartu a\u00f1u, l\u2019asturianu tien la so xornada na Feria Internacional de Muestres d\u2019Asturies (FIDMA),<strong>\u00a0con una programaci\u00f3n amplia qu\u2019involucra al Gobiernu asturianu y a conceyos como\u2019l de Xix\u00f3n, Avil\u00e9s y Mieres, ente otro<\/strong>s. El D\u00eda de la Llingua Asturiana convirti\u00f3se nesti tiempu nun eventu de referencia dientro de la programaci\u00f3n ferial, nel que ye fundamenta\u2019l llabor organizativu d\u2019Iniciativa pol Asturianu, organizaci\u00f3n que propunxo nel so momentu a la C\u00e1mara de Comerciu de Xix\u00f3n esta celebraci\u00f3n al rodiu l\u2019idioma propiu.<\/p>\n<p><strong>In\u00e9s Paz<\/strong>\u00a0foi nesta ocasi\u00f3n la pregonera. La periodista, conductora de \u2018La radio es m\u00eda\u2019 de RPA y, anteriormente, rostru popular en Televisi\u00f3n Local Gij\u00f3n (TLG) y Televisi\u00f3n Espa\u00f1ola (TVE), disculp\u00f3 la so dificult\u00e1 d\u2019emplegar la llingua asturiana nunes primeres pallabres en castellanu nes que coment\u00f3 que \u00ab<strong>de peque\u00f1a nun tuvi accesu al asturianu<\/strong>. Nin nel \u00e1mbitu educativu, nin nel p\u00fablicu nin nel priv\u00e1u, nun se falaba nel entornu nel que yo crec\u00ed, como-y pas\u00f3 a muncha xente de la mio xeneraci\u00f3n\u00bb. Nel so periodu profesional de 15 a\u00f1os llo\u00f1e d\u2019Asturies dixo conocer \u00abpersones qu\u2019amaben, amen, la so llingua propia y que conviven con ella con absoluta normalid\u00e1 y respetu. Y voi dicivos que, en silenciu o nel fondu, un poquit\u00edn entam\u00e9 a envidiar, si ye qu\u2019hai envidia de la bona, esa ayalga, esa riqueza lling\u00fc\u00edstica de los amigos que fixi pel cam\u00edn y ent\u00e1 conservo, munchos d\u2019ellos valencianos, payeses y catalanes, y un bon pi\u00f1u de gallegos y dalg\u00fan vascu\u00bb.<\/p>\n<div class=\"jeg_ad jeg_ad_article jnews_content_inline_3_ads \">\n<div class=\"ads-wrapper align-center \">\n<div class=\"ads-text\">\u00abDe vuelta a casa, va agora 3 a\u00f1os, <strong>ye na mio etapa adulta onde toi pudiendo namorame de la de mio, de la llingua asturiana<\/strong>\u00bb, confes\u00f3, al tiempu que dixo sentir \u00abun honor inmensu, una gran responsabilid\u00e1 y reconozo qu\u2019allegr\u00eda y mieu a partes iguales\u00bb al recibir la invitaci\u00f3n a ser pregonera del D\u00eda de la Llingua Asturiana na FIDMA. Y\u00e1 n\u2019asturianu, Paz, que record\u00f3 la figura de Xuan Bello, afirm\u00f3 que \u00abla llingua asturiana nun dixebra, la llingua asturiana x\u00fanenos como pueblu, ye daqu\u00e9 nueso, de toos y de toes. Tenemos la suerte de vivir nun pa\u00eds con una diversid\u00e1 y bayura cultural estraordinaries. Y al igual que salimos a glayar arguyosos, arguyoses, que la nuesa sidra ye mundial, al igual que presumimos de cultura sidrera, tenemos motivos pa presumir d\u2019esta otra ayalga asturiana: l\u2019asturianu ye bayura cultural que nun tenemos de perder. Quien tien una llingua propia tien una ayalga\u00bb.<\/div>\n<\/div>\n<\/div>\n<figure class=\"wp-block-image size-large\">\n<div id=\"standard_2\" class=\"st-placement standard_2 inImage\">\n<div class=\"st-adunit st-adunit-tagged st-reset st-show\">\n<div class=\"st-adunit-ad st-reset\">\n<div class=\"st-display-render st-reset open 320x480\">\n<div class=\"st-canvas st-reset vertical-static\"><\/div>\n<\/div>\n<\/div>\n<\/div>\n<\/div>\n<p><img loading=\"lazy\" decoding=\"async\" class=\"wp-image-215345\" src=\"https:\/\/migijon.com\/wp-content\/uploads\/2025\/08\/IV-Dia-de-la-Llingua-Asturiana-na-FIDMA-pregon-Ines-Paz-1280x960.jpg\" alt=\"\" width=\"1280\" height=\"960\" data-pin-no-hover=\"true\" \/><figcaption class=\"wp-element-caption\">Paz da\u2019l preg\u00f3n del IV D\u00eda de la Llingua Asturiana, coles autoridaes detr\u00e1s. \/ miGij\u00f3n<\/figcaption><\/figure>\n<p><strong>Xuan Pandiella<\/strong>, d\u2019Iniciativa pol Asturianu, foi\u2019l conductor del actu d\u2019apertura de la xornada na entrada del Recintu Ferial Luis Adaro, xunto al bustu de Gaspar Melchor de Xovellanos, falante y defensor del idioma, qu\u2019arranc\u00f3 con una interpretaci\u00f3n a la gaita de Lidia Mu\u00f1iz. Darr\u00e9u,\u00a0<strong>\u00c1lvaro Alonso Ord\u00e1s<\/strong>, secretariu xeneral de la C\u00e1mara de Comerciu de Xix\u00f3n y direutor de la FIDMA, se\u00f1al\u00f3, en castellanu, que \u00abla llingua ye parte esencial de la tradici\u00f3n asturiana. Esplica una parte de lo que fuimos y de qu\u00e9 forma la comunicamos\u201d. \u00ab<strong>L\u2019asturianu, en toles sos versiones, independientemente de la rellaci\u00f3n que ca\u00fan de n\u00f3s tenga con \u00e9l, ha ser un motivu d\u2019arguyu, porque foi, a lo llargo de los sieglos, veh\u00edculu de tresmisi\u00f3n de conocimientu; de rellaciones afeutives; de cultura y de tantes otres coses m\u00e1s<\/strong>. Lo que nunca deber\u00eda ser ye causa d\u2019enfrentamientu. Y eso ye lo que, dende la C\u00e1mara de Comerciu de Xix\u00f3n, queremos con esti D\u00eda de la Llingua que, na so cuarta edici\u00f3n, y\u00e1 entama a ser una tradici\u00f3n que mira firme al futuru\u00bb.<\/p>\n<div class=\"jeg_ad jeg_ad_article jnews_content_inline_2_ads \">\n<div class=\"ads-wrapper align-center \">La siguiente en tomar la pallabra foi <strong>Arantza<\/strong>\u00a0<strong>Margolles<\/strong>, qu\u2019entam\u00f3 la so intervenci\u00f3n citando a Apolinar Rato, xurista que nel 1885 \u00aby\u00e1 tem\u00eda que morriera l\u2019idioma asturianu; como diba un sieglu temiera y\u00e1 Melchor Gaspar de Xovellanos\u00bb, p\u2019apuntar que la FIDMA, \u00abpor m\u00e1s internacional que seya, sigue falando asturianu 140 a\u00f1os dempu\u00e9s d\u2019Apolinar Rato y a 281 de la nacencia de Xovellanos\u201d. \u00ab<strong>Nos a\u00f1os caberos tamos viendo avances bien importantes nel usu del asturianu per parte d\u2019empreses nacionales o multinacionales<\/strong>\u00a0como Superbock, McDonald\u2019s, Decathlon o Ikea, qu\u2019ufre un tupper de comida n\u00f3rdica de la so tienda si tas fartucu y anuncia la venta de cachadores o de garcielles. Esto ye: falar asturianu, a lo m\u00ednimu, vende. Podemos debatir munchu al rodiu d\u2019esto; pensar si ye que lo fae por ser un fechu diferenciador por xenerar cercan\u00eda coles y colos asturianos y asturianes. Tanto da: vende. Y eso quier dicir que sigue vivu\u00bb.<\/div>\n<\/div>\n<p>Bello, David Rivas y Dami\u00e1n Barreiro tuvieron tami\u00e9n nel recuerdu de la presidenta nueva d\u2019Iniciativa pol Asturianu, entid\u00e1 que nel so puestu na FIDMA agospia a m\u00e1s empreses que nunca qu\u2019empleguen l\u2019idioma nel so d\u00eda a d\u00eda. Destac\u00f3 Margolles darr\u00e9u, volviendo a la cita de Rato, que pasaos esos 140 a\u00f1os l\u2019asturianu sigue vivu \u00abmagar de tar pol\u00edticamente maltrat\u00e1u, de nun tener una academia propia hasta va poco m\u00e1s de 40 a\u00f1os y de ser oxetu permanente d\u2019ataques por quienes nun entienden que deprender dalgo, lo que seya, nunca nun puede ser un dem\u00e9ritu, sinon un m\u00e9ritu que conduz a munchos otros m\u00e1s\u00bb. Eso s\u00ed, se\u00f1al\u00f3, \u00ab<strong>duel nel alma ver escaec\u00edu, esta vegada s\u00ed, l\u2019asturianu nesta Feria Internacional de Muestres nos estands de Cogersa o del Consorciu d\u2019Agues, dambes dependientes del Princip\u00e1u d\u2019Asturies; o nos de conceyos como Llanera y Uvi\u00e9u. O trat\u00e1u marxinalmente nel pabell\u00f3n de Xix\u00f3n, o nel de la Universid\u00e1 d\u2019Uvi\u00e9u<\/strong>; tami\u00e9n duel. Tov\u00eda m\u00e1s, anque esta vegada fuera de les fronteres d\u2019este recintu ferial, duel vivir una Danza Prima, espresi\u00f3n de la nuesa cultura ya indisociable del idioma nel que mientres tantos a\u00f1os se caltuvo, na que les llocuciones, per primera vegada en munchu tiempu, lu omiten\u00bb. Tami\u00e9n-y manca\u2019l tratamientu nel \u00abmandatu-marcu pa la radiotelevisi\u00f3n auton\u00f3mica, que nun reconoz como lling\u00fces vehiculares nin l\u2019asturianu, nin l\u2019eonaviego, allanando, asina, el cam\u00edn hacia la desapaici\u00f3n d\u2019un idioma al que lleven queriendo matar m\u00e1s de doscientos a\u00f1os, pero qu\u2019ent\u00e1 y asina persiste\u00bb.<\/p>\n<div class=\"jeg_ad jeg_ad_article jnews_content_inline_ads \"><\/div>\n<figure class=\"wp-block-image size-large\"><img loading=\"lazy\" decoding=\"async\" class=\"wp-image-215347\" src=\"https:\/\/migijon.com\/wp-content\/uploads\/2025\/08\/IV-Dia-de-la-Llingua-Asturiana-na-FIDMA-puestu-Iniciativa-pol-Asturianu-1280x960.jpg\" alt=\"\" width=\"1280\" height=\"960\" data-pin-no-hover=\"true\" \/><figcaption class=\"wp-element-caption\">Margolles y Paz xunto a empresarios y miembros d\u2019Iniciativa pol Asturianu nel puestu de l\u2019asociaci\u00f3n na FIDMA. \/ miGij\u00f3n<\/figcaption><\/figure>\n<p>\u00ab<strong>S\u00f3lo la llegada de la oficialid\u00e1 puede dar un marcu llegal suficiente y necesariu pa preservar esta llingua<\/strong>\u00a0que lleva, melguera pero tami\u00e9n fuerte, sobreviviendo a cientos d\u2019a\u00f1os, a un ciento de guerres, a bastantes m\u00e1s de tres reis, a dalg\u00fan m\u00e1s que dos presidentes de la Rep\u00fablica, a dictadores y a munchu m\u00e1s de doce papes. Como la madera del carbayu, que ye fuerte y resistente, que nun se dexa carcomer, asina ye l\u2019idioma asturianu. Nun dexemos que llegue\u2019l momentu en que prenda en llames. Nun la dexemos \u2014por odiu, por inercia o por inorancia\u2014 morrer\u00bb, fin\u00f3.<\/p>\n<p>La \u00faltima n\u2019intervenir, enantes de la llectura del preg\u00f3n per parte de Paz, foi\u00a0<strong>Ana Vanessa Guti\u00e9rrez<\/strong>, conseyera de Cultura, Pol\u00edtica Lling\u00fc\u00edstica y Deporte. La escritora, que llegaba del actu institucional del D\u00eda d\u2019Uvi\u00e9u na FIDMA, dedic\u00e1u a la candidatura de la ciud\u00e1 a Capital Europea de la Cultura 2031, emponder\u00f3\u2019l consensu esistente ente toles instituciones pa sofitar esta apuesta de toa la comunid\u00e1 pola cultura, que\u00a0<strong>\u00abnun pue ser ay\u00e9n a la defensa de la oficialid\u00e1 de les lling\u00fces d\u2019Asturies\u00bb. \u00abNun vamos descansar nesi prop\u00f3situ\u00bb<\/strong>, asegur\u00f3. L\u2019himnu d\u2019Asturies y una ufrienda floral a Xovellanos pesll\u00f3 esti primer actu del D\u00eda de la Llingua Asturiana na FIDMA, que sigui\u00f3 con un conceyu de Guti\u00e9rrez con representantes de l\u2019Asociaci\u00f3n d\u2019Empresarios y Profesionales pol Asturianu y un clase d\u2019asturianu del programa \u2018Falamos\u2019 d\u2019educaci\u00f3n non reglada p\u2019adultos, que tuvieron llugar nel pabell\u00f3n del Gobiernu. Un homenaxe a Bello, con llectura de la so obra \u2018Hestoria Universal de Paniceiros\u2019; una visita al puestu d\u2019Iniciativa pol Asturianu xunto coles empreses participantes; la presentaci\u00f3n de la programaci\u00f3n de les actividaes del segundu semestre de la Conceyal\u00eda de Vivienda, Consumu, Memoria Democr\u00e1tica y Normalizaci\u00f3n Lling\u00fc\u00edstica d\u2019Avil\u00e9s, y la entrega de materiales de la campa\u00f1a \u2018Da-y a la llingua\u2019; y una visita guiada n\u2019asturianu al puestu de Xix\u00f3n, completaron les actividaes de la ma\u00f1ana.<\/p>\n<p>Pela tarde tami\u00e9n hai una programaci\u00f3n amplia, qu\u2019entama cola\u00a0<strong>proyeici\u00f3n del videu \u2018Madrellingua\u2019<\/strong>\u00a0(16.30 hores) coles voces, sitios y pallabres n\u2019asturianu que m\u00e1s-yos presten a dalgunes persones n\u2019Avil\u00e9s y sigue cola\u00a0<strong>charra-coloquiu \u2018L\u2019asturianu como motor econ\u00f3micu\u2019<\/strong>\u00a0(16.30 hores) nel Espaciu de LNE; l\u2019<strong>amuesa de cocina en direuto con Panduru \u2018La sidra y el pan como ingredientes: sabores circulares, tradici\u00f3n y patrimoniu asturianu<\/strong>\u2019 (17 hores) nel puestu de Xix\u00f3n; una\u00a0<strong>visita guiada al Mus\u00e9u del Pueblu d\u2019Asturie<\/strong>s (18 hores); una<strong>\u00a0charra sobre la historia de la Danza Prima<\/strong>\u00a0y el repartu de tarxetes cola lletra n\u2019asturianu del cantar (18.30 hores) nel stand de Mieres; la\u00a0<strong>firma del llibru \u2018El pesu de la nieve\u2019<\/strong>, ganador del IV Premiu de Novela Curtia Andr\u00e9s Solar Santurio, a cargu del autor Pablo Rodr\u00edguez Medina (18.30 hores), nel espaciu d\u2019Iniciativa pol Asturianu; y l\u2019<strong>activid\u00e1 \u2018Alcuentra\u2019l to pueblu\u2019<\/strong>\u00a0(19 hores) nel puestu \u2018Conceyos con encantu\u2019, qu\u2019axunta a diferentes ayuntamientos de la comunid\u00e1, nel que los participantes van entrar nel sort\u00e9u d\u2019un llote de llibros n\u2019asturianu.<\/p>\n<\/div>\n<\/div>\n<\/div>\n<\/div>\n<\/div>\n<\/div>\n<\/div>\n<\/div>\n<\/div>\n<p>&nbsp;<\/p>\n","protected":false},"excerpt":{"rendered":"<p>migijon.com &#8211; Tu diario digital gratuito \/ Noticia\u00a0 La periodista lle\u00f3\u2019l preg\u00f3n del IV D\u00eda de la Llingua Asturiana na Feria Internacional de Muestres d\u2019Asturies, que se celebra esti s\u00e1badu a propuesta d\u2019Iniciativa pol Asturianu; \u00abfalar asturianu, a lo m\u00ednimo, vende\u00bb, apunt\u00f3 la so presidenta Arantza Margolles, que record\u00f3\u2019l so usu por parte d\u2019empreses nacionales [&hellip;]<\/p>\n","protected":false},"author":117,"featured_media":0,"comment_status":"closed","ping_status":"open","sticky":false,"template":"","format":"standard","meta":{"footnotes":""},"categories":[47],"tags":[],"class_list":["post-55803","post","type-post","status-publish","format-standard","hentry","category-iniciativa-pol-asturianu"],"_links":{"self":[{"href":"https:\/\/edublog.educastur.es\/ixuxu\/wp-json\/wp\/v2\/posts\/55803","targetHints":{"allow":["GET"]}}],"collection":[{"href":"https:\/\/edublog.educastur.es\/ixuxu\/wp-json\/wp\/v2\/posts"}],"about":[{"href":"https:\/\/edublog.educastur.es\/ixuxu\/wp-json\/wp\/v2\/types\/post"}],"author":[{"embeddable":true,"href":"https:\/\/edublog.educastur.es\/ixuxu\/wp-json\/wp\/v2\/users\/117"}],"replies":[{"embeddable":true,"href":"https:\/\/edublog.educastur.es\/ixuxu\/wp-json\/wp\/v2\/comments?post=55803"}],"version-history":[{"count":4,"href":"https:\/\/edublog.educastur.es\/ixuxu\/wp-json\/wp\/v2\/posts\/55803\/revisions"}],"predecessor-version":[{"id":55807,"href":"https:\/\/edublog.educastur.es\/ixuxu\/wp-json\/wp\/v2\/posts\/55803\/revisions\/55807"}],"wp:attachment":[{"href":"https:\/\/edublog.educastur.es\/ixuxu\/wp-json\/wp\/v2\/media?parent=55803"}],"wp:term":[{"taxonomy":"category","embeddable":true,"href":"https:\/\/edublog.educastur.es\/ixuxu\/wp-json\/wp\/v2\/categories?post=55803"},{"taxonomy":"post_tag","embeddable":true,"href":"https:\/\/edublog.educastur.es\/ixuxu\/wp-json\/wp\/v2\/tags?post=55803"}],"curies":[{"name":"wp","href":"https:\/\/api.w.org\/{rel}","templated":true}]}}