{"id":55818,"date":"2025-08-17T08:30:14","date_gmt":"2025-08-17T06:30:14","guid":{"rendered":"https:\/\/edublog.educastur.es\/ixuxu\/?p=55818"},"modified":"2025-08-17T12:29:57","modified_gmt":"2025-08-17T10:29:57","slug":"el-tiempu-el-comercio-118","status":"publish","type":"post","link":"https:\/\/edublog.educastur.es\/ixuxu\/2025\/08\/el-tiempu-el-comercio-118\/","title":{"rendered":"El tiempu (El Comercio)"},"content":{"rendered":"<p style=\"text-align: center\"><a href=\"https:\/\/s3.ppllstatics.com\/elcomercio\/www\/multimedia\/2025\/08\/16\/domingo-tiempo-asturias-17-agosto-kUZH-U2302588077118HVD-1200x840@El%20Comercio.jpg\"><img loading=\"lazy\" decoding=\"async\" class=\"aligncenter size-large\" src=\"https:\/\/s3.ppllstatics.com\/elcomercio\/www\/multimedia\/2025\/08\/16\/domingo-tiempo-asturias-17-agosto-kUZH-U2302588077118HVD-1200x840@El%20Comercio.jpg\" width=\"1200\" height=\"840\" \/><\/a><\/p>\n<p>M\u00e1s que nunca, <strong>son necesaries les precipitaciones para poder ayudar a combatir les quemes.<\/strong> Pero les previsiones nun son nada favorable a pesar de que se preve cierta nubosidad. A lo sumo, mientres estos pr\u00f3ximos d\u00edes esp\u00e9rase, en casu de producise, que pueda chispiar puntualmente. <strong>El domingu vamos amanecer<\/strong> con cielos pocu nublos nel sur de la rex\u00f3n y m\u00e1s nubosidad na met\u00e1 norte. A lo llargo de la ma\u00f1ana dir\u00e1n abri\u00e9ndose claros en tol interior, quedando la mari\u00f1a y contorna ent\u00e1 con nubes de tipu baxu. <strong>Mientres la tarde<\/strong>, les nubes volver\u00e1n ganar terr\u00e9n y van acabar estendi\u00e9ndose por tola rex\u00f3n. Nesi momentu, nun se refuga que pueda escapase dalguna gota pr\u00e1cticamente inapreciable de forma local. <strong>Los vientos<\/strong> van ser fluexos y van acabar predominando de norte. Les temperatures m\u00e1ximes van ser bien similares a les del s\u00e1badu, salvo nel suroccidente onde van poder baxar un poco. <strong>Les m\u00ednimes<\/strong>, sicas\u00ed, van xubir nel interior asturianu.<\/p>\n<p><!--more--><\/p>\n<p>Una estra\u00f1a sensaci\u00f3n d&#8217;escurecimientu prematuru sosprendi\u00f3 na tarde d&#8217;esti s\u00e1badu a los vecinos d&#8217;Uvi\u00e9u.<strong> El cielu de la ciud\u00e1 y les sos parroquies aleda\u00f1as foi anubiertu por una neblina anaranxada similar a los d&#8217;una pel\u00edcula apocal\u00edptica.<\/strong> La raz\u00f3n: los vientos del suroeste que predominaron nesta xornada emburriaron hasta&#8217;l centru d&#8217;Asturies el fumu procedente de les quemes qu&#8217;amburen terrenes en Cangas de Narcea, Somiedu y el norte de Lli\u00f3n. La combinaci\u00f3n de les part\u00edcules flotantes de ceniza y la lluz solar del atarceder ti\u00f1ieron los cielos d&#8217;un tonu ente acolorat\u00e1u y marr\u00f3n p\u00e1lido. <a href=\"https:\/\/www.lne.es\/asturias\/2025\/08\/16\/cielo-oviedo-tenido-naranja-humo-120687909.html?utm_content=link&amp;utm_medium=social&amp;utm_campaign=echobox&amp;utm_source=Facebook&amp;fbclid=IwY2xjawMOjgxleHRuA2FlbQIxMQABHhQtsjIOPEwiMhc0y-iH1pGBl6LE8CxTrK50aZl7NCs_ZyiOzIB6LuiOmrDg_aem_P_BZzpI9GMEAOjpeZfjM5w#Echobox=1755374693\">LNE<\/a><\/p>\n<p style=\"text-align: center\"><a href=\"https:\/\/estaticos-cdn.prensaiberica.es\/clip\/931f8cec-4a88-44bd-b560-01c67f461fda_16-9-discover-aspect-ratio_default_0.webp\"><img loading=\"lazy\" decoding=\"async\" class=\"aligncenter size-large\" src=\"https:\/\/estaticos-cdn.prensaiberica.es\/clip\/931f8cec-4a88-44bd-b560-01c67f461fda_16-9-discover-aspect-ratio_default_0.webp\" width=\"1200\" height=\"675\" \/><\/a><\/p>\n<p><strong>El llunes<\/strong> vamos empezar la selmana con nubes y un descensu t\u00e9rmicu xeneraliz\u00e1u. La posibilid\u00e1 de precipitaciones va ser baxa y, como se ment\u00f3 antes, ser\u00eden escasos orbayos a lo sumo.<\/p>\n","protected":false},"excerpt":{"rendered":"<p>M\u00e1s que nunca, son necesaries les precipitaciones para poder ayudar a combatir les quemes. Pero les previsiones nun son nada favorable a pesar de que se preve cierta nubosidad. A lo sumo, mientres estos pr\u00f3ximos d\u00edes esp\u00e9rase, en casu de producise, que pueda chispiar puntualmente. El domingu vamos amanecer con cielos pocu nublos nel sur [&hellip;]<\/p>\n","protected":false},"author":117,"featured_media":0,"comment_status":"closed","ping_status":"open","sticky":false,"template":"","format":"standard","meta":{"footnotes":""},"categories":[5],"tags":[],"class_list":["post-55818","post","type-post","status-publish","format-standard","hentry","category-tiempu"],"_links":{"self":[{"href":"https:\/\/edublog.educastur.es\/ixuxu\/wp-json\/wp\/v2\/posts\/55818","targetHints":{"allow":["GET"]}}],"collection":[{"href":"https:\/\/edublog.educastur.es\/ixuxu\/wp-json\/wp\/v2\/posts"}],"about":[{"href":"https:\/\/edublog.educastur.es\/ixuxu\/wp-json\/wp\/v2\/types\/post"}],"author":[{"embeddable":true,"href":"https:\/\/edublog.educastur.es\/ixuxu\/wp-json\/wp\/v2\/users\/117"}],"replies":[{"embeddable":true,"href":"https:\/\/edublog.educastur.es\/ixuxu\/wp-json\/wp\/v2\/comments?post=55818"}],"version-history":[{"count":3,"href":"https:\/\/edublog.educastur.es\/ixuxu\/wp-json\/wp\/v2\/posts\/55818\/revisions"}],"predecessor-version":[{"id":55840,"href":"https:\/\/edublog.educastur.es\/ixuxu\/wp-json\/wp\/v2\/posts\/55818\/revisions\/55840"}],"wp:attachment":[{"href":"https:\/\/edublog.educastur.es\/ixuxu\/wp-json\/wp\/v2\/media?parent=55818"}],"wp:term":[{"taxonomy":"category","embeddable":true,"href":"https:\/\/edublog.educastur.es\/ixuxu\/wp-json\/wp\/v2\/categories?post=55818"},{"taxonomy":"post_tag","embeddable":true,"href":"https:\/\/edublog.educastur.es\/ixuxu\/wp-json\/wp\/v2\/tags?post=55818"}],"curies":[{"name":"wp","href":"https:\/\/api.w.org\/{rel}","templated":true}]}}