{"id":55827,"date":"2025-08-17T12:21:09","date_gmt":"2025-08-17T10:21:09","guid":{"rendered":"https:\/\/edublog.educastur.es\/ixuxu\/?p=55827"},"modified":"2025-08-17T12:22:19","modified_gmt":"2025-08-17T10:22:19","slug":"la-ermita-de-la-regalina-nasturies","status":"publish","type":"post","link":"https:\/\/edublog.educastur.es\/ixuxu\/2025\/08\/la-ermita-de-la-regalina-nasturies\/","title":{"rendered":"La Ermita de la Regalina n&#8217;Asturies"},"content":{"rendered":"<p style=\"text-align: center\"><a href=\"https:\/\/content-viajes.nationalgeographic.com.es\/medio\/2025\/08\/13\/cadavedo_10f24cff_470487582_250813133737_1280x850.webp\"><img loading=\"lazy\" decoding=\"async\" class=\"aligncenter size-large\" src=\"https:\/\/content-viajes.nationalgeographic.com.es\/medio\/2025\/08\/13\/cadavedo_10f24cff_470487582_250813133737_1280x850.webp\" width=\"1280\" height=\"850\" \/><\/a><\/p>\n<p><a href=\"https:\/\/viajes.nationalgeographic.com.es\/ubicacion-exacta\/pueblo-asturias-ermita-aupada-acantilado-es-icono-costa-asturiana_23227\">Viaxes N. Geographic<\/a> \/<\/p>\n<p>El pueblu d&#8217;Asturies con una ermita aupada nun cantil \u00aby 95 horros que son reliquies del pas\u00e1u\u00bb. En plenu mariniegu asturianu, una localid\u00e1 del conceyu de Vald\u00e9s emponer al Cant\u00e1bricu con una ermita que se consolid\u00f3 como&#8217;l so s\u00edmbolu.<\/p>\n<p><!--more--><\/p>\n<p>Si daqu\u00e9 define a Asturies eso ye la manera na que la so mari\u00f1a abrazar col monte, nun di\u00e1logu ente agua salao y cantiles que marquen el comp\u00e1s de la esencia del Princip\u00e1u. Na so mari\u00f1a occidental, hai un pequenu rinc\u00f3n onde los montes paecen baxar faci\u00e9ndose cam\u00edn hasta atopase col Cant\u00e1bricu, como si quixeren escuchar dende barganal el murmuriu del aguaxe.<\/p>\n<p><strong> A mediu cam\u00edn ente&#8217;l Cabu Bustu y el Cabu Vidio<\/strong> apaez un antiguu pueblu balleneru consider\u00e1u unu de los m\u00e1s antiguos del conceyu, y que podr\u00eda tar incluy\u00edu nel llist\u00e1u de los pueblos m\u00e1s guapos d&#8217;Asturies. Sicas\u00ed, lo qu&#8217;agora lo pon nel puntu de mira ye&#8217;l so incomparable allugamientu, up\u00e1u sobro un cantil que lu dixebra tan solo 90 metros del mar y que lo convirti\u00f3 n&#8217;unu de los llugares de veran\u00e9u por excelencia.<\/p>\n<p style=\"text-align: center\"><a href=\"https:\/\/content-viajes.nationalgeographic.com.es\/medio\/2025\/08\/13\/casa-roja_9d579adc_5180758_250813132834_1200x900.webp\"><img loading=\"lazy\" decoding=\"async\" class=\"aligncenter size-large\" src=\"https:\/\/content-viajes.nationalgeographic.com.es\/medio\/2025\/08\/13\/casa-roja_9d579adc_5180758_250813132834_1200x900.webp\" width=\"1200\" height=\"900\" \/><\/a><\/p>\n<p>Un mirador al Cant\u00e1bricu CASA COLORADA .\u00a0Hotel Casa Colorada Ente les callejuelas del pueblu alcen cases y palacios indianos que cunten la hestoria de la localid\u00e1 que se remonta al sieglu XIX.<\/p>\n<p>Como un mirador sobro&#8217;l Cant\u00e1bricu, Cadavedo (oficialmente Cadav\u00e9u) apaez ment\u00e1u les sos primeres vegaes como una villa propied\u00e1 de la famosa reina Do\u00f1a Pega, conocida tami\u00e9n como \u201cLa Temeraria\u201d. De toes formes, siempres se-y conoci\u00f3 pol so pas\u00e1u marineru y balleneru, y\u00e1 que tiempu tras, mientres la Ed\u00e1 Media, nes sos mari\u00f1es columbrar con normalid\u00e1 estos cet\u00e1ceos.<\/p>\n<p>Foi m\u00e1s palantre, y\u00e1 nel sieglu XIX, cuando la so poblaci\u00f3n m\u00e1s nueva, como la de munchos otros pueblos de la zona, tuvo qu&#8217;emigrar escontra Am\u00e9rica del Sur buscando nueves oportunidaes pa depu\u00e9s volver al so llar. Ye por eso qu&#8217;agora na so fisonom\u00eda reinen cases y palacios indianos que se convirtieron n&#8217;unu de los m\u00e1s grandes curiosos del llugar. Ente elles, la m\u00e1s destacada ye la Casa Colorada, que tien xuna casa ximielga, conoc\u00edes como les Ximielgues de los P\u00e9rez y qu&#8217;agora act\u00faa como hotel.<\/p>\n<p>&nbsp;<\/p>\n<p>Sicas\u00ed, si daqu\u00e9 destaca nes callejuelas d&#8217;esta localid\u00e1 del conceyu de Vald\u00e9s<strong> son los 95 horros tradicionales qu&#8217;inda se caltienen.<\/strong> Nel so momentu fueron construcciones rurales que s&#8217;encargaben de caltener los alimentos llue\u00f1e del mugor, pero na actualid\u00e1 son aut\u00e9ntiques reliquies y testigos de tiempos pasaos, que cunten al travi\u00e9s de la piedra como yera la vida d&#8217;antiguo nestes poblaciones.<\/p>\n<p>Seique&#8217;l<strong> m\u00e1s representativu y emblem\u00e1ticu de toos ye&#8217;l que s&#8217;atopa abargana de la Ermita de la Regalina<\/strong>, dambos aupaos en La Garita, un cantil que se emponer al mar, y que se convirti\u00f3 n&#8217;unu de los llugares favoritos y m\u00e1s almiraos por tolos habitantes del pueblu.<\/p>\n<p style=\"text-align: center\"><a href=\"https:\/\/content-viajes.nationalgeographic.com.es\/medio\/2025\/08\/13\/cadavedo-asturias_12ff3e54_2382840787_250813132907_1200x899.webp\"><img loading=\"lazy\" decoding=\"async\" class=\"aligncenter size-large\" src=\"https:\/\/content-viajes.nationalgeographic.com.es\/medio\/2025\/08\/13\/cadavedo-asturias_12ff3e54_2382840787_250813132907_1200x899.webp\" width=\"1200\" height=\"899\" \/><\/a><\/p>\n<p><strong>La ermita ye unu de los emblemes del pueblu.<\/strong><\/p>\n<p>La ermita, decorada con unos azules estridentes que dacuando se confunden col mesmu mar, ye l&#8217;emblema de la fiesta m\u00e1s importante d&#8217;esta villa y unu de los iconos m\u00e1s representativos de la mari\u00f1a asturiana. <strong>El so orixe remontar al a\u00f1u 1931, cuando&#8217;l Padre Galu, una figura y\u00e1 bien importante na localid\u00e1, quixo dedicar un rinc\u00f3n al cultu y a la veneraci\u00f3n de la patrona<\/strong>. Seg\u00fan cunten les voces populares, la Virxe de la Riegla apaeci\u00f3 nuna casta\u00f1al, del que se fixo xuna coleuta pa construyir la mesma capiya. Foi ent\u00f3s cuando decidi\u00f3 llevantar una estructura nel so nome, a la qu&#8217;agora se dirixen tolos habitantes del pueblu cada \u00faltimu domingu d&#8217;agostu, cuando se celebra la Fiesta de la Regalina, declarada d&#8217;inter\u00e9s tur\u00edsticu nacional.<\/p>\n<p style=\"text-align: center\"><a href=\"https:\/\/content-viajes.nationalgeographic.com.es\/medio\/2025\/08\/13\/cadavedo_be96c7f9_1502786218_250813132943_1200x800.webp\"><img loading=\"lazy\" decoding=\"async\" class=\"aligncenter size-large\" src=\"https:\/\/content-viajes.nationalgeographic.com.es\/medio\/2025\/08\/13\/cadavedo_be96c7f9_1502786218_250813132943_1200x800.webp\" width=\"1200\" height=\"800\" \/><\/a>La sablera principal de la localid\u00e1 ta a tan solo 2 kil\u00f3metros del n\u00facleu urbanu.<\/p>\n<p>A un llau del cantil onde reina la ermita, abrir en forma de concha la sablera conocida como La Ribeirona, onde nel medievu atopaba l&#8217;importante centru balleneru. Distinguida cola Bandera Azul, el so f\u00e1cil accesu -a apenes 2 km del n\u00facleu urbanu- fai que se convierta nuna visita obligada cuando uno visita Cadavedo. Sicas\u00ed, mientres la pleamar, l&#8217;arena queda totalmente somorguiada, dexando en claro la esencia asturiana, onde los paisaxes costeros rexir pol mar afalagando&#8217;l monte.<\/p>\n<p style=\"text-align: center\">\n<!-- iframe plugin v.6.0 wordpress.org\/plugins\/iframe\/ -->\n<iframe loading=\"lazy\" src=\"https:\/\/www.facebook.com\/plugins\/video.php?height=476&#038;href=https%3A%2F%2Fwww.facebook.com%2Freel%2F752835747112951%2F&#038;show_text=false&#038;width=267&#038;t=0\" width=\"267\" height=\"476\" style=\"border:none;overflow:hidden\" scrolling=\"no\" frameborder=\"0\" allowfullscreen=\"true\" allow=\"autoplay; clipboard-write; encrypted-media; picture-in-picture; web-share\" 0=\"\/iframe\" class=\"iframe-class\"><\/iframe>\n<\/p>\n<p>&nbsp;<\/p>\n","protected":false},"excerpt":{"rendered":"<p>Viaxes N. Geographic \/ El pueblu d&#8217;Asturies con una ermita aupada nun cantil \u00aby 95 horros que son reliquies del pas\u00e1u\u00bb. En plenu mariniegu asturianu, una localid\u00e1 del conceyu de Vald\u00e9s emponer al Cant\u00e1bricu con una ermita que se consolid\u00f3 como&#8217;l so s\u00edmbolu.<\/p>\n","protected":false},"author":117,"featured_media":0,"comment_status":"closed","ping_status":"open","sticky":false,"template":"","format":"standard","meta":{"footnotes":""},"categories":[116,93],"tags":[],"class_list":["post-55827","post","type-post","status-publish","format-standard","hentry","category-horru","category-sableres"],"_links":{"self":[{"href":"https:\/\/edublog.educastur.es\/ixuxu\/wp-json\/wp\/v2\/posts\/55827","targetHints":{"allow":["GET"]}}],"collection":[{"href":"https:\/\/edublog.educastur.es\/ixuxu\/wp-json\/wp\/v2\/posts"}],"about":[{"href":"https:\/\/edublog.educastur.es\/ixuxu\/wp-json\/wp\/v2\/types\/post"}],"author":[{"embeddable":true,"href":"https:\/\/edublog.educastur.es\/ixuxu\/wp-json\/wp\/v2\/users\/117"}],"replies":[{"embeddable":true,"href":"https:\/\/edublog.educastur.es\/ixuxu\/wp-json\/wp\/v2\/comments?post=55827"}],"version-history":[{"count":3,"href":"https:\/\/edublog.educastur.es\/ixuxu\/wp-json\/wp\/v2\/posts\/55827\/revisions"}],"predecessor-version":[{"id":55829,"href":"https:\/\/edublog.educastur.es\/ixuxu\/wp-json\/wp\/v2\/posts\/55827\/revisions\/55829"}],"wp:attachment":[{"href":"https:\/\/edublog.educastur.es\/ixuxu\/wp-json\/wp\/v2\/media?parent=55827"}],"wp:term":[{"taxonomy":"category","embeddable":true,"href":"https:\/\/edublog.educastur.es\/ixuxu\/wp-json\/wp\/v2\/categories?post=55827"},{"taxonomy":"post_tag","embeddable":true,"href":"https:\/\/edublog.educastur.es\/ixuxu\/wp-json\/wp\/v2\/tags?post=55827"}],"curies":[{"name":"wp","href":"https:\/\/api.w.org\/{rel}","templated":true}]}}