{"id":55848,"date":"2025-08-17T13:15:05","date_gmt":"2025-08-17T11:15:05","guid":{"rendered":"https:\/\/edublog.educastur.es\/ixuxu\/?p=55848"},"modified":"2025-08-17T14:00:32","modified_gmt":"2025-08-17T12:00:32","slug":"lo-que-nunca-nos-cuntaron-nel-colexu-sobrol-ciclu-de-lagua","status":"publish","type":"post","link":"https:\/\/edublog.educastur.es\/ixuxu\/2025\/08\/lo-que-nunca-nos-cuntaron-nel-colexu-sobrol-ciclu-de-lagua\/","title":{"rendered":"Lo que nunca nos cuntaron nel colexu sobro&#8217;l ciclu de l&#8217;agua"},"content":{"rendered":"<ul>\n<li><a href=\"https:\/\/theconversation.com\/lo-que-nunca-nos-contaron-en-el-colegio-sobre-el-ciclo-del-agua-228808?fbclid=IwY2xjawMOjudleHRuA2FlbQIxMQABHlLICHJUpCvbdmr-D_yQVsA10UIfTWCSub5hWbbuUPcDaibUmiGksGB-JQ8B_aem_vKvadUQC2cXhnxJ4ShThQQ\">Lo que nunca nos cuntaron nel colexu sobro&#8217;l ciclu de l&#8217;agua<\/a><\/li>\n<\/ul>\n<p>El ciclu de l&#8217;agua ye<strong> unu de los conten\u00edos cruciales para conocer el funcionamientu b\u00e1sicu de la hidrosfera nel curr\u00edculu de la educaci\u00f3n obligatoria<\/strong>. \u00bfQui\u00e9n nun lo recuerda? Precipitaciones que na superficie continental conformen la escorrent\u00eda, o que se infiltran nel suelu y alimenten les ag\u00fces soterra\u00f1es. La evaporaci\u00f3n devuelve esti elementu en forma gaseosa a l&#8217;atm\u00f3sfera que, tres la condensaci\u00f3n, forma les nubes que van dar llugar de nuevu a les precipitaciones.<\/p>\n<p style=\"text-align: center\"><a href=\"https:\/\/images.theconversation.com\/files\/592908\/original\/file-20240508-16-ibk5bf.png?ixlib=rb-4.1.0&amp;q=45&amp;auto=format&amp;w=1000&amp;fit=clip\"><img loading=\"lazy\" decoding=\"async\" class=\"aligncenter size-large\" src=\"https:\/\/images.theconversation.com\/files\/592908\/original\/file-20240508-16-ibk5bf.png?ixlib=rb-4.1.0&amp;q=45&amp;auto=format&amp;w=1000&amp;fit=clip\" width=\"1000\" height=\"684\" \/><\/a><\/p>\n<p style=\"text-align: center\"><em>El ciclu hidrol\u00f3xicu o ciclu de l&#8217;agua ye&#8217;l procesu de circulaci\u00f3n de l&#8217;agua<\/em><br \/>\n<em> ente los distintos compartimientos que formen la hidr\u00f3sfera.<\/em><br \/>\n<em> Serviciu Xeol\u00f3xicu d&#8217;Estaos Xun\u00edos \/ Wikimedia Commons<\/em><\/p>\n<p><!--more--><br \/>\nMenor atenci\u00f3n emprest\u00f3se a procesos xeof\u00edsicos de gran importancia como la evapotranspiraci\u00f3n asociada a los seres vivos o la interconexi\u00f3n ente los distintos componentes del ciclu, fundamentalmente los del suelu, el gran escaec\u00edu.<\/p>\n<p>Lo cierto ye que <strong>lo qu&#8217;aprendimos nel colexu resulta incompletu pa entender el complexu funcionamientu de la hidrosfera<\/strong>. Sobremanera, si nun se consideren otros procesos qu&#8217;interfieren directa o indirectamente. N&#8217;especial, la dominaci\u00f3n humana del ciclu de l&#8217;agua ta ausente de representaciones y percepciones, a pesar de que les persones dependemos absolutamente de l&#8217;agua pa la nuesa supervivencia: la ingesta directa, la hixene, la producci\u00f3n d&#8217;alimentos, los procesos industriales o l&#8217;ociu y bienestar.<\/p>\n<p><strong>Saqu\u00e9u nes mases d&#8217;agua<\/strong> Les causes centrales de l&#8217;actual crisis mundial de l&#8217;agua intervienen nel ciclu xuntu colos procesos xeof\u00edsicos y empiecen cola sobresplotaci\u00f3n d&#8217;esti recursu. El 70 % de los acu\u00edferos espa\u00f1oles at\u00f3pense somet\u00edos a estracciones cimeres a les sos recargues. Esto xenera seques de gran magnit\u00fa en zones tan relevantes como los parques nacionales de Do\u00f1ana o les Tables de Daimiel.<\/p>\n<p>Coles mesmes, l&#8217;escesivu consumu d&#8217;agua tresform\u00f3 los nuesos r\u00edos en meres canales, apinaos de banzaos y tresvases. D&#8217;esta miente, el so est\u00e1u ecol\u00f3xicu viose notablemente afect\u00e1u, lo que pon en riesgu los numberosos servicios ecosist\u00e9micos que nos empresten.<\/p>\n<p><strong>La sobresplotaci\u00f3n ta rellacionada col nuesu modelu socioecon\u00f3mico<\/strong>, que toma aspeutos como&#8217;l consumu d&#8217;alimentos que riquen enormes cantidaes d&#8217;agua pa la so producci\u00f3n y modelos agroganaderos intensivos con superficies de riego que siguen amont\u00e1ndose acald\u00eda.<\/p>\n<p style=\"text-align: center\"><a href=\"https:\/\/images.theconversation.com\/files\/592913\/original\/file-20240508-18-ldi8fg.jpg?ixlib=rb-4.1.0&amp;q=30&amp;auto=format&amp;w=600&amp;h=450&amp;fit=crop&amp;dpr=2\"><img loading=\"lazy\" decoding=\"async\" class=\"aligncenter size-large\" src=\"https:\/\/images.theconversation.com\/files\/592913\/original\/file-20240508-18-ldi8fg.jpg?ixlib=rb-4.1.0&amp;q=30&amp;auto=format&amp;w=600&amp;h=450&amp;fit=crop&amp;dpr=2\" width=\"1200\" height=\"900\" \/><\/a><\/p>\n<p style=\"text-align: center\"><em>Los nuevos regad\u00edos dexen el cultivu superintensivo de los olivos, <\/em><br \/>\n<em>una especie tradicionalmente de secanu. <\/em><br \/>\n<em>Michelangelo-36 \/ Wikimedia Commons, CC BY<\/em><\/p>\n<p>Los nuevos regad\u00edos acomu\u00f1ar al cultivu de too tipu de productos, como frutes tropicales (aguacate, mangu\u2026), cultivos con altos requerimientos d&#8217;agua (ma\u00edz, alfalfa\u2026) p&#8217;alimentar al gan\u00e1u, o l&#8217;aumentu de producci\u00f3n de cultivos tradicionalmente de secanu como almendros, olivo o vide.<\/p>\n<p><strong>Turismu, ropa y pesticidas. <\/strong>Completen la ecuaci\u00f3n otres actividaes econ\u00f3miques, como&#8217;l turismu (el consumu d&#8217;agua per turista llega a quintuplicar el consumu per c\u00e1pita local, acomu\u00f1\u00e1u a piscines, saunes, parques tem\u00e1ticos, caltenimientu de zones ajardinadas o golf) y la moda (un quilu d&#8217;algod\u00f3n precisa 10 000 llitros d&#8217;agua pa producise y el so cultivu xenera problemes de sobresplotaci\u00f3n en numberosos ecosistemes acu\u00e1ticos del planeta). De media, enval\u00f3rase que&#8217;l consumu d&#8217;agua pa un campu de golf bazcuya ente los 200 y los 300.000 m3\/a\u00f1u.<\/p>\n<p><strong>Otru factor a tener en cuenta ye la contaminaci\u00f3n de les mases d&#8217;agu<\/strong>a, que degrada los ecosistemes h\u00eddricos y, con ello, los servicios ecosist\u00e9micos que r\u00edos, llagos y acu\u00edferos apurren a la biosfera y al ser humanu.<\/p>\n<p>Por casu, los nitratos d&#8217;orixe agroganadero provoquen que casi&#8217;l 30 % de les ag\u00fces soterra\u00f1es y el 50% de les superficiales presenten xuna mala calid\u00e1. Esti fechu torga l&#8217;accesu a agua potable a una bona parte de la poblaci\u00f3n del pa\u00eds. Otru casu alarmante ye la presencia de pesticidas nes distintes mases d&#8217;agua, especialmente t\u00f3xicos pa la sal\u00fa humana.<\/p>\n<p>A ello suman les alteraciones del mediu f\u00edsicu: la intensa ocupaci\u00f3n de distintes zones de la cuenca por aciu cultivos o urbanizaciones modifica aspeutos cruciales del ciclu de l&#8217;agua, como la evapotranspiraci\u00f3n, la infiltraci\u00f3n o la escorrent\u00eda. Non solo comprometen la disponibilidad del recursu a nivel local, sin\u00f3n qu&#8217;aumenten los riesgos acomu\u00f1aos a fen\u00f3menos clim\u00e1ticos estremos como los hinchentes.<\/p>\n<p><strong>Inxusticia h\u00eddrica<\/strong> A lo \u00faltimo, la xubida de les temperatures acomu\u00f1ada al camb\u00e9u clim\u00e1ticu provoc\u00e1u pola acci\u00f3n humana afecta directamente a distintos procesos del ciclu de l&#8217;agua: aumentu de la fusi\u00f3n de glaciares, de les tases de evaporaci\u00f3n y de evapotranspiraci\u00f3n y camb\u00e9u del r\u00e9xime de precipitaciones.<\/p>\n<p style=\"text-align: center\"><a href=\"https:\/\/images.theconversation.com\/files\/592917\/original\/file-20240508-20-66pkaf.jpg?ixlib=rb-4.1.0&amp;q=30&amp;auto=format&amp;w=600&amp;h=400&amp;fit=crop&amp;dpr=2\"><img loading=\"lazy\" decoding=\"async\" class=\"aligncenter size-large\" src=\"https:\/\/images.theconversation.com\/files\/592917\/original\/file-20240508-20-66pkaf.jpg?ixlib=rb-4.1.0&amp;q=30&amp;auto=format&amp;w=600&amp;h=400&amp;fit=crop&amp;dpr=2\" width=\"1200\" height=\"800\" \/><\/a><br \/>\n<em>El banz\u00e1u de Barrios de Lluna (provincia de Lli\u00f3n) tres la seca de 2017 na Pen\u00ednsula ib\u00e9rica.<\/em><br \/>\n<em> A principios d&#8217;ochobre de 2017 atopar nuna situaci\u00f3n cr\u00edtica al 5 % de la so capacid\u00e1.<\/em><br \/>\n<em> Pablox \/ Wikimedia Commons, CC BY<\/em><\/p>\n<p>De resultes, <strong>la disponibilidad d&#8217;agua duce va en descensu, especialmente en zones xeogr\u00e1fiques como la mediterr\u00e1nea.<\/strong> Sicas\u00ed, el so usu nun fai sin\u00f3n amontase, amosando la nula adaptaci\u00f3n de la poblaci\u00f3n a la realid\u00e1 clim\u00e1tica actual y poniendo en mayor riesgu, si cabo, l&#8217;est\u00e1u ecol\u00f3xicu de les nueses mases d&#8217;agua y ecosistemes.<\/p>\n<p>Poro, la esclusi\u00f3n d&#8217;activid\u00e1 humana de les representaciones del ciclu de l&#8217;agua camufla dalgunes de les crisis socioecol\u00f3gicas m\u00e1s acucioses, incluy\u00edes la segurid\u00e1 y la xusticia h\u00eddrica. Apura arreglar estes faltes y activar recursos y m\u00e9todos educativos como primer pasu escontra la formaci\u00f3n de les persones y escontra una gobernanza equitativa d&#8217;esti recursu esencial dende una visi\u00f3n planetaria, pero col focu puestu no cotidiano.<\/p>\n","protected":false},"excerpt":{"rendered":"<p>Lo que nunca nos cuntaron nel colexu sobro&#8217;l ciclu de l&#8217;agua El ciclu de l&#8217;agua ye unu de los conten\u00edos cruciales para conocer el funcionamientu b\u00e1sicu de la hidrosfera nel curr\u00edculu de la educaci\u00f3n obligatoria. \u00bfQui\u00e9n nun lo recuerda? Precipitaciones que na superficie continental conformen la escorrent\u00eda, o que se infiltran nel suelu y alimenten [&hellip;]<\/p>\n","protected":false},"author":117,"featured_media":0,"comment_status":"closed","ping_status":"open","sticky":false,"template":"","format":"standard","meta":{"footnotes":""},"categories":[245,5],"tags":[],"class_list":["post-55848","post","type-post","status-publish","format-standard","hentry","category-agua","category-tiempu"],"_links":{"self":[{"href":"https:\/\/edublog.educastur.es\/ixuxu\/wp-json\/wp\/v2\/posts\/55848","targetHints":{"allow":["GET"]}}],"collection":[{"href":"https:\/\/edublog.educastur.es\/ixuxu\/wp-json\/wp\/v2\/posts"}],"about":[{"href":"https:\/\/edublog.educastur.es\/ixuxu\/wp-json\/wp\/v2\/types\/post"}],"author":[{"embeddable":true,"href":"https:\/\/edublog.educastur.es\/ixuxu\/wp-json\/wp\/v2\/users\/117"}],"replies":[{"embeddable":true,"href":"https:\/\/edublog.educastur.es\/ixuxu\/wp-json\/wp\/v2\/comments?post=55848"}],"version-history":[{"count":3,"href":"https:\/\/edublog.educastur.es\/ixuxu\/wp-json\/wp\/v2\/posts\/55848\/revisions"}],"predecessor-version":[{"id":55876,"href":"https:\/\/edublog.educastur.es\/ixuxu\/wp-json\/wp\/v2\/posts\/55848\/revisions\/55876"}],"wp:attachment":[{"href":"https:\/\/edublog.educastur.es\/ixuxu\/wp-json\/wp\/v2\/media?parent=55848"}],"wp:term":[{"taxonomy":"category","embeddable":true,"href":"https:\/\/edublog.educastur.es\/ixuxu\/wp-json\/wp\/v2\/categories?post=55848"},{"taxonomy":"post_tag","embeddable":true,"href":"https:\/\/edublog.educastur.es\/ixuxu\/wp-json\/wp\/v2\/tags?post=55848"}],"curies":[{"name":"wp","href":"https:\/\/api.w.org\/{rel}","templated":true}]}}