{"id":55850,"date":"2025-08-17T09:00:22","date_gmt":"2025-08-17T07:00:22","guid":{"rendered":"https:\/\/edublog.educastur.es\/ixuxu\/?p=55850"},"modified":"2025-08-17T13:23:08","modified_gmt":"2025-08-17T11:23:08","slug":"les-llames-o-llapaes-ponen-en-riesgu-los-teitos-de-somiedu","status":"publish","type":"post","link":"https:\/\/edublog.educastur.es\/ixuxu\/2025\/08\/les-llames-o-llapaes-ponen-en-riesgu-los-teitos-de-somiedu\/","title":{"rendered":"Les llames\/llapaes ponen en riesgu los teitos de Somiedu"},"content":{"rendered":"<p>Les llapaes ponen en riesgu los teitos de Somiedu: el fueu amenacia la xoya medioambiental de La Pornacal. La zona ta siendo aisllada del fueu por aciu un cortafueos por que nun afecte a la bra\u00f1a nin llegue al pueblu de Villar de Vildas. <strong>LNE<\/strong> \/ <a href=\"https:\/\/www.lne.es\/fotos\/asturias\/2025\/08\/16\/imagenes-fuego-amenaza-joya-medioambiental-120688554.html\">Semeyes Miki L\u00f3pez<\/a><\/p>\n<p>&nbsp;<\/p>\n<p style=\"text-align: center\"><a href=\"https:\/\/estaticos-cdn.prensaiberica.es\/clip\/ce52efdd-fe62-4137-83c8-a8da3364f1ad_source-aspect-ratio_default_0.jpg\"><img loading=\"lazy\" decoding=\"async\" class=\"aligncenter size-large\" src=\"https:\/\/estaticos-cdn.prensaiberica.es\/clip\/ce52efdd-fe62-4137-83c8-a8da3364f1ad_source-aspect-ratio_default_0.jpg\" width=\"2000\" height=\"1333\" \/><\/a><\/p>\n<p><strong>La bra\u00f1a de La Pornacal, en Somiedu, una de les xoyes medioambientales d&#8217;Asturies<\/strong>, ta so l&#8217;amenaza de les llapaes. Gran parte de los vecinos del conceyu t\u00e1n batallando personalmente contra&#8217;l fueu nesta paraxa natural de gran valor. El so oxetivu inmediatu ye faer un cortafueos por que les llapaes nun s&#8217;espandan a la bra\u00f1a, pero tami\u00e9n asegurar la localid\u00e1 de Villar de Vildas, que s&#8217;atopa barganal del epicentru de la quema.<\/p>\n<p><!--more--><\/p>\n<p style=\"text-align: center\"><a href=\"https:\/\/estaticos-cdn.prensaiberica.es\/clip\/93839de7-3f3e-4e52-9e38-aa23c81621e5_source-aspect-ratio_default_0.jpg\"><img loading=\"lazy\" decoding=\"async\" class=\"aligncenter size-large\" src=\"https:\/\/estaticos-cdn.prensaiberica.es\/clip\/93839de7-3f3e-4e52-9e38-aa23c81621e5_source-aspect-ratio_default_0.jpg\" width=\"2000\" height=\"1333\" \/><\/a><\/p>\n<p>La Pornacal ye la bra\u00f1a m\u00e1s importante de Somiedu por ser l&#8217;asentamientu nel que s&#8217;atopen mayor n\u00famberu de cabanes de teito d&#8217;escoba. Arrodiada por exuberantes montes de fayes y carbayos, esta \u00e1rea presenta una panor\u00e1mica \u00fanica que combina la serenid\u00e1 de la naturaleza cola hestoria y la cultura local.<\/p>\n<p style=\"text-align: center\"><a href=\"https:\/\/estaticos-cdn.prensaiberica.es\/clip\/77b794dd-2d79-4538-8b07-85dc1cdde123_source-aspect-ratio_default_0.jpg\"><img loading=\"lazy\" decoding=\"async\" class=\"aligncenter size-large\" src=\"https:\/\/estaticos-cdn.prensaiberica.es\/clip\/77b794dd-2d79-4538-8b07-85dc1cdde123_source-aspect-ratio_default_0.jpg\" width=\"2000\" height=\"1333\" \/><\/a><\/p>\n<p><strong>Toes estes cabanes at\u00f3pense al pie del ca\u00f1\u00f3n de la llucha contra les llapaes<\/strong>, pero pel momento t\u00e1n intactes. Seg\u00fan l&#8217;alcalde de Somiedu, Belarmino Fern\u00e1ndez, hasta&#8217;l momentu \u201cnun hubo neng\u00fan da\u00f1u sobro nenguna infraestructura\u201d. El restu de bra\u00f1es que contienen cabanes t\u00e1n llibres de peligru, siendo nam\u00e1 la zona de la Pornacal la que s&#8217;atopa en llabores d&#8217;estinci\u00f3n, por aciu un cortafueos estrat\u00e9xicu qu&#8217;aislle la zona de la quema.<\/p>\n<p style=\"text-align: center\"><a href=\"https:\/\/estaticos-cdn.prensaiberica.es\/clip\/c7bc15af-a46d-4fcc-aaa3-ff2ee7f25d7a_source-aspect-ratio_default_0.jpg\"><img loading=\"lazy\" decoding=\"async\" class=\"aligncenter size-large\" src=\"https:\/\/estaticos-cdn.prensaiberica.es\/clip\/c7bc15af-a46d-4fcc-aaa3-ff2ee7f25d7a_source-aspect-ratio_default_0.jpg\" width=\"2000\" height=\"1333\" \/><\/a><\/p>\n<p><strong>Riesgu sobro Villar de Vildas. <\/strong>Otru sector amenaci\u00e1u pol fueu ye Villar de Vildas. El pueblu ent\u00e1 ta llue\u00f1e de les llapaes, pero non fora de peligru. \u201cAgora l&#8217;oxetivu ye cortar el fueu antes de llegar a una distancia cercana del pueblu\u201d, comenta Fern\u00e1ndez, polo que los equipos d&#8217;emerxencia y los vecinos del conceyu t\u00e1n tratando d&#8217;allo\u00f1ar lo m\u00e1ximo posible la quema de Villar de Vildas. La xornada de ma\u00f1ana va ser clave pa evitar que&#8217;l fueu llegue, deb\u00edu en parte a una previsi\u00f3n vista como \u201cdif\u00edcil\u201d deb\u00edu al calor.<\/p>\n<p style=\"text-align: center\"><a href=\"https:\/\/estaticos-cdn.prensaiberica.es\/clip\/286cb13f-7e23-4981-9a3c-13668a31297c_source-aspect-ratio_default_0.jpg\"><img loading=\"lazy\" decoding=\"async\" class=\"aligncenter size-large\" src=\"https:\/\/estaticos-cdn.prensaiberica.es\/clip\/286cb13f-7e23-4981-9a3c-13668a31297c_source-aspect-ratio_default_0.jpg\" width=\"2000\" height=\"1333\" \/><\/a><\/p>\n<p>El fueu entr\u00f3 al travi\u00e9s de la zona alta del Valle de Pig\u00fce\u00f1a, el mayor de Somiedu. D&#8217;ende, pas\u00f3 al Llagu Bonu y al Valle de los Cerezales, que&#8217;l so quema consigui\u00f3 apangase a lo llargo de la tarde. Les llapaes entraron dende Orallo (Lli\u00f3n) y dende Genestoso, en Cangas, dos de les zones m\u00e1s aquexaes poles quemes estos \u00faltimos d\u00edes.<\/p>\n<p>Benarmino Fern\u00e1ndez, lloma la situaci\u00f3n de \u201cun pocu alarmante\u201d, pero ye optimista: \u201cCreo que se va a consiguir que la quema nun llegue al pueblu nin tanto\u201d. Esti focu ye l&#8217;\u00fanicu alcontr\u00e1u nel conceyu somedanu, polo qu&#8217;unu de los oxetivos globales d&#8217;estos d\u00edes ye que la situaci\u00f3n \u201cnun s&#8217;espanda a otres zones de Somiedu\u201d, apunta Fern\u00e1ndez<\/p>\n<p style=\"text-align: center\"><a href=\"https:\/\/estaticos-cdn.prensaiberica.es\/clip\/2bfe0a50-73ac-43e8-bf7b-fa795171f86c_source-aspect-ratio_default_0.jpg\"><img loading=\"lazy\" decoding=\"async\" class=\"aligncenter size-large\" src=\"https:\/\/estaticos-cdn.prensaiberica.es\/clip\/2bfe0a50-73ac-43e8-bf7b-fa795171f86c_source-aspect-ratio_default_0.jpg\" width=\"2000\" height=\"1333\" \/><\/a><\/p>\n","protected":false},"excerpt":{"rendered":"<p>Les llapaes ponen en riesgu los teitos de Somiedu: el fueu amenacia la xoya medioambiental de La Pornacal. La zona ta siendo aisllada del fueu por aciu un cortafueos por que nun afecte a la bra\u00f1a nin llegue al pueblu de Villar de Vildas. LNE \/ Semeyes Miki L\u00f3pez &nbsp; La bra\u00f1a de La Pornacal, [&hellip;]<\/p>\n","protected":false},"author":117,"featured_media":0,"comment_status":"closed","ping_status":"open","sticky":false,"template":"","format":"standard","meta":{"footnotes":""},"categories":[287],"tags":[],"class_list":["post-55850","post","type-post","status-publish","format-standard","hentry","category-incendios"],"_links":{"self":[{"href":"https:\/\/edublog.educastur.es\/ixuxu\/wp-json\/wp\/v2\/posts\/55850","targetHints":{"allow":["GET"]}}],"collection":[{"href":"https:\/\/edublog.educastur.es\/ixuxu\/wp-json\/wp\/v2\/posts"}],"about":[{"href":"https:\/\/edublog.educastur.es\/ixuxu\/wp-json\/wp\/v2\/types\/post"}],"author":[{"embeddable":true,"href":"https:\/\/edublog.educastur.es\/ixuxu\/wp-json\/wp\/v2\/users\/117"}],"replies":[{"embeddable":true,"href":"https:\/\/edublog.educastur.es\/ixuxu\/wp-json\/wp\/v2\/comments?post=55850"}],"version-history":[{"count":3,"href":"https:\/\/edublog.educastur.es\/ixuxu\/wp-json\/wp\/v2\/posts\/55850\/revisions"}],"predecessor-version":[{"id":55853,"href":"https:\/\/edublog.educastur.es\/ixuxu\/wp-json\/wp\/v2\/posts\/55850\/revisions\/55853"}],"wp:attachment":[{"href":"https:\/\/edublog.educastur.es\/ixuxu\/wp-json\/wp\/v2\/media?parent=55850"}],"wp:term":[{"taxonomy":"category","embeddable":true,"href":"https:\/\/edublog.educastur.es\/ixuxu\/wp-json\/wp\/v2\/categories?post=55850"},{"taxonomy":"post_tag","embeddable":true,"href":"https:\/\/edublog.educastur.es\/ixuxu\/wp-json\/wp\/v2\/tags?post=55850"}],"curies":[{"name":"wp","href":"https:\/\/api.w.org\/{rel}","templated":true}]}}