{"id":55860,"date":"2025-08-16T12:45:00","date_gmt":"2025-08-16T10:45:00","guid":{"rendered":"https:\/\/edublog.educastur.es\/ixuxu\/?p=55860"},"modified":"2025-08-17T14:45:26","modified_gmt":"2025-08-17T12:45:26","slug":"uvieu-recibe-un-sofitu-institucional-unanime-a-la-so-candidatura-a-capitalida-europea-na-fidma","status":"publish","type":"post","link":"https:\/\/edublog.educastur.es\/ixuxu\/2025\/08\/uvieu-recibe-un-sofitu-institucional-unanime-a-la-so-candidatura-a-capitalida-europea-na-fidma\/","title":{"rendered":"Uvi\u00e9u recibe un sofitu institucional un\u00e1nime a la so candidatura a capitalid\u00e1 europea na Fidma"},"content":{"rendered":"<ul>\n<li class=\"font-size-xxl margin-b-5 font-weight-b color-b-050 letter-spacing--1 fuente-corporativa\"><a href=\"https:\/\/www.rtpa.es\/noticias-asturias-ast\/2025-08-16\/Uvieu-recibe-un-sofitu-institucional-unanime-a-la-so-candidatura-a-capitalida-europea-na-Fidma_111755344251.html\">Uvi\u00e9u recibe un sofitu institucional un\u00e1nime a la so candidatura a capitalid\u00e1 europea na Fidma<\/a><\/li>\n<\/ul>\n<p style=\"text-align: center\"><a href=\"https:\/\/www.rtpa.es\/fotos\/\/25\/08\/20250816134507_RTPA6993779.webp\"><img loading=\"lazy\" decoding=\"async\" class=\"aligncenter size-large\" src=\"https:\/\/www.rtpa.es\/fotos\/\/25\/08\/20250816134507_RTPA6993779.webp\" width=\"853\" height=\"480\" \/><\/a><\/p>\n<p class=\"font-size-m padding-b-20 font-weight-b margin-t-16\">Canteli sorraya que la capitalid\u00e1 podr\u00eda convertise na oportunid\u00e1 pa crear un nuevu marcu cultural. Unanimid\u00e1 institucional pa sofitar la candidatura d&#8217;Uvi\u00e9u a la Capitalid\u00e1 Europea de la Cultura en 2031.<\/p>\n<p>Foi esta ma\u00f1ana na Feria Internacional de Muestres onde s&#8217;escenific\u00f3&#8217;l consensu a esti proyectu de representantes rexonales y locales de tolos colores pol\u00edticos. L&#8217;alcalde d&#8217;Uvi\u00e9u, Alfredo Cantel\u00ed sorray\u00f3 que<strong> la capitalid\u00e1 podr\u00eda convertise na oportunid\u00e1 pa crear un nuevu marcu cultural n&#8217;Asturies.<\/strong><\/p>\n","protected":false},"excerpt":{"rendered":"<p>Uvi\u00e9u recibe un sofitu institucional un\u00e1nime a la so candidatura a capitalid\u00e1 europea na Fidma Canteli sorraya que la capitalid\u00e1 podr\u00eda convertise na oportunid\u00e1 pa crear un nuevu marcu cultural. Unanimid\u00e1 institucional pa sofitar la candidatura d&#8217;Uvi\u00e9u a la Capitalid\u00e1 Europea de la Cultura en 2031. Foi esta ma\u00f1ana na Feria Internacional de Muestres onde [&hellip;]<\/p>\n","protected":false},"author":117,"featured_media":0,"comment_status":"closed","ping_status":"open","sticky":false,"template":"","format":"standard","meta":{"footnotes":""},"categories":[33],"tags":[],"class_list":["post-55860","post","type-post","status-publish","format-standard","hentry","category-uvieu"],"_links":{"self":[{"href":"https:\/\/edublog.educastur.es\/ixuxu\/wp-json\/wp\/v2\/posts\/55860","targetHints":{"allow":["GET"]}}],"collection":[{"href":"https:\/\/edublog.educastur.es\/ixuxu\/wp-json\/wp\/v2\/posts"}],"about":[{"href":"https:\/\/edublog.educastur.es\/ixuxu\/wp-json\/wp\/v2\/types\/post"}],"author":[{"embeddable":true,"href":"https:\/\/edublog.educastur.es\/ixuxu\/wp-json\/wp\/v2\/users\/117"}],"replies":[{"embeddable":true,"href":"https:\/\/edublog.educastur.es\/ixuxu\/wp-json\/wp\/v2\/comments?post=55860"}],"version-history":[{"count":1,"href":"https:\/\/edublog.educastur.es\/ixuxu\/wp-json\/wp\/v2\/posts\/55860\/revisions"}],"predecessor-version":[{"id":55861,"href":"https:\/\/edublog.educastur.es\/ixuxu\/wp-json\/wp\/v2\/posts\/55860\/revisions\/55861"}],"wp:attachment":[{"href":"https:\/\/edublog.educastur.es\/ixuxu\/wp-json\/wp\/v2\/media?parent=55860"}],"wp:term":[{"taxonomy":"category","embeddable":true,"href":"https:\/\/edublog.educastur.es\/ixuxu\/wp-json\/wp\/v2\/categories?post=55860"},{"taxonomy":"post_tag","embeddable":true,"href":"https:\/\/edublog.educastur.es\/ixuxu\/wp-json\/wp\/v2\/tags?post=55860"}],"curies":[{"name":"wp","href":"https:\/\/api.w.org\/{rel}","templated":true}]}}