{"id":55865,"date":"2025-08-17T13:46:03","date_gmt":"2025-08-17T11:46:03","guid":{"rendered":"https:\/\/edublog.educastur.es\/ixuxu\/?p=55865"},"modified":"2025-08-17T13:55:29","modified_gmt":"2025-08-17T11:55:29","slug":"el-tenor-avilesin-jorge-rodriguez-norton-torna-a-asturies","status":"publish","type":"post","link":"https:\/\/edublog.educastur.es\/ixuxu\/2025\/08\/el-tenor-avilesin-jorge-rodriguez-norton-torna-a-asturies\/","title":{"rendered":"El tenor aviles\u00edn Jorge Rodr\u00edguez-Norton torna a Asturies"},"content":{"rendered":"<div class=\"padding-t-35\"><\/div>\n<div id=\"multimedia\" class=\"capa_imagen_player img-det-not\">\n<div id=\"mediaplayer\">\n<div id=\"video-a-reproducir7580767666\" class=\"video-js vjs-default-skin vjs-16-9 vjs-big-play-centered vjs-paused vjs-fluid video-a-reproducir7580767666-dimensions vjs-controls-enabled vjs-workinghover vjs-v8 vjs-user-active vjs-layout-medium vjs-hls-quality-selector\" lang=\"es\" role=\"region\" aria-label=\"Reproductor de Video\">\n<div class=\"vjs-poster\"><img decoding=\"async\" class=\"aligncenter\" src=\"https:\/\/www.rtpa.es\/fotos\/\/25\/08\/20250816203856_RTPA6994950.webp\" alt=\"\" \/><\/div>\n<div class=\"vjs-text-track-display\" aria-live=\"off\">\n<div><\/div>\n<\/div>\n<\/div>\n<\/div>\n<\/div>\n<div id=\"noticiacompleta\" class=\"parragraph-padding font-c-conent\">\n<p>Realcontr\u00f3se cola familia, nun tiempu de descansu, previu a volver a los escenarios. Tres seis a\u00f1os ensin venir a casa, aprovecha les \u00faltimes hores n&#8217;Asturies pa volver a Valencia carg\u00e1u d&#8217;enerx\u00eda. Am\u00e1s de Bilbao, les sos pr\u00f3ximes actuaciones van ser en Les Arts de Valencia en Salom\u00e9, y en Mallorca va repitir con La Corte del Fara\u00f3n.<\/p>\n<ul>\n<li><a href=\"https:\/\/www.rtpa.es\/noticias-sociedad-ast\/2025-08-16\/El-tenor-avilesin-Jorge-Rodriguez-Norton-torna-a-Asturies_111755368955.html\">TPA<\/a>\/<a href=\"https:\/\/mas.lne.es\/muelologia\/jorgerodriguez-norton.html\">LNE<\/a> \/<strong>Jorge Rodr\u00edguez-Norton:<a href=\"https:\/\/www.flickr.com\/photos\/scharwenka\/7977296464\"> semeyes<\/a> \/ <\/strong><a href=\"https:\/\/www.instagram.com\/norton_tenor\">Instagram<\/a><\/li>\n<\/ul>\n<p><!--more--><\/p>\n<p>Katharina Wagner, bisnieta del compositor Richard Wagner y directora del Festival de Bayreuth d&#8217;Alema\u00f1a, escuch\u00f3 a <strong>Jorge Rodr\u00edguez-Norton<\/strong> nel Lic\u00e9u de Barcelona, y convid\u00f3lu al festival, siendo&#8217;l tercer espa\u00f1ol n&#8217;actuar, tres la sopranu Victoria de los \u00c1ngeles y Pl\u00e1cido Domingo.<\/p>\n<p style=\"text-align: center\"><span class=\"x193iq5w xeuugli x13faqbe x1vvkbs xt0psk2 x1i0vuye xvs91rp xo1l8bm x5n08af x10wh9bi xpm28yp x8viiok x1o7cslx x126k92a\"><span class=\"html-span xexx8yu x4uap5 x18d9i69 xkhd6sd x1hl2dhg x16tdsg8 x1vvkbs x3nfvp2 x1j61x8r x1fcty0u xdj266r xat24cr xgzva0m xhhsvwb xxymvpz xlup9mm x1kky2od\">\n<!-- iframe plugin v.6.0 wordpress.org\/plugins\/iframe\/ -->\n<iframe loading=\"lazy\" src=\"https:\/\/www.instagram.com\/reel\/DKplj8voD75\/embed\" width=\"500\" height=\"555\" 0=\"\/iframe\" scrolling=\"yes\" class=\"iframe-class\" frameborder=\"0\"><\/iframe>\n<\/span><\/span><\/p>\n<p>&nbsp;<\/p>\n<p>Katharina Wagner, bisnieta del compositor Richard Wagner y directora del Festival de Bayreuth, gran referencia del mundu wagneriano, escuch\u00f3 al tenor aviles\u00edn Jorge Rodr\u00edguez-Norton nel Lic\u00e9u de Barcelona, nun \u00abTrist\u00e1n\u00bb. Gracies a esi descubrimientu,<strong> l&#8217;asturianu convirti\u00f3se un a\u00f1u dempu\u00e9s, en xunetu de 2019, nel tercer espa\u00f1ol n&#8217;actuar en Bayreuth<\/strong>, tres la soprano Victoria de los \u00c1nxeles y el tenor Pl\u00e1cido Domingo.<\/p>\n<p>Foi unu de los finxos d&#8217;una carrera n&#8217;ascensu d&#8217;un int\u00e9rprete que, <strong>dende ne\u00f1u, demostr\u00f3 les sos habilidaes para&#8217;l cantar como solista na Escolan\u00eda de Cuadonga.<\/strong><\/p>\n<p style=\"text-align: center\"><a href=\"https:\/\/i.ytimg.com\/vi\/kjJC3fCa0cI\/maxresdefault.jpg\"><img loading=\"lazy\" decoding=\"async\" class=\"aligncenter size-large\" src=\"https:\/\/i.ytimg.com\/vi\/kjJC3fCa0cI\/maxresdefault.jpg\" width=\"1280\" height=\"720\" \/><\/a><\/p>\n<p>&nbsp;<\/p>\n<p>El so \u00faltimu papel foi&#8217;l de protagonista de \u00abTr\u00e9s sombreros de copa\u00bb, nel teatru de la Zarzuela de Madrid.<\/p>\n<p style=\"text-align: center\"><a href=\"https:\/\/mas.lne.es\/muelologia\/media\/jorgerodriguez-norton.jpg\"><img loading=\"lazy\" decoding=\"async\" class=\"aligncenter \" src=\"https:\/\/mas.lne.es\/muelologia\/media\/jorgerodriguez-norton.jpg\" width=\"599\" height=\"766\" \/><\/a><\/p>\n<p>Premi\u00e1u en 2010 y 2013 nel Concursu Internacional de Canto Ciudad de Logro\u00f1o, interpret\u00f3 los roles del marineru de Tristan und Isolde y Gastone de La traviata nel Gran Teatre del Liceu de Barcelona, Froh de Das Rheingold y Goro de Madama Butterfly nel Teatru Campoamor d&#8217;Uvi\u00e9u, Cardona de Do\u00f1a Francisquita y Dionisio nel estrenu absolutu de Tr\u00e9s sombreros de copa de Ricardo Llorca nel Teatru de la Zarzuela de Madrid y Heinrich der Schreiber de Tannh\u00e4user y un pastor de Tristan und Isolde nel Festival de Bayreuth.<\/p>\n<p>Apocay\u00e1 cant\u00f3 Tristan und Isolde nel Teatru de la Maestranza de Sevilla, Juanito de Les golondrines nel Teatru de la Zarzuela de Madrid y La traviata n&#8217;Uvi\u00e9u. Nel Teatru Real particip\u00f3 n&#8217;Un ballo in maschera (2020), L&#8217;abrecartes (2022) y Tristan und Isolde (2023).<\/p>\n<\/div>\n<p style=\"text-align: center\"><a href=\"https:\/\/www.telemadrid.es\/2020\/08\/18\/programas\/madrid-directo-om\/Entrevista-tenor-Jorge-Rodriguez-Norton_2260283974_7906767_1300x731.jpg\"><img loading=\"lazy\" decoding=\"async\" class=\"aligncenter size-large\" src=\"https:\/\/www.telemadrid.es\/2020\/08\/18\/programas\/madrid-directo-om\/Entrevista-tenor-Jorge-Rodriguez-Norton_2260283974_7906767_1300x731.jpg\" width=\"1300\" height=\"731\" \/><\/a><\/p>\n<p>Norton, am\u00e1s de llicenci\u00e1u en Cantar Ll\u00edrico en Valencia, ye un peracab\u00e1u artista pl\u00e1sticu. Estudi\u00f3 na Escuela Superior d&#8217;Arte del Princip\u00e1u.<\/p>\n<p style=\"text-align: center\"><a href=\"https:\/\/e00-elmundo.uecdn.es\/assets\/multimedia\/imagenes\/2022\/07\/29\/16590970857858.jpg\"><img loading=\"lazy\" decoding=\"async\" class=\"aligncenter size-large\" src=\"https:\/\/e00-elmundo.uecdn.es\/assets\/multimedia\/imagenes\/2022\/07\/29\/16590970857858.jpg\" width=\"862\" height=\"820\" \/><\/a><\/p>\n","protected":false},"excerpt":{"rendered":"<p>Realcontr\u00f3se cola familia, nun tiempu de descansu, previu a volver a los escenarios. Tres seis a\u00f1os ensin venir a casa, aprovecha les \u00faltimes hores n&#8217;Asturies pa volver a Valencia carg\u00e1u d&#8217;enerx\u00eda. Am\u00e1s de Bilbao, les sos pr\u00f3ximes actuaciones van ser en Les Arts de Valencia en Salom\u00e9, y en Mallorca va repitir con La Corte [&hellip;]<\/p>\n","protected":false},"author":117,"featured_media":0,"comment_status":"closed","ping_status":"open","sticky":false,"template":"","format":"standard","meta":{"footnotes":""},"categories":[35],"tags":[],"class_list":["post-55865","post","type-post","status-publish","format-standard","hentry","category-musica"],"_links":{"self":[{"href":"https:\/\/edublog.educastur.es\/ixuxu\/wp-json\/wp\/v2\/posts\/55865","targetHints":{"allow":["GET"]}}],"collection":[{"href":"https:\/\/edublog.educastur.es\/ixuxu\/wp-json\/wp\/v2\/posts"}],"about":[{"href":"https:\/\/edublog.educastur.es\/ixuxu\/wp-json\/wp\/v2\/types\/post"}],"author":[{"embeddable":true,"href":"https:\/\/edublog.educastur.es\/ixuxu\/wp-json\/wp\/v2\/users\/117"}],"replies":[{"embeddable":true,"href":"https:\/\/edublog.educastur.es\/ixuxu\/wp-json\/wp\/v2\/comments?post=55865"}],"version-history":[{"count":5,"href":"https:\/\/edublog.educastur.es\/ixuxu\/wp-json\/wp\/v2\/posts\/55865\/revisions"}],"predecessor-version":[{"id":55871,"href":"https:\/\/edublog.educastur.es\/ixuxu\/wp-json\/wp\/v2\/posts\/55865\/revisions\/55871"}],"wp:attachment":[{"href":"https:\/\/edublog.educastur.es\/ixuxu\/wp-json\/wp\/v2\/media?parent=55865"}],"wp:term":[{"taxonomy":"category","embeddable":true,"href":"https:\/\/edublog.educastur.es\/ixuxu\/wp-json\/wp\/v2\/categories?post=55865"},{"taxonomy":"post_tag","embeddable":true,"href":"https:\/\/edublog.educastur.es\/ixuxu\/wp-json\/wp\/v2\/tags?post=55865"}],"curies":[{"name":"wp","href":"https:\/\/api.w.org\/{rel}","templated":true}]}}