{"id":55914,"date":"2025-08-17T16:23:22","date_gmt":"2025-08-17T14:23:22","guid":{"rendered":"https:\/\/edublog.educastur.es\/ixuxu\/?p=55914"},"modified":"2025-08-29T13:52:52","modified_gmt":"2025-08-29T11:52:52","slug":"la-vuelta-a-espana-ilustrase-en-mieres-saul-de-la-rosa-encargase-de-tola-carteleria-de-la-gran-ronda-ciclista","status":"publish","type":"post","link":"https:\/\/edublog.educastur.es\/ixuxu\/2025\/08\/la-vuelta-a-espana-ilustrase-en-mieres-saul-de-la-rosa-encargase-de-tola-carteleria-de-la-gran-ronda-ciclista\/","title":{"rendered":"La Vuelta a Espa\u00f1a il\u00fastrase en Mieres: Sa\u00fal de la Rosa enc\u00e1rgase de tola carteler\u00eda de la gran ronda ciclista."},"content":{"rendered":"<ul>\n<li>Fonte: <a href=\"https:\/\/www.lne.es\/cuencas\/2025\/08\/11\/vuelta-espana-ilustra-mieres-joven-120436874.html?utm_content=imagen&amp;utm_medium=social&amp;utm_campaign=echobox&amp;utm_source=Facebook&amp;fbclid=IwY2xjawMOwzxleHRuA2FlbQIxMABicmlkETFEVHNlSlNkTGs3aTFzTnl4AR69UMwAU2svaOINKF4NVRzkNRC0PsdAJ05c4ea1AjGXDplTYXTr1TzOAhbGNw_aem_es7eCt590-rnKmM5seU4BA#Echobox=1754894065\">LNE<\/a> \/ <strong> Sa\u00fal de la Rosa: <a href=\"https:\/\/www.instagram.com\/sauldelarosa.design\">IG<\/a> \/<\/strong><a href=\"https:\/\/sauldelarosa.com\">web<\/a><strong> \/ <a href=\"https:\/\/www.facebook.com\/sauldelarosadesign\">FB<\/a> \/ \u00a0<a class=\"x1i10hfl xjbqb8w x1ejq31n x18oe1m7 x1sy0etr xstzfhl x972fbf x10w94by x1qhh985 x14e42zd x9f619 x1ypdohk xt0psk2 x3ct3a4 xdj266r x14z9mp xat24cr x1lziwak xexx8yu xyri2b x18d9i69 x1c1uobl x16tdsg8 x1hl2dhg xggy1nq x1a2a7pz _aa9_ _a6hd\" role=\"link\" href=\"https:\/\/www.instagram.com\/explore\/tags\/lavuelta26\/\">#LaVuelta26<\/a>. \/<a class=\"x1i10hfl xjbqb8w x1ejq31n x18oe1m7 x1sy0etr xstzfhl x972fbf x10w94by x1qhh985 x14e42zd x9f619 x1ypdohk xt0psk2 x3ct3a4 xdj266r x14z9mp xat24cr x1lziwak xexx8yu xyri2b x18d9i69 x1c1uobl x16tdsg8 x1hl2dhg xggy1nq x1a2a7pz notranslate _a6hd\" role=\"link\" href=\"https:\/\/www.instagram.com\/lavuelta\/\">@lavuelta<\/a><br \/>\n<\/strong><\/li>\n<\/ul>\n<p>La Vuelta a Espa\u00f1a ilustrar en Mieres: el mozu<strong> Sa\u00fal de la Rosa<\/strong> enc\u00e1rgase de tola carteler\u00eda de la gran ronda ciclista. Esti mierense de 31 a\u00f1os lleg\u00f3&#8217;l pas\u00e1u a\u00f1u para dar un aire anovao al dise\u00f1u gr\u00e1ficu de la prueba: <em>\u00abye un trabayu que te da enforma impulso\u00bb.<\/em><\/p>\n<p style=\"text-align: center\"><span class=\"x193iq5w xeuugli x13faqbe x1vvkbs xt0psk2 x1i0vuye xvs91rp xo1l8bm x5n08af x10wh9bi xpm28yp x8viiok x1o7cslx x126k92a\"><span class=\"html-span xexx8yu x4uap5 x18d9i69 xkhd6sd x1hl2dhg x16tdsg8 x1vvkbs x3nfvp2 x1j61x8r x1fcty0u xdj266r xat24cr xgzva0m xhhsvwb xxymvpz xlup9mm x1kky2od\">\n<!-- iframe plugin v.6.0 wordpress.org\/plugins\/iframe\/ -->\n<iframe loading=\"lazy\" src=\"https:\/\/www.instagram.com\/reel\/C7BvZbvM6zf\/embed\" width=\"500\" height=\"675\" 0=\"\/iframe\" scrolling=\"yes\" class=\"iframe-class\" frameborder=\"0\"><\/iframe>\n<\/span><\/span><\/p>\n<p><!--more--><\/p>\n<p style=\"text-align: center\"><span class=\"x193iq5w xeuugli x13faqbe x1vvkbs xt0psk2 x1i0vuye xvs91rp xo1l8bm x5n08af x10wh9bi xpm28yp x8viiok x1o7cslx x126k92a\"><span class=\"html-span xexx8yu x4uap5 x18d9i69 xkhd6sd x1hl2dhg x16tdsg8 x1vvkbs x3nfvp2 x1j61x8r x1fcty0u xdj266r xat24cr xgzva0m xhhsvwb xxymvpz xlup9mm x1kky2od\">\n<!-- iframe plugin v.6.0 wordpress.org\/plugins\/iframe\/ -->\n<iframe loading=\"lazy\" src=\"https:\/\/www.instagram.com\/reel\/DDxdnEFN-fN\/embed\" width=\"500\" height=\"675\" 0=\"\/iframe\" scrolling=\"yes\" class=\"iframe-class\" frameborder=\"0\"><\/iframe>\n<\/span><\/span><\/p>\n<p>&nbsp;<\/p>\n<p style=\"text-align: center\"><a href=\"https:\/\/estaticos-cdn.prensaiberica.es\/clip\/5c472abe-cdd1-48f9-8ded-50049aa6688c_source-aspect-ratio_default_0.webp\"><img loading=\"lazy\" decoding=\"async\" class=\"aligncenter size-large\" src=\"https:\/\/estaticos-cdn.prensaiberica.es\/clip\/5c472abe-cdd1-48f9-8ded-50049aa6688c_source-aspect-ratio_default_0.webp\" width=\"2000\" height=\"1333\" \/><\/a><\/p>\n<p>Na primer planta del Centru d&#8217;Empreses del Caudal, nel pol\u00edgonu mierense de Vega de Riba, at\u00f3pase unu de los emblemes de la Vuelta Ciclista a Espa\u00f1a. Nun ye un corredor, anque por ed\u00e1 podr\u00eda. Tampoco ta la see d&#8217;un equipu. Dende la oficina<strong> 2.1 coc\u00ednase la imaxe y el dise\u00f1u de tola carteler\u00eda f\u00edsica y para redes sociales de la ronda ciclista espa\u00f1ola. Y tou ta en manos d&#8217;un mozu mierense, Sa\u00fal de La Rosa,<\/strong> que dende&#8217;l pas\u00e1u 2024 ocupar dende&#8217;l so estudiu de pone-y esi puntu modernu a la iconograf\u00eda de la carrera. Y ye qu&#8217;a la fin, como casi tou na vida, la primer impresi\u00f3n siempres entra polos g\u00fceyos.<\/p>\n<p>Sent\u00e1u \u00e9nte la so pimpana pantalla d&#8217;ordenador, esti chaval \u00abde Mieres de tola vida\u00bb, esplica con aselu como surdi\u00f3 la oportunid\u00e1 de trabayar pa una de les tr\u00e9s carreres ciclistes m\u00e1s importantes del mundu xuntu al Tour de Francia y el Xiru d&#8217;Italia. Tou empieza, como casi toles hestories bones, nun chigre. \u00abTaba col fot\u00f3grafu Charly L\u00f3pez, que ye amigu mio, y que nesi momentu taba faciendo un trabayu pal equipu Barh\u00e9in\u00bb, rellata De la Rosa. \u00abD\u00edxome que si-yos quer\u00eda faer un par de cartelos de cara a la carrera Mil\u00e1n-San Remo, y en concencia que nun lo duldar\u00bb, esplica&#8217;l mozu.<\/p>\n<p style=\"text-align: center\"><span class=\"x193iq5w xeuugli x13faqbe x1vvkbs xt0psk2 x1i0vuye xvs91rp xo1l8bm x5n08af x10wh9bi xpm28yp x8viiok x1o7cslx x126k92a\"><span class=\"html-span xexx8yu x4uap5 x18d9i69 xkhd6sd x1hl2dhg x16tdsg8 x1vvkbs x3nfvp2 x1j61x8r x1fcty0u xdj266r xat24cr xgzva0m xhhsvwb xxymvpz xlup9mm x1kky2od\">\n<!-- iframe plugin v.6.0 wordpress.org\/plugins\/iframe\/ -->\n<iframe loading=\"lazy\" src=\"https:\/\/www.instagram.com\/reel\/DJetaresDTX\/embed\" width=\"500\" height=\"675\" 0=\"\/iframe\" scrolling=\"yes\" class=\"iframe-class\" frameborder=\"0\"><\/iframe>\n<\/span><\/span><\/p>\n<p>Aquel primer contactu col deporte de la bicicleta foi&#8217;l principiu d&#8217;una guapa relaci\u00f3n. <em>\u00abA partir d&#8217;ende fixi daqu\u00e9 m\u00e1s pa dellos equipos, y l&#8217;a\u00f1u pas\u00e1u llam\u00e1ronme de Unipublic, la empresa qu&#8217;entama La Vuelta\u00bb<\/em>, rellata&#8217;l dise\u00f1ador. Comunic\u00e1ronlu que quer\u00eden faer un par de cartelos de prueba. Y supero el test con nota. <em>\u00abA partir d&#8217;ende contrat\u00e1ronme cola idea de da-y un xiru al dise\u00f1u y anovar y modernizar cartelos y dem\u00e1s, tantu en formatu f\u00edsicu como pa redes sociales\u00bb<\/em>, indica De la Rosa.<\/p>\n<p><strong>El trabayu<\/strong> Am\u00e1s del cartelu anunciador de la carrera espa\u00f1ola, qu&#8217;angua\u00f1o cumple 90 a\u00f1os, el trabayu de Sa\u00fal de la Rosa nun se queda ende, sin\u00f3n que desque empieza La Vuelta, o inclusive y\u00e1 d\u00edes antes, tien que coyer fuerces pa lo que se vien. <em>\u00abNel mio casu voi trabayando etapa a etapa\u00bb<\/em>, empieza&#8217;l relatu. \u00abL&#8217;a\u00f1u pas\u00e1u, por casu, cuando empezaba la etapa yo taba nun grupu de WhatsApp colos fot\u00f3grafos, y ellos diben llanzando semeyes de los llugares polos que pasaba la carrera, dende flores, monumentos, sitios ic\u00f3nicos\u00bb, esplica De la Rosa.<\/p>\n<p><em>\u00abEnde yo diba guardando lo que m&#8217;interesaba, y cuando terminaba la etapa, siempres ten\u00edamos delles semeyes del ganador celebrando&#8217;l trunfu al entrar en meta\u00bb, continua. Con esa serie d&#8217;imaxes, el dise\u00f1ador mierense pon\u00edase manes a la obra pa realizar un cartelu col ganador d&#8217;etapa y nel que se reflexaren los elementos clave de los sitios por onde escurriera la prueba. \u00abMuncha xente piensa que tenemos d\u00edes pa preparar eso, pero pa nada, va casi sobre la marcha\u00bb<\/em>, indica.<\/p>\n<p style=\"text-align: center\"><a href=\"https:\/\/estaticos-cdn.prensaiberica.es\/clip\/a5aed31b-33e2-4dd9-b514-6571ef4ad573_16-9-discover-aspect-ratio_default_0.webp\"><img loading=\"lazy\" decoding=\"async\" class=\"aligncenter size-large\" src=\"https:\/\/estaticos-cdn.prensaiberica.es\/clip\/a5aed31b-33e2-4dd9-b514-6571ef4ad573_16-9-discover-aspect-ratio_default_0.webp\" width=\"1200\" height=\"675\" \/><\/a><\/p>\n<p><em>El dise\u00f1ador Sa\u00fal de la Rosa, nel so estudiu del Centru d&#8217;Empreses del Caudal.<\/em><\/p>\n<p>Este 2025, con motivu del cit\u00e1u 90.\u00ba aniversariu de la prueba, va haber sorpreses. <em>\u00abLa idea ye que los cartelos s\u00edan toa ilustraciones, y van tener un chisgo a ese pas\u00e1u y toa esa hestoria y trayectoria de tantos a\u00f1os de la carrera\u00bb<\/em>, dibuxa De la Rosa, con una sorrisa y ensin querer desvelar muncho m\u00e1s.<\/p>\n<p><strong>Efem\u00e9rides. <\/strong>Pero esti mozu mierense non solo trabaya para la Vuelta a Espa\u00f1a. Nesti 2025, y ensin querelo, paez tar dedic\u00e1u a dise\u00f1ar pa los aniversarios. Empez\u00f3 coles equipaciones del centenariu de Club Deportivu Tur\u00f3n, y sigue agora col mediu sieglu de la famosa vermuter\u00eda d&#8217;Uvi\u00e9u \u00abEl Palombu\u00bb, pa la que dise\u00f1\u00f3 les botelles y la nueva imaxe pa conmemorar la efem\u00e9rides. De la Rosa tami\u00e9n execut\u00f3 otros trabayos, como dise\u00f1os pal restor\u00e1n que&#8217;l cantante Melendi tien n&#8217;Eivissa, \u00abLa boca xunta\u00bb.<\/p>\n<p>Trabayar pa la Vuelta a Espa\u00f1a ye pa esi mozu un gran aliciente ya impulsu profesional.<em> \u00abA la fin tas con una de los tr\u00e9s mayores pruebes ciclistes del mundu, y eso fai que la xente con\u00f3zate y date cax\u00e9\u00bb<\/em>, esplica. El so retu, agora, ye&#8217;l de poder siguir amest\u00e1u a la Vuelta siquier otra d\u00e9cada, y y\u00e1 que esi a\u00f1u ta diendo d&#8217;aniversarios, cerrar el c\u00edrculu nel centenariu de la carrera espa\u00f1ola. Dende&#8217;l so estudiu en Mieres, esti mozu va siguir trabayando pa ello.<\/p>\n","protected":false},"excerpt":{"rendered":"<p>Fonte: LNE \/ Sa\u00fal de la Rosa: IG \/web \/ FB \/ \u00a0#LaVuelta26. \/@lavuelta La Vuelta a Espa\u00f1a ilustrar en Mieres: el mozu Sa\u00fal de la Rosa enc\u00e1rgase de tola carteler\u00eda de la gran ronda ciclista. Esti mierense de 31 a\u00f1os lleg\u00f3&#8217;l pas\u00e1u a\u00f1u para dar un aire anovao al dise\u00f1u gr\u00e1ficu de la prueba: [&hellip;]<\/p>\n","protected":false},"author":117,"featured_media":0,"comment_status":"closed","ping_status":"open","sticky":false,"template":"","format":"standard","meta":{"footnotes":""},"categories":[133,318],"tags":[],"class_list":["post-55914","post","type-post","status-publish","format-standard","hentry","category-deportes","category-disenu"],"_links":{"self":[{"href":"https:\/\/edublog.educastur.es\/ixuxu\/wp-json\/wp\/v2\/posts\/55914","targetHints":{"allow":["GET"]}}],"collection":[{"href":"https:\/\/edublog.educastur.es\/ixuxu\/wp-json\/wp\/v2\/posts"}],"about":[{"href":"https:\/\/edublog.educastur.es\/ixuxu\/wp-json\/wp\/v2\/types\/post"}],"author":[{"embeddable":true,"href":"https:\/\/edublog.educastur.es\/ixuxu\/wp-json\/wp\/v2\/users\/117"}],"replies":[{"embeddable":true,"href":"https:\/\/edublog.educastur.es\/ixuxu\/wp-json\/wp\/v2\/comments?post=55914"}],"version-history":[{"count":6,"href":"https:\/\/edublog.educastur.es\/ixuxu\/wp-json\/wp\/v2\/posts\/55914\/revisions"}],"predecessor-version":[{"id":56424,"href":"https:\/\/edublog.educastur.es\/ixuxu\/wp-json\/wp\/v2\/posts\/55914\/revisions\/56424"}],"wp:attachment":[{"href":"https:\/\/edublog.educastur.es\/ixuxu\/wp-json\/wp\/v2\/media?parent=55914"}],"wp:term":[{"taxonomy":"category","embeddable":true,"href":"https:\/\/edublog.educastur.es\/ixuxu\/wp-json\/wp\/v2\/categories?post=55914"},{"taxonomy":"post_tag","embeddable":true,"href":"https:\/\/edublog.educastur.es\/ixuxu\/wp-json\/wp\/v2\/tags?post=55914"}],"curies":[{"name":"wp","href":"https:\/\/api.w.org\/{rel}","templated":true}]}}