{"id":55939,"date":"2025-08-17T21:00:14","date_gmt":"2025-08-17T19:00:14","guid":{"rendered":"https:\/\/edublog.educastur.es\/ixuxu\/?p=55939"},"modified":"2025-08-17T21:39:54","modified_gmt":"2025-08-17T19:39:54","slug":"asturies-caltien-el-nivel-maximu-dalerta-magar-lameyoramientu-na-evolucion-del-fueu","status":"publish","type":"post","link":"https:\/\/edublog.educastur.es\/ixuxu\/2025\/08\/asturies-caltien-el-nivel-maximu-dalerta-magar-lameyoramientu-na-evolucion-del-fueu\/","title":{"rendered":"Asturies caltien el nivel m\u00e1ximu d&#8217;alerta magar l&#8217;ameyoramientu na evoluci\u00f3n del fueu"},"content":{"rendered":"<p>Asturies caltien el nivel m\u00e1ximu d&#8217;alerta magar l&#8217;ameyoramientu na evoluci\u00f3n del fueu. <a href=\"https:\/\/www.rtpa.es\/noticias-asturias\/2025-08-17\/Asturias-registra-este-domingo-12-incendios-forestales,-seis-activos_111755427944.html?fbclid=IwY2xjawMPDqhleHRuA2FlbQIxMQABHscSWDXWO9-3-O9iT2t2OMVLKQ8k4ewEud1pYDk7WDojWinsqc3JleacQY1N_aem_krEuWNBAvv3iAO5390d7lg\">TPA<\/a><\/p>\n<p style=\"text-align: center\"><a href=\"https:\/\/www.rtpa.es\/fotos\/\/25\/08\/20250817202005_RTPA6998279.webp\"><img loading=\"lazy\" decoding=\"async\" class=\"aligncenter size-large\" src=\"https:\/\/www.rtpa.es\/fotos\/\/25\/08\/20250817202005_RTPA6998279.webp\" width=\"853\" height=\"480\" \/><\/a><\/p>\n<p><strong>El Princip\u00e1u rexistra esti domingu 14 quemes forestales, siete activos.<\/strong>\u00a0 El conseyeru de Xesti\u00f3n d&#8217;Emerxencies del Princip\u00e1u, Alejandro Calvo, asegur\u00f3 esti domingu que la situaci\u00f3n de les quemes n&#8217;Asturies evoluciona de manera \u00abm\u00e1s favorable\u00bb, anque alvirti\u00f3 que&#8217;l nivel d&#8217;alerta caltener nel so grau m\u00e1ximu y que los dispositivos d&#8217;estinci\u00f3n van siguir esplegaos nos principales focos.<\/p>\n<p><!--more--><\/p>\n<p>Tocantes a los trabayos d&#8217;estinci\u00f3n, se\u00f1al\u00f3 que la mayor intensid\u00e1 caltener nel suroccidente asturianu, onde les quemes llegaes dende Lli\u00f3n afecten a zones de Somiedu, Cangas y Dega\u00f1a.<\/p>\n<p>La evoluci\u00f3n ye \u00abm\u00e1s favorable\u00bb, gracies al camb\u00e9u d&#8217;orientaci\u00f3n del aire y al llabor de los equipos esplegaos nes zones de cume, declar\u00f3 Calvo a los periodistes, en participando esta tarde na xunta de Cecopi nel Centru d&#8217;Emerxencies d&#8217;Asturies, en La Morgal, nel conceyu de Llanera.<\/p>\n<p>El conseyeru apunt\u00f3 que siete quemes s&#8217;atopen activos na rex\u00f3n en Dega\u00f1a, Bezanes (Casu), Taranes (Ponga), Camarme\u00f1a (Cabrales), Vil.lamarcel\/Faedo (Quir\u00f3s), y Genestoso y Somiedu, les dos lling\u00fces nes que deriv\u00f3&#8217;l fueu procedente de Orallo, en Lli\u00f3n, a los xuni\u00f3se un fueu en Caunedo\/G\u00fca, tami\u00e9n en Somiedu.<\/p>\n<p>La situaci\u00f3n \u00abameyora\u00bb, anque la esmolici\u00f3n caltiense \u00abintacta\u00bb, dixo&#8217;l titular d&#8217;Emerxencies, que constata que la evoluci\u00f3n ye \u00abpositiva\u00bb pero \u00abinda bien variable\u00bb.<\/p>\n<p>\u00c9nte la posibilid\u00e1 de que dalgunos de les quemes pudieren ser provocaos, confirm\u00f3 que y\u00e1 s&#8217;investiga un casu, qu&#8217;analicen les brigaes d&#8217;investigaci\u00f3n, los axentes medioambientales y el Seprona de la Guardia Civil: \u00abEll\u00ed onde haya una quema intencional tien que cayer tol pesu de la llei\u00bb.<\/p>\n<p>En referencia a les evacuaciones realizaes nos \u00faltimos d\u00edes en localidaes del suroccidente, precis\u00f3 que nun fueron completes, sin\u00f3n preventives y empobinaes a les persones m\u00e1s vulnerables.<\/p>\n<p>Nel casu de los pueblos de Cangas, detall\u00f3 que fueron sobremanera vecinos d&#8217;ed\u00e1 avanzada que se treslladaron con familiares, residentes na capital canguesa.<\/p>\n<p>\u00abNun hai previsi\u00f3n de afectaci\u00f3n a n\u00facleos de poblaci\u00f3n nesti momentu, anque caltenemos dispositivos preparaos para actuar si fuera necesariu\u00bb, sorray\u00f3 Calvo.<\/p>\n<p>En relaci\u00f3n cola superficie afectada, el conseyeru apunt\u00f3 que les quemes atropen na comunid\u00e1 un per\u00edmetru global que supera les 4.000 hect\u00e1rees, anque la estensi\u00f3n quemada real podr\u00eda ser ente un 30 y un 40 per cientu menor, magar les cifres definitives dixo que nun se conocer\u00e1n hasta cuando se llogre escastar cada unu de los fueos.<\/p>\n<p>Asturies amonta a les 20:30 d&#8217;esti domingu hasta catorce les quemes forestales, d&#8217;ellos siete activos al sumar un focu qu&#8217;ambura en Caunedo \/ G\u00fca, nel conceyu de Somiedu, frente a los que&#8217;l Princip\u00e1u act\u00faa col mayor esplegue de medios de la so hestoria pa intentar encalorar el fueu.<\/p>\n<p>Am\u00e1s de los siete fueos activos, otres cuatro quemes permanecen controlaos y tr\u00e9s estabilizaos o en revisi\u00f3n, seg\u00fan inform\u00f3&#8217;l Serviciu d&#8217;Emerxencies de la comunid\u00e1.<\/p>\n<p>El restu de fueos activos alluguense en Dega\u00f1a, Bezanes (Casu), Taranes (Ponga), Camarme\u00f1a (Cabrales), Vil.lamarcel\/Faedo (Quir\u00f3s), y Xinestosu y Somiedu, les dos lling\u00fces nes que deriv\u00f3&#8217;l fueu procedente de Orallo, en Lli\u00f3n.<\/p>\n<p>Les cuatro quemes que permanecen controlaos se Cangas y Coa\u00f1a, con dos en cada conceyu, ente que los tr\u00e9s estabilizaos se emplazan en Vilanova d&#8217;Ozcos, Ponga y Tin\u00e9u.<\/p>\n<p>L&#8217;operativu que ta trabayando nos llabores d&#8217;estinci\u00f3n ta conform\u00e1u por efectivos del SEPA, Brif, Unid\u00e1 Militar d&#8217;Emerxencies, axentes medioambientales y empreses forestales, am\u00e1s d&#8217;una brigada helitransportada de Castiella-La Mancha y medios a\u00e9reos del Ministeriu pa la Transici\u00f3n Ecol\u00f3xica y de Bomberes d&#8217;Asturies.<\/p>\n","protected":false},"excerpt":{"rendered":"<p>Asturies caltien el nivel m\u00e1ximu d&#8217;alerta magar l&#8217;ameyoramientu na evoluci\u00f3n del fueu. TPA El Princip\u00e1u rexistra esti domingu 14 quemes forestales, siete activos.\u00a0 El conseyeru de Xesti\u00f3n d&#8217;Emerxencies del Princip\u00e1u, Alejandro Calvo, asegur\u00f3 esti domingu que la situaci\u00f3n de les quemes n&#8217;Asturies evoluciona de manera \u00abm\u00e1s favorable\u00bb, anque alvirti\u00f3 que&#8217;l nivel d&#8217;alerta caltener nel so [&hellip;]<\/p>\n","protected":false},"author":117,"featured_media":0,"comment_status":"closed","ping_status":"open","sticky":false,"template":"","format":"standard","meta":{"footnotes":""},"categories":[287],"tags":[],"class_list":["post-55939","post","type-post","status-publish","format-standard","hentry","category-incendios"],"_links":{"self":[{"href":"https:\/\/edublog.educastur.es\/ixuxu\/wp-json\/wp\/v2\/posts\/55939","targetHints":{"allow":["GET"]}}],"collection":[{"href":"https:\/\/edublog.educastur.es\/ixuxu\/wp-json\/wp\/v2\/posts"}],"about":[{"href":"https:\/\/edublog.educastur.es\/ixuxu\/wp-json\/wp\/v2\/types\/post"}],"author":[{"embeddable":true,"href":"https:\/\/edublog.educastur.es\/ixuxu\/wp-json\/wp\/v2\/users\/117"}],"replies":[{"embeddable":true,"href":"https:\/\/edublog.educastur.es\/ixuxu\/wp-json\/wp\/v2\/comments?post=55939"}],"version-history":[{"count":1,"href":"https:\/\/edublog.educastur.es\/ixuxu\/wp-json\/wp\/v2\/posts\/55939\/revisions"}],"predecessor-version":[{"id":55940,"href":"https:\/\/edublog.educastur.es\/ixuxu\/wp-json\/wp\/v2\/posts\/55939\/revisions\/55940"}],"wp:attachment":[{"href":"https:\/\/edublog.educastur.es\/ixuxu\/wp-json\/wp\/v2\/media?parent=55939"}],"wp:term":[{"taxonomy":"category","embeddable":true,"href":"https:\/\/edublog.educastur.es\/ixuxu\/wp-json\/wp\/v2\/categories?post=55939"},{"taxonomy":"post_tag","embeddable":true,"href":"https:\/\/edublog.educastur.es\/ixuxu\/wp-json\/wp\/v2\/tags?post=55939"}],"curies":[{"name":"wp","href":"https:\/\/api.w.org\/{rel}","templated":true}]}}