{"id":55948,"date":"2025-08-17T21:00:04","date_gmt":"2025-08-17T19:00:04","guid":{"rendered":"https:\/\/edublog.educastur.es\/ixuxu\/?p=55948"},"modified":"2025-08-17T21:47:36","modified_gmt":"2025-08-17T19:47:36","slug":"el-sepa-encamienta-lusu-de-mazcaros-nes-arees-mas-afectaes-polos-fueos","status":"publish","type":"post","link":"https:\/\/edublog.educastur.es\/ixuxu\/2025\/08\/el-sepa-encamienta-lusu-de-mazcaros-nes-arees-mas-afectaes-polos-fueos\/","title":{"rendered":"El Sepa encamienta l&#8217;usu de m\u00e1zcaros nes \u00e1rees m\u00e1s afectaes polos fueos"},"content":{"rendered":"<p><a href=\"https:\/\/www.rtpa.es\/noticias-asturias-ast\/2025-08-17\/El-Sepa-encamienta-l'usu-de-mazcaros-nes-arees-mas-afectaes-polos-fueos_111755455099.html\">TPA<\/a> \/<\/p>\n<p style=\"text-align: center\"><a href=\"https:\/\/www.rtpa.es\/fotos\/\/25\/08\/20250817202605_RTPA6998314.webp\"><img loading=\"lazy\" decoding=\"async\" class=\"aligncenter size-large\" src=\"https:\/\/www.rtpa.es\/fotos\/\/25\/08\/20250817202605_RTPA6998314.webp\" width=\"853\" height=\"480\" \/><\/a><\/p>\n<p class=\"font-size-m padding-b-20 font-weight-b margin-t-16\">Calvo se\u00f1ala que nun ye necesario activar neng\u00fan protocolu especial pola calid\u00e1 del aire.<strong> El fueu dexa una capa trupa de cenices que tapa&#8217;l sol.<\/strong> Una cortina mariella tirando a gris que, sicas\u00ed, nun necesita, dixo Alejandro Calvo, conseyeru de Movilid\u00e1, Mediu Ambiente y Xesti\u00f3n d&#8217;Emerxencies, activar neng\u00fan protocolu especial pola calid\u00e1 del aire.<\/p>\n<p>Seya como fuera, el Sepa encamienta&#8217;l confinamientu y l&#8217;usu de m\u00e1zcaros a los habitantes de les \u00e1rees m\u00e1s perxudicaes pol fumu y la ceniza.<\/p>\n<p><!--more--><\/p>\n<p>Esta capa trupa nun desapareci\u00f3 en tol domingu. Ye un mar de povisa y de polvu sah.arianu en suspensi\u00f3n el qu&#8217;encapot\u00f3&#8217;l cielu del Princip\u00e1u.<\/p>\n<p>El gobiernu afita que l&#8217;aire nun ye peligroso pa la sal\u00fa, anque encamienta a les persones mayores y con dificultaes respiratories de les \u00e1rees afectaes pol fueu a que se confinen nes sos cases.<\/p>\n<p>La nubosid\u00e1 turbia que nos cubre g\u00fcelse solo nel suroccidente, que va tener qu&#8217;aguantar hasta&#8217;l mi\u00e9rcoles, d\u00eda nel que se prev\u00e9 que llegu\u00e9&#8217;l dese\u00e1u mugor.<\/p>\n<p>Cuesta alendar y va costar tami\u00e9n asimilar que paraxes ensin igual nun volver\u00e1n ser lo mesmo.<\/p>\n","protected":false},"excerpt":{"rendered":"<p>TPA \/ Calvo se\u00f1ala que nun ye necesario activar neng\u00fan protocolu especial pola calid\u00e1 del aire. El fueu dexa una capa trupa de cenices que tapa&#8217;l sol. Una cortina mariella tirando a gris que, sicas\u00ed, nun necesita, dixo Alejandro Calvo, conseyeru de Movilid\u00e1, Mediu Ambiente y Xesti\u00f3n d&#8217;Emerxencies, activar neng\u00fan protocolu especial pola calid\u00e1 del [&hellip;]<\/p>\n","protected":false},"author":117,"featured_media":0,"comment_status":"closed","ping_status":"open","sticky":false,"template":"","format":"standard","meta":{"footnotes":""},"categories":[287,48],"tags":[],"class_list":["post-55948","post","type-post","status-publish","format-standard","hentry","category-incendios","category-salu"],"_links":{"self":[{"href":"https:\/\/edublog.educastur.es\/ixuxu\/wp-json\/wp\/v2\/posts\/55948","targetHints":{"allow":["GET"]}}],"collection":[{"href":"https:\/\/edublog.educastur.es\/ixuxu\/wp-json\/wp\/v2\/posts"}],"about":[{"href":"https:\/\/edublog.educastur.es\/ixuxu\/wp-json\/wp\/v2\/types\/post"}],"author":[{"embeddable":true,"href":"https:\/\/edublog.educastur.es\/ixuxu\/wp-json\/wp\/v2\/users\/117"}],"replies":[{"embeddable":true,"href":"https:\/\/edublog.educastur.es\/ixuxu\/wp-json\/wp\/v2\/comments?post=55948"}],"version-history":[{"count":1,"href":"https:\/\/edublog.educastur.es\/ixuxu\/wp-json\/wp\/v2\/posts\/55948\/revisions"}],"predecessor-version":[{"id":55949,"href":"https:\/\/edublog.educastur.es\/ixuxu\/wp-json\/wp\/v2\/posts\/55948\/revisions\/55949"}],"wp:attachment":[{"href":"https:\/\/edublog.educastur.es\/ixuxu\/wp-json\/wp\/v2\/media?parent=55948"}],"wp:term":[{"taxonomy":"category","embeddable":true,"href":"https:\/\/edublog.educastur.es\/ixuxu\/wp-json\/wp\/v2\/categories?post=55948"},{"taxonomy":"post_tag","embeddable":true,"href":"https:\/\/edublog.educastur.es\/ixuxu\/wp-json\/wp\/v2\/tags?post=55948"}],"curies":[{"name":"wp","href":"https:\/\/api.w.org\/{rel}","templated":true}]}}