{"id":55950,"date":"2025-08-17T21:10:04","date_gmt":"2025-08-17T19:10:04","guid":{"rendered":"https:\/\/edublog.educastur.es\/ixuxu\/?p=55950"},"modified":"2025-08-17T21:49:45","modified_gmt":"2025-08-17T19:49:45","slug":"la-fundacion-osu-califica-la-situacion-de-desastre-mediuambiental","status":"publish","type":"post","link":"https:\/\/edublog.educastur.es\/ixuxu\/2025\/08\/la-fundacion-osu-califica-la-situacion-de-desastre-mediuambiental\/","title":{"rendered":"La Fundaci\u00f3n Osu califica la situaci\u00f3n de \u00abdesastre mediuambiental\u00bb"},"content":{"rendered":"<div class=\"padding-t-35\">\n<p class=\"font-size-xxl margin-b-5 font-weight-b color-b-050 letter-spacing--1 fuente-corporativa\"><a href=\"https:\/\/www.rtpa.es\/noticias-asturias-ast\/2025-08-16\/La-Fundacion-Osu-califica-la-situacion-de-&quot;desastre-mediuambiental&quot;_111755368568.html\">TPA<\/a>\/<\/p>\n<\/div>\n<figure class=\"position-r hover-zoom\"><img decoding=\"async\" class=\"img-responsive position-a top-0 left-0 width-0100 aligncenter\" src=\"https:\/\/www.rtpa.es\/fotos\/\/25\/08\/20250816202635_RTPA6994932.webp\" alt=\"Cierre de la ruta del Cares\" \/><\/figure>\n<div id=\"noticiacompleta\" class=\"parragraph-padding font-c-conent\">\n<p class=\"font-size-m padding-b-20 font-weight-b margin-t-16\">La Coordinadora Ecoloxista denuncia<strong> que se calti\u00e9n disparada la contaminaci\u00f3n polos incendios.<\/strong>\u00a0Dende la Fundaci\u00f3n Osu Pardu f\u00e1lase y\u00e1 de \u00abcat\u00e1strofe mediuambiental\u00bb. Guillermo Palomero, director de la Fundaci\u00f3n Osu Pardu, asegura qu\u2019hai munches rutes oseres, calcinaes dafechu.\u00a0La Coordinadora Ecoloxista denuncia que se calti\u00e9n disparada la contaminaci\u00f3n polos incendios.<\/p>\n<div id=\"contenedor-center1\" class=\"container text-align-c padding-t-20 padding-b-30 hidden-md-down\" aria-hidden=\"true\"><span class=\"text-trans-u padding-b-5 display-b font-weight-l font-size-xxs color-b-060\"><!--more--><\/span><\/div>\n<p>Dende la Coordinadora Ecoloxista d\u2019Asturies denuncien que se calti\u00e9n disparada la contaminaci\u00f3n por micropart\u00edcules per toa Asturies por mor de los incendios forestales. Les condiciones, afirmen, son mui desfavoratibles na zona del Narcea. Desfavoratibles n\u2019Uvi\u00e9u y Avil\u00e9s y regular en Xix\u00f3n y Mieres.<\/p>\n<p>El sector tur\u00edsticu de Cabrales rexistra p\u00e9rdides de m\u00e1s del 50% pol incendiu forestal de Los Picos d\u2019Europa<\/p>\n<p>El sector tur\u00edsticu del conceyu de Cabrales rexistra p\u00e9rdides de m\u00e1s del 50% pol incendiu forestal de Los Picos d\u2019Europa.<\/p>\n<p>Los establecimientos tur\u00edsticos de Cabrales lleven dos d\u00edes recibiendo cancelaciones d\u2019\u00faltima hora polos incendios de Los Picos d\u2019Europa.<\/p>\n<p>En Camarme\u00f1a, los hosteleros t\u00e1n ufiertando los sos servicios con della normalid\u00e1 porque l\u2019incendiu forestal nun ta afectando a la poblaci\u00f3n cabraliega, seg\u00fan los afectaos.<\/p>\n<p>La ruta del Cares lleva y\u00e1 cuatro d\u00edes zarrada a los senderistes ente Poncebos y Ca\u00edn por riesgu d\u2019argayos.<\/p>\n<\/div>\n<p>&nbsp;<\/p>\n","protected":false},"excerpt":{"rendered":"<p>TPA\/ La Coordinadora Ecoloxista denuncia que se calti\u00e9n disparada la contaminaci\u00f3n polos incendios.\u00a0Dende la Fundaci\u00f3n Osu Pardu f\u00e1lase y\u00e1 de \u00abcat\u00e1strofe mediuambiental\u00bb. Guillermo Palomero, director de la Fundaci\u00f3n Osu Pardu, asegura qu\u2019hai munches rutes oseres, calcinaes dafechu.\u00a0La Coordinadora Ecoloxista denuncia que se calti\u00e9n disparada la contaminaci\u00f3n polos incendios.<\/p>\n","protected":false},"author":117,"featured_media":0,"comment_status":"closed","ping_status":"open","sticky":false,"template":"","format":"standard","meta":{"footnotes":""},"categories":[287,221],"tags":[],"class_list":["post-55950","post","type-post","status-publish","format-standard","hentry","category-incendios","category-mediu-ambiente"],"_links":{"self":[{"href":"https:\/\/edublog.educastur.es\/ixuxu\/wp-json\/wp\/v2\/posts\/55950","targetHints":{"allow":["GET"]}}],"collection":[{"href":"https:\/\/edublog.educastur.es\/ixuxu\/wp-json\/wp\/v2\/posts"}],"about":[{"href":"https:\/\/edublog.educastur.es\/ixuxu\/wp-json\/wp\/v2\/types\/post"}],"author":[{"embeddable":true,"href":"https:\/\/edublog.educastur.es\/ixuxu\/wp-json\/wp\/v2\/users\/117"}],"replies":[{"embeddable":true,"href":"https:\/\/edublog.educastur.es\/ixuxu\/wp-json\/wp\/v2\/comments?post=55950"}],"version-history":[{"count":2,"href":"https:\/\/edublog.educastur.es\/ixuxu\/wp-json\/wp\/v2\/posts\/55950\/revisions"}],"predecessor-version":[{"id":55952,"href":"https:\/\/edublog.educastur.es\/ixuxu\/wp-json\/wp\/v2\/posts\/55950\/revisions\/55952"}],"wp:attachment":[{"href":"https:\/\/edublog.educastur.es\/ixuxu\/wp-json\/wp\/v2\/media?parent=55950"}],"wp:term":[{"taxonomy":"category","embeddable":true,"href":"https:\/\/edublog.educastur.es\/ixuxu\/wp-json\/wp\/v2\/categories?post=55950"},{"taxonomy":"post_tag","embeddable":true,"href":"https:\/\/edublog.educastur.es\/ixuxu\/wp-json\/wp\/v2\/tags?post=55950"}],"curies":[{"name":"wp","href":"https:\/\/api.w.org\/{rel}","templated":true}]}}