{"id":55967,"date":"2025-08-17T20:00:40","date_gmt":"2025-08-17T18:00:40","guid":{"rendered":"https:\/\/edublog.educastur.es\/ixuxu\/?p=55967"},"modified":"2025-08-17T22:21:02","modified_gmt":"2025-08-17T20:21:02","slug":"55967","status":"publish","type":"post","link":"https:\/\/edublog.educastur.es\/ixuxu\/2025\/08\/55967\/","title":{"rendered":"El pabell\u00f3n del Princip\u00e1u na Fidma, dedic\u00e1u a la cultura sidrera, bati r\u00e9cord hist\u00f3ricu con m\u00e1s de 100.000 visitantes"},"content":{"rendered":"<p style=\"text-align: center\"><a href=\"https:\/\/actualidad.asturias.es\/documents\/537115\/2750548\/consejera+Fidma+2.jpeg\/0433efbe-2e82-d911-6618-7519ebf8f223?t=1755435142352\"><img loading=\"lazy\" decoding=\"async\" class=\"aligncenter size-large\" src=\"https:\/\/actualidad.asturias.es\/documents\/537115\/2750548\/consejera+Fidma+2.jpeg\/0433efbe-2e82-d911-6618-7519ebf8f223?t=1755435142352\" width=\"1600\" height=\"1200\" \/><\/a><\/p>\n<p><a href=\"https:\/\/actualidad.asturias.es\/-\/el-pabell\u00f3n-del-principado-en-la-fidma-dedicado-a-la-cultura-sidrera-bate-r\u00e9cord-hist\u00f3rico-con-m\u00e1s-de-100.000-visitantes?redirect=%2F\">Actualid\u00e1 Asturies<\/a> \/<\/p>\n<p>El pabell\u00f3n del Princip\u00e1u na Fidma, dedic\u00e1u a la cultura sidrera, bati r\u00e9cord hist\u00f3ricu con m\u00e1s de 100.000 visitantes. El estand, qu&#8217;acoy\u00f3 m\u00e1s de 104 actividaes y una programaci\u00f3n centrada na b\u00e9bora rexonal, conect\u00f3 con p\u00fablicu de toles edaes y procedencies. Esta edici\u00f3n marca un m\u00e1ximu de participaci\u00f3n, con una media diaria de m\u00e1s de 7.000 persones y picos d&#8217;hasta 11.950 n&#8217;una sola xornada L&#8217;apueste del Executivu auton\u00f3micu por un programa tresversal y participativu convirti\u00f3 l&#8217;espositor nun referente de dinamizaci\u00f3n cultural, industrial, institucional y tur\u00edstica.<\/p>\n<p><!--more--><\/p>\n<p>La conseyera de Cultura, Pol\u00edtica Lling\u00fc\u00edstica y Deporte, Vanessa Guti\u00e9rrez, visit\u00f3 g\u00fcei el pabell\u00f3n institucional del Gobiernu d&#8217;Asturies na Feria Internacional d&#8217;Amueses d&#8217;Asturies (Fidma), onde fixo balance d&#8217;una edici\u00f3n hist\u00f3rica: el estand super\u00f3 los 100.000 visitantes, una cifra que convierte esta edici\u00f3n na m\u00e1s allegada desque se tien rexistru.<\/p>\n<p><strong>El d\u00eda de mayor arribaci\u00f3n foi&#8217;l 13 d&#8217;agostu, con 11.950 persones<\/strong>, lo que tami\u00e9n marca un r\u00e9cord diariu absolutu. En comparanza con 2024, la crecedera foi significativu: pas\u00f3se de 87.640 a 100.169 visitantes, ensin cuntar ent\u00e1 los datos d&#8217;esta \u00faltima xornada.<\/p>\n<p>\u201cL&#8217;\u00e9situ atayante del estand nesta edici\u00f3n, que los sos datos definitivos d&#8217;arribaci\u00f3n van suponer en redol a 20.000 visitantes m\u00e1s que&#8217;l pas\u00e1u a\u00f1u -nel que y\u00e1 llogremos unes cifres bien positives-, amuesa la estraordinaria identificaci\u00f3n de la ciudadan\u00eda cola cultura sidrera asturiana, apocay\u00e1 reconocida pola UNESCO como Patrimoniu Cultural Inmaterial de la Humanid\u00e1, y el gran curiosu de la nuesa singularid\u00e1 para les persones que nos visiten, seg\u00fan el compromisu del Gobiernu col nuesu patrimoniu, la nuesa cultura tradicional y les sos diverses manifestaciones\u201d, valor\u00f3 Guti\u00e9rrez.<\/p>\n<p>Sol lema <strong>Asturies ye sidrera. Lo&#8217;l nuesu ye mundial<\/strong>, el pabell\u00f3n ufiert\u00f3 una esperiencia inmersiva que dex\u00f3 al p\u00fablicu percorrer el ciclu completu de la sidra, dende la pumarada hasta&#8217;l escanci\u00e1u, con m\u00e1s de 104 actividaes dise\u00f1aes para tolos p\u00fablicos. Talleres gastron\u00f3micos y art\u00edsticos, esperiencies virtuales, cantares de chigre, cuentacuentos, recreaciones hist\u00f3riques, degustaciones y demostraciones d&#8217;escanci\u00e1u enllenaron cada xornada de conten\u00edu y participaci\u00f3n.<\/p>\n<p>&nbsp;<\/p>\n<p style=\"text-align: center\"><a href=\"https:\/\/actualidad.asturias.es\/documents\/537115\/2750548\/consejera+Fidma+5.jpeg\/74106c63-ed18-baac-fa38-ef729d501c93?t=1755435142538\"><img loading=\"lazy\" decoding=\"async\" class=\"aligncenter size-large\" src=\"https:\/\/actualidad.asturias.es\/documents\/537115\/2750548\/consejera+Fidma+5.jpeg\/74106c63-ed18-baac-fa38-ef729d501c93?t=1755435142538\" width=\"2040\" height=\"1536\" \/><\/a><\/p>\n<p><strong>El perfil de visitantes foi mayoritariamente de la comunid\u00e1 (85,07 %), anque tami\u00e9n se rexistr\u00f3 una notable presencia nacional (13,14%) ya internacional (1,79%).<\/strong> La participaci\u00f3n foi masiva y constante, con aforos completos na mayor\u00eda d&#8217;actividaes.<\/p>\n<p>Am\u00e1s, celebr\u00e1ronse 26 visites institucionales oficiales y 27 presentaciones, actos y xuntes de trabayu, consolidando&#8217;l pabell\u00f3n como espaciu de referencia para la proyecci\u00f3n institucional y la cooperaci\u00f3n intersectorial.<\/p>\n<p>Unu de los momentos clave d&#8217;estes selmanes foi la presentaci\u00f3n, el pas\u00e1u 12 d&#8217;agostu, del Programa tresa\u00f1al d&#8217;acciones de preservaci\u00f3n y promoci\u00f3n de la cultura sidrera asturiana, una estratexa integral que recueye 115 mid\u00edes arrexuntaes en cinco grandes exes. Esti programa tresa\u00f1al, impuls\u00e1u pol Executivu auton\u00f3micu, busca convertir la cultura sidrera en motor de desenvolvimientu territorial, tur\u00edsticu, educativu, econ\u00f3micu y cultural.<\/p>\n<p>&nbsp;<\/p>\n<p style=\"text-align: center\"><a href=\"https:\/\/actualidad.asturias.es\/documents\/537115\/2750548\/consejera+Fidma+1.jpeg\/1c79a343-1ea4-6bfc-9378-4073c6dc818e?t=1755435142716\"><img loading=\"lazy\" decoding=\"async\" class=\"aligncenter \" src=\"https:\/\/actualidad.asturias.es\/documents\/537115\/2750548\/consejera+Fidma+1.jpeg\/1c79a343-1ea4-6bfc-9378-4073c6dc818e?t=1755435142716\" width=\"581\" height=\"772\" \/><\/a><\/p>\n<p>La conseyera sorray\u00f3 tami\u00e9n l&#8217;altu \u00edndiz de prestu del p\u00fablicu que visit\u00f3&#8217;l estand, seg\u00fan la participaci\u00f3n nel mesmu de numberoses entidaes, persones espertes y empreses del sector: \u201cLa ciudadan\u00eda fixo so esti llugar, porque la cultura ye un espaciu de di\u00e1logu, tradici\u00f3n y alcuentru que compartimos y forma parte de la nuesa identid\u00e1. La puesta en valor d&#8217;esi patrimoniu com\u00fan y la collaboraci\u00f3n con numberosos axentes ya instituciones foi l&#8217;\u00e9situ de la candidatura nel so momentu, y l&#8217;\u00e9situ agora d&#8217;esti estand y de toa iniciativa que reconoz lo nueso con arguyu de pertenencia\u201d.<\/p>\n<p><em><strong>\u201cEsta edici\u00f3n de Fidma constit\u00fai un finxu. Batimos r\u00e9cords, pero sobremanera reforcemos el venceyu ente Asturies y el so patrimoniu. La cultura sidrera ye tradici\u00f3n, ye innovaci\u00f3n, motor econ\u00f3micu, sostenibilid\u00e1, ye comunid\u00e1 y, principalmente, un futuru escontra&#8217;l qu&#8217;avanzamos de la mano\u201d<\/strong><\/em>, concluy\u00f3 Guti\u00e9rrez.<\/p>\n<p style=\"text-align: center\"><a href=\"https:\/\/actualidad.asturias.es\/documents\/537115\/2750548\/consejera+Fidma+3.jpeg\/1a401a6d-2783-d0c0-69a4-95218ae18034?t=1755435142421\"><img loading=\"lazy\" decoding=\"async\" class=\"aligncenter size-large\" src=\"https:\/\/actualidad.asturias.es\/documents\/537115\/2750548\/consejera+Fidma+3.jpeg\/1a401a6d-2783-d0c0-69a4-95218ae18034?t=1755435142421\" width=\"2040\" height=\"1536\" \/><\/a><\/p>\n","protected":false},"excerpt":{"rendered":"<p>Actualid\u00e1 Asturies \/ El pabell\u00f3n del Princip\u00e1u na Fidma, dedic\u00e1u a la cultura sidrera, bati r\u00e9cord hist\u00f3ricu con m\u00e1s de 100.000 visitantes. El estand, qu&#8217;acoy\u00f3 m\u00e1s de 104 actividaes y una programaci\u00f3n centrada na b\u00e9bora rexonal, conect\u00f3 con p\u00fablicu de toles edaes y procedencies. Esta edici\u00f3n marca un m\u00e1ximu de participaci\u00f3n, con una media diaria [&hellip;]<\/p>\n","protected":false},"author":117,"featured_media":0,"comment_status":"closed","ping_status":"open","sticky":false,"template":"","format":"standard","meta":{"footnotes":""},"categories":[209,156],"tags":[],"class_list":["post-55967","post","type-post","status-publish","format-standard","hentry","category-fidma-xixon","category-sidre"],"_links":{"self":[{"href":"https:\/\/edublog.educastur.es\/ixuxu\/wp-json\/wp\/v2\/posts\/55967","targetHints":{"allow":["GET"]}}],"collection":[{"href":"https:\/\/edublog.educastur.es\/ixuxu\/wp-json\/wp\/v2\/posts"}],"about":[{"href":"https:\/\/edublog.educastur.es\/ixuxu\/wp-json\/wp\/v2\/types\/post"}],"author":[{"embeddable":true,"href":"https:\/\/edublog.educastur.es\/ixuxu\/wp-json\/wp\/v2\/users\/117"}],"replies":[{"embeddable":true,"href":"https:\/\/edublog.educastur.es\/ixuxu\/wp-json\/wp\/v2\/comments?post=55967"}],"version-history":[{"count":5,"href":"https:\/\/edublog.educastur.es\/ixuxu\/wp-json\/wp\/v2\/posts\/55967\/revisions"}],"predecessor-version":[{"id":55972,"href":"https:\/\/edublog.educastur.es\/ixuxu\/wp-json\/wp\/v2\/posts\/55967\/revisions\/55972"}],"wp:attachment":[{"href":"https:\/\/edublog.educastur.es\/ixuxu\/wp-json\/wp\/v2\/media?parent=55967"}],"wp:term":[{"taxonomy":"category","embeddable":true,"href":"https:\/\/edublog.educastur.es\/ixuxu\/wp-json\/wp\/v2\/categories?post=55967"},{"taxonomy":"post_tag","embeddable":true,"href":"https:\/\/edublog.educastur.es\/ixuxu\/wp-json\/wp\/v2\/tags?post=55967"}],"curies":[{"name":"wp","href":"https:\/\/api.w.org\/{rel}","templated":true}]}}