{"id":55988,"date":"2025-08-18T08:00:00","date_gmt":"2025-08-18T06:00:00","guid":{"rendered":"https:\/\/edublog.educastur.es\/ixuxu\/?p=55988"},"modified":"2025-08-17T22:43:41","modified_gmt":"2025-08-17T20:43:41","slug":"el-tiempu-el-comercio-119","status":"publish","type":"post","link":"https:\/\/edublog.educastur.es\/ixuxu\/2025\/08\/el-tiempu-el-comercio-119\/","title":{"rendered":"El tiempu (El Comercio)"},"content":{"rendered":"<p><a href=\"https:\/\/s2.ppllstatics.com\/elcomercio\/www\/multimedia\/2025\/08\/17\/tiempo-asturias-lunes-18-agosto-kqzG-U2302588077118HVD-1200x840@El%20Comercio.jpg\"><img loading=\"lazy\" decoding=\"async\" class=\"aligncenter size-large\" src=\"https:\/\/s2.ppllstatics.com\/elcomercio\/www\/multimedia\/2025\/08\/17\/tiempo-asturias-lunes-18-agosto-kqzG-U2302588077118HVD-1200x840@El%20Comercio.jpg\" width=\"1200\" height=\"840\" \/><\/a><\/p>\n<p><strong>Esperamos una xornada bien nubosa en tol Princip\u00e1u.<\/strong> Estes nubes van dexar precipitaciones de calter d\u00e9bil sobremanera <strong>mientres la ma\u00f1ana<\/strong> cuidao que, a priori, la tarde va presentase m\u00e1s estable. Estos orbayos van ser m\u00e1s frecuentes nel centru y nel oriente asturianu, ente que la probabilid\u00e1 de precipitaciones nel occidente va ser bien baxa.<strong> Los vientos<\/strong> van ser fluexos predominando de norte.<\/p>\n<p><strong>Les temperatures m\u00e1xime<\/strong>s van baxar hasta 8 \u00baC nel cordal, hasta 4 o 5 \u00baC nel restu del interior, y de forma m\u00e1s llixera van baxar na mari\u00f1a. <strong>Les m\u00ednimes<\/strong> van baxar tami\u00e9n nel interior anque se van caltener ensin cambeos na mari\u00f1a.<\/p>\n<p><!--more--><\/p>\n<p><strong>El martes<\/strong> tami\u00e9n va ser un d\u00eda nublu anque se preve l&#8217;apertura de delles escamplaes pel oeste a lo llargo del d\u00eda. A pesar de la nubosidad, apenes s&#8217;esperen ag\u00fces para ma\u00f1ana. Les temperatures m\u00e1ximes nun van variar salvu nel cordal centro-oriental onde llixeramente van xubir. Les m\u00ednimes van baxar un poco m\u00e1s nam\u00e1 nel interior.<\/p>\n<p><strong>Vamos siguir el mi\u00e9rcoles<\/strong> con nubes n&#8217;Asturies. Apr\u00e9ciase un encl\u00edn a xubir les temperatures y a un mayor protagonismu del sol de cara a la recta final de selmana.<\/p>\n<p>&nbsp;<\/p>\n","protected":false},"excerpt":{"rendered":"<p>Esperamos una xornada bien nubosa en tol Princip\u00e1u. Estes nubes van dexar precipitaciones de calter d\u00e9bil sobremanera mientres la ma\u00f1ana cuidao que, a priori, la tarde va presentase m\u00e1s estable. Estos orbayos van ser m\u00e1s frecuentes nel centru y nel oriente asturianu, ente que la probabilid\u00e1 de precipitaciones nel occidente va ser bien baxa. Los [&hellip;]<\/p>\n","protected":false},"author":117,"featured_media":0,"comment_status":"closed","ping_status":"open","sticky":false,"template":"","format":"standard","meta":{"footnotes":""},"categories":[5],"tags":[],"class_list":["post-55988","post","type-post","status-publish","format-standard","hentry","category-tiempu"],"_links":{"self":[{"href":"https:\/\/edublog.educastur.es\/ixuxu\/wp-json\/wp\/v2\/posts\/55988","targetHints":{"allow":["GET"]}}],"collection":[{"href":"https:\/\/edublog.educastur.es\/ixuxu\/wp-json\/wp\/v2\/posts"}],"about":[{"href":"https:\/\/edublog.educastur.es\/ixuxu\/wp-json\/wp\/v2\/types\/post"}],"author":[{"embeddable":true,"href":"https:\/\/edublog.educastur.es\/ixuxu\/wp-json\/wp\/v2\/users\/117"}],"replies":[{"embeddable":true,"href":"https:\/\/edublog.educastur.es\/ixuxu\/wp-json\/wp\/v2\/comments?post=55988"}],"version-history":[{"count":1,"href":"https:\/\/edublog.educastur.es\/ixuxu\/wp-json\/wp\/v2\/posts\/55988\/revisions"}],"predecessor-version":[{"id":55989,"href":"https:\/\/edublog.educastur.es\/ixuxu\/wp-json\/wp\/v2\/posts\/55988\/revisions\/55989"}],"wp:attachment":[{"href":"https:\/\/edublog.educastur.es\/ixuxu\/wp-json\/wp\/v2\/media?parent=55988"}],"wp:term":[{"taxonomy":"category","embeddable":true,"href":"https:\/\/edublog.educastur.es\/ixuxu\/wp-json\/wp\/v2\/categories?post=55988"},{"taxonomy":"post_tag","embeddable":true,"href":"https:\/\/edublog.educastur.es\/ixuxu\/wp-json\/wp\/v2\/tags?post=55988"}],"curies":[{"name":"wp","href":"https:\/\/api.w.org\/{rel}","templated":true}]}}