{"id":56005,"date":"2025-08-24T14:54:33","date_gmt":"2025-08-24T12:54:33","guid":{"rendered":"https:\/\/edublog.educastur.es\/ixuxu\/?p=56005"},"modified":"2025-08-24T20:13:26","modified_gmt":"2025-08-24T18:13:26","slug":"56005","status":"publish","type":"post","link":"https:\/\/edublog.educastur.es\/ixuxu\/2025\/08\/56005\/","title":{"rendered":"El drag\u00f3n azul, un moluscu mar\u00edn que ta invadi\u00e9ndonos&#8230;"},"content":{"rendered":"<p style=\"text-align: center\"><a href=\"https:\/\/estaticos-cdn.prensaiberica.es\/clip\/2f24f6f3-0054-45c2-afda-26d04ed19794_16-9-discover-aspect-ratio_default_0.webp\"><img loading=\"lazy\" decoding=\"async\" class=\"aligncenter size-large\" src=\"https:\/\/estaticos-cdn.prensaiberica.es\/clip\/2f24f6f3-0054-45c2-afda-26d04ed19794_16-9-discover-aspect-ratio_default_0.webp\" width=\"1200\" height=\"675\" \/><\/a><\/p>\n<p>El protagonista d&#8217;estes imaxes ye&#8217;l drag\u00f3n azul (Glaucus atlanticus), un pequenu moluscu mar\u00edn d&#8217;apenes 3 a 4 cent\u00edmetros. A pesar del so diminutu tama\u00f1u, la so apariencia ye atanante: un intensu color azul con tonos plateaos que lo camuflen na superficie del mar, faci\u00e9ndolo casi invisible. \ud83c\udf0a<a href=\"https:\/\/www.instagram.com\/p\/DNsg7XzWBVh\/?igsh=OXRrODRsMzM1cGMw&amp;fbclid=IwY2xjawMX7ItleHRuA2FlbQIxMQABHqiFl1HpGA0lietnPzTlvdOjUe2QiAK8Mh50Ga1Weo1RsLkDzOPI4mU26ESQ_aem_9JYm3GbowaMuntnR8Tz4Eg\"> Info IG<\/a> \/ <a href=\"https:\/\/www.lne.es\/tv-espectaculos\/2025\/08\/22\/dragon-azul-criatura-marina-causa-120844592.html?utm_content=imagen&amp;utm_medium=social&amp;utm_campaign=echobox&amp;utm_source=Facebook&amp;fbclid=IwY2xjawMX7QBleHRuA2FlbQIxMABicmlkETBjSjM0UXBoZDdWSW1ybFBRAR6F4mptmaVtyum6QAkzXi1BzkrJrBY5mcGrYSmH2Jjiu4Zy5obezxdFv2Aaqg_aem_4LWXTT7I8LwiAxOVfqhOzA#Echobox=1755894036\"><strong>LNE<\/strong> <\/a>\/<\/p>\n<p><!--more--><\/p>\n<p style=\"text-align: center\"><span class=\"x193iq5w xeuugli x13faqbe x1vvkbs xt0psk2 x1i0vuye xvs91rp xo1l8bm x5n08af x10wh9bi xpm28yp x8viiok x1o7cslx x126k92a\"><span class=\"html-span xexx8yu x4uap5 x18d9i69 xkhd6sd x1hl2dhg x16tdsg8 x1vvkbs x3nfvp2 x1j61x8r x1fcty0u xdj266r xat24cr xgzva0m xhhsvwb xxymvpz xlup9mm x1kky2od\">\n<!-- iframe plugin v.6.0 wordpress.org\/plugins\/iframe\/ -->\n<iframe loading=\"lazy\" src=\"https:\/\/www.instagram.com\/reel\/DNsloJx2KKB\/embed\" width=\"500\" height=\"675\" 0=\"\/iframe\" scrolling=\"yes\" class=\"iframe-class\" frameborder=\"0\"><\/iframe>\n<\/span><\/span><\/p>\n<p><strong>Anque&#8217;l so aspeutu ye fascinante, nun ye inofensivu.<\/strong> Esti nudibranquio alim\u00e9ntase d&#8217;aguamales venenoses como la carabela portuguesa, almacenando les sos toxines para defendese. Por eso, un contactu directu con \u00e9l puede provocar dolioses picadures na piel humano, similares o inclusive peores que les de les mesmes aguamales. \u26a1<\/p>\n<p style=\"text-align: center\"><a href=\"https:\/\/www.elmira.es\/asset\/thumbnail,992,558,center,center\/media\/elmira\/images\/2025\/07\/30\/2025073012213659408.jpg\"><img loading=\"lazy\" decoding=\"async\" class=\"aligncenter size-large\" src=\"https:\/\/www.elmira.es\/asset\/thumbnail,992,558,center,center\/media\/elmira\/images\/2025\/07\/30\/2025073012213659408.jpg\" width=\"992\" height=\"558\" \/><\/a><\/p>\n<p>Nos \u00faltimos d\u00edes, la so presencia aument\u00f3 en mari\u00f1es espa\u00f1oles, lo que llev\u00f3 al zarru de delles sableres. La so llegada debese a la busca d&#8217;ag\u00fces templaes, y el so remanecimientu nel Mediterr\u00e1neu ye tou un eventu, pos nun se columbraba dende fai m\u00e1s de 300 a\u00f1os. Una criatura formosa y peligrosa que nos recuerda lo misterioso del oc\u00e9anu. \ud83d\udc09<\/p>\n<p style=\"text-align: center\">\n<!-- iframe plugin v.6.0 wordpress.org\/plugins\/iframe\/ -->\n<iframe loading=\"lazy\" width=\"100%\" height=\"423\" src=\"https:\/\/www.youtube.com\/embed\/0jvAjlOP3dA\" title=\"El drag\u00f3n azul, la peque\u00f1a babosa marina que ha cerrado la playa de Guardamar | EL PA\u00cdS\" frameborder=\"0\" allow=\"accelerometer; autoplay; clipboard-write; encrypted-media; gyroscope; picture-in-picture; web-share\" referrerpolicy=\"strict-origin-when-cross-origin\" 0=\"allowfullscreen\" 1=\"\/iframe\" scrolling=\"yes\" class=\"iframe-class\"><\/iframe>\n<\/p>\n<p><span style=\"color: #008080\"><strong>Encamientos \u00e9nte la presencia del drag\u00f3n azul:<\/strong><\/span><\/p>\n<ul>\n<li><span style=\"color: #008080\">Nun lo toques nin lo recueyas: inclusive inerte, puede urticar.<\/span><\/li>\n<li><span style=\"color: #008080\">En casu de contactu, lava con agua salao, non con dulce; nun estregues.<\/span><\/li>\n<li><span style=\"color: #008080\">Retira restos con pinces, aplica fr\u00edu local y allega a un centru sanitariu si hai reacci\u00f3n.<\/span><\/li>\n<li><span style=\"color: #008080\">Avisa a socorristes o Polic\u00eda Local p&#8217;activar el protocolu.<\/span><\/li>\n<\/ul>\n<p style=\"text-align: center\"><a href=\"https:\/\/www.elmira.es\/asset\/thumbnail,1280,720,center,center\/media\/elmira\/images\/2025\/07\/30\/2025073012174591177.jpg\"><img loading=\"lazy\" decoding=\"async\" class=\"aligncenter size-large\" src=\"https:\/\/www.elmira.es\/asset\/thumbnail,1280,720,center,center\/media\/elmira\/images\/2025\/07\/30\/2025073012174591177.jpg\" width=\"1280\" height=\"720\" \/><\/a><\/p>\n<p>El drag\u00f3n azul, un peque\u00f1u de 2 cent\u00edmetros que<strong> llibera venenu para defendese.\u00a0<\/strong>El Glaucus atlanticus ye un nudibranquio \u2014una especie de llimiagu mar\u00edn ensin concha\u2014 que vive en mar abiertu llexando p\u00e1mpana abaxo, gracies a una burbuya de gas que caltien nel so est\u00f3magu. D\u00e9xase llevar poles corrientes marines y el vientu, y por eso puede llegar a la vera de forma inesperada. El so espectacular color azul met\u00e1licu na parte cimera act\u00faa como camuflaxe contra&#8217;l cielu, ente que&#8217;l so parte ventral plateada despintase de posibles depredadores marinos.<\/p>\n<p><strong>Pero la so defensa m\u00e1s poderosa mora na so alimentaci\u00f3n<\/strong>. N\u00fatrise d&#8217;organismos urticantes como la carabela portuguesa y otros hidrozoos, y ye capaz d&#8217;almacenar les sos toxines nel so cuerpu para lliberales cuando se siente amenaci\u00e1u. Esta capacid\u00e1 conv\u00edertelu nun moluscu venenosu para los humanos, anque non agresivu.<\/p>\n<p style=\"text-align: center\"><a href=\"https:\/\/www.elmira.es\/asset\/thumbnail,1280,720,center,center\/media\/elmira\/images\/2025\/07\/30\/2025073012222685309.jpg\"><img loading=\"lazy\" decoding=\"async\" class=\"aligncenter size-large\" src=\"https:\/\/www.elmira.es\/asset\/thumbnail,1280,720,center,center\/media\/elmira\/images\/2025\/07\/30\/2025073012222685309.jpg\" width=\"1080\" height=\"720\" \/><\/a><\/p>\n<p>El drag\u00f3n azul: la criatura marina que causa rax\u00f3n (y mieu) nes sableres d&#8217;Andaluc\u00eda. Un pequenu moluscu d&#8217;apenes 4 cent\u00edmetros revolucion\u00f3&#8217;l branu andaluz. El drag\u00f3n azul: la criatura marina que causa rax\u00f3n (y mieu) nes sableres d&#8217;Andaluc\u00eda.<\/p>\n<p>Les sableres de C\u00e1diz y M\u00e1laga vivieron nos \u00faltimos d\u00edes un fen\u00f3menu inesper\u00e1u: la llegada del drag\u00f3n azul (Glaucus atlanticus), un moluscu mar\u00edn tan guapu como peligrosu. El so aspeutu paez sac\u00e1u d&#8217;un cuentu fant\u00e1sticu \u2014con tonos azules brillantes y formes que recuerden a una criatura mitol\u00f3xica\u2014, pero la so presencia oblig\u00f3 inclusive a cerrar sableres al ba\u00f1u, como asocedi\u00f3 en Santa B\u00e1rbara (La Ll\u00ednea de la Concepci\u00f3n).<\/p>\n<p style=\"text-align: center\">\n<!-- iframe plugin v.6.0 wordpress.org\/plugins\/iframe\/ -->\n<iframe loading=\"lazy\" src=\"https:\/\/www.facebook.com\/plugins\/video.php?height=476&#038;href=https%3A%2F%2Fwww.facebook.com%2Freel%2F1533844554691121%2F&#038;show_text=false&#038;width=267&#038;t=0\" width=\"267\" height=\"476\" style=\"border:none;overflow:hidden\" scrolling=\"no\" frameborder=\"0\" allowfullscreen=\"true\" allow=\"autoplay; clipboard-write; encrypted-media; picture-in-picture; web-share\" 0=\"\/iframe\" class=\"iframe-class\"><\/iframe>\n<\/p>\n<p><strong>Un visitante inesper\u00e1u.\u00a0<\/strong>Anque&#8217;l so h\u00e1bitat natural son les ag\u00fces tropicales, esti branu rexistr\u00e1ronse avistamientos en puntos como Fuengirola, Guardamar (Alicante), Mallorca, Lanzarote y hasta la Mari\u00f1a del Sol. Seg\u00fan los espertos, la so llegada podr\u00eda tar rellacionada col camb\u00e9u clim\u00e1ticu: l&#8217;aumentu de la temperatura del mar y les fuertes corrientes marines tar\u00eden favoreciendo que lleguen a zones onde nunca antes s&#8217;hab\u00eden vistu.<\/p>\n<p><strong>Tan guapu como da\u00f1ible.\u00a0<\/strong>El drag\u00f3n azul nun ye mortal, pero <strong>puede provocar irritaci\u00f3n, vultures, mareos y un fuerte resquemor al entrar en contactu cola piel.<\/strong> Alim\u00e9ntase d&#8217;aguamales y carabeles portugueses, lo que fai qu&#8217;heriede parte de la so tosicid\u00e1. L&#8217;encamientu ye clara: nun tocalo de nenguna manera, nin siquier con guantes, y avisar a socorristes si det\u00e9ctase dalgunu na vera.<\/p>\n<p>Mientres dalgunos ba\u00f1istes viven con medrana la posibilid\u00e1 d&#8217;atopase con esti drag\u00f3n en miniatura\u201d, otros espertos piden aselu. Juan Lucas Cervera, catedr\u00e1ticu de la Universid\u00e1 de C\u00e1diz, rest\u00f3 dramatismu asegurando que \u201ccerrar una sablera por 3 o 4 exemplares produzme risa\u201d. Inclusive confiesa qu&#8217;\u00e9l mesmu tar\u00eda dispuestu a coyelu coles manos.<\/p>\n<p><strong>Ente&#8217;l mitu y la realid\u00e1.\u00a0<\/strong>Con apenes cuatro cent\u00edmetros de llargor, el drag\u00f3n azul pas\u00f3 de ser una rareza marina a convertise nel protagonista inesper\u00e1u del branu 2025. Nun se rexistraron picadures hasta la fecha, pero la so sola presencia nes ag\u00fces andaluces desamarr\u00f3 titulares, mieu\u2026 y tami\u00e9n fascinaci\u00f3n.<\/p>\n<p style=\"text-align: center\"><a href=\"https:\/\/www.elmira.es\/asset\/thumbnail,992,558,center,center\/media\/elmira\/images\/2025\/08\/18\/2025081811503218543.jpg\"><img loading=\"lazy\" decoding=\"async\" class=\"aligncenter \" src=\"https:\/\/www.elmira.es\/asset\/thumbnail,992,558,center,center\/media\/elmira\/images\/2025\/08\/18\/2025081811503218543.jpg\" width=\"574\" height=\"323\" \/><\/a><\/p>\n<p>Esta selmana un ba\u00f1ista columbr\u00f3 a dos exemplares de drag\u00f3n azul una espectacular especie de moluscu o llimiagu mar\u00edn, nes sableres de Vivers, en Guardamar del Segura (Alicante). L&#8217;arenal acab\u00f3 zarr\u00e1u al ba\u00f1u hasta a otru d\u00eda. Lo mesmo asocedi\u00f3 na sablera de Santa B\u00e1rbara en La Ll\u00ednea de la Concepci\u00f3n y nes de la Garita y Famara en Lanzarote.<\/p>\n<p style=\"text-align: center\"><a href=\"https:\/\/static.grupojoly.com\/clip\/a0efbc52-0fd1-4e9c-922c-04ac70827903_source-aspect-ratio_1600w_0.webp\"><img loading=\"lazy\" decoding=\"async\" class=\"aligncenter size-large\" src=\"https:\/\/static.grupojoly.com\/clip\/a0efbc52-0fd1-4e9c-922c-04ac70827903_source-aspect-ratio_1600w_0.webp\" width=\"1600\" height=\"2133\" \/><\/a><\/p>\n<p>El pesllerazu d\u00e9bese a que, a pesar de que&#8217;l llimiagu mide a lo m\u00e1s cuatro cent\u00edmetros, puede picar y provocar irritaciones na piel o resquemor. <em>\u201cSon mancadures de calter leve y escepcionales; nun ye comparable a una carabela portuguesa, de la que s&#8217;alimenta&#8217;l drag\u00f3n azul y que porta nos sos llargos tent\u00e1culos un n\u00famberu bien de mayor de c\u00e9lules urticantes\u201d<\/em>, se\u00f1ala Juan Lucas Cervera, catedr\u00e1ticu de Biolox\u00eda de la Universid\u00e1 de C\u00e1diz y espertu en llimiagos marinos.\u2060<\/p>\n<p style=\"text-align: center\"><span class=\"x193iq5w xeuugli x13faqbe x1vvkbs xt0psk2 x1i0vuye xvs91rp xo1l8bm x5n08af x10wh9bi xpm28yp x8viiok x1o7cslx x126k92a\"><span class=\"html-span xexx8yu x4uap5 x18d9i69 xkhd6sd x1hl2dhg x16tdsg8 x1vvkbs x3nfvp2 x1j61x8r x1fcty0u xdj266r xat24cr xgzva0m xhhsvwb xxymvpz xlup9mm x1kky2od\">\n<!-- iframe plugin v.6.0 wordpress.org\/plugins\/iframe\/ -->\n<iframe loading=\"lazy\" src=\"https:\/\/www.instagram.com\/reel\/DNs6ihNVLLn\/embed\" width=\"420\" height=\"675\" 0=\"\/iframe\" scrolling=\"yes\" class=\"iframe-class\" frameborder=\"0\"><\/iframe>\n<\/span><\/span><\/p>\n","protected":false},"excerpt":{"rendered":"<p>El protagonista d&#8217;estes imaxes ye&#8217;l drag\u00f3n azul (Glaucus atlanticus), un pequenu moluscu mar\u00edn d&#8217;apenes 3 a 4 cent\u00edmetros. A pesar del so diminutu tama\u00f1u, la so apariencia ye atanante: un intensu color azul con tonos plateaos que lo camuflen na superficie del mar, faci\u00e9ndolo casi invisible. \ud83c\udf0a Info IG \/ LNE \/<\/p>\n","protected":false},"author":117,"featured_media":0,"comment_status":"closed","ping_status":"open","sticky":false,"template":"","format":"standard","meta":{"footnotes":""},"categories":[93],"tags":[],"class_list":["post-56005","post","type-post","status-publish","format-standard","hentry","category-sableres"],"_links":{"self":[{"href":"https:\/\/edublog.educastur.es\/ixuxu\/wp-json\/wp\/v2\/posts\/56005","targetHints":{"allow":["GET"]}}],"collection":[{"href":"https:\/\/edublog.educastur.es\/ixuxu\/wp-json\/wp\/v2\/posts"}],"about":[{"href":"https:\/\/edublog.educastur.es\/ixuxu\/wp-json\/wp\/v2\/types\/post"}],"author":[{"embeddable":true,"href":"https:\/\/edublog.educastur.es\/ixuxu\/wp-json\/wp\/v2\/users\/117"}],"replies":[{"embeddable":true,"href":"https:\/\/edublog.educastur.es\/ixuxu\/wp-json\/wp\/v2\/comments?post=56005"}],"version-history":[{"count":14,"href":"https:\/\/edublog.educastur.es\/ixuxu\/wp-json\/wp\/v2\/posts\/56005\/revisions"}],"predecessor-version":[{"id":56100,"href":"https:\/\/edublog.educastur.es\/ixuxu\/wp-json\/wp\/v2\/posts\/56005\/revisions\/56100"}],"wp:attachment":[{"href":"https:\/\/edublog.educastur.es\/ixuxu\/wp-json\/wp\/v2\/media?parent=56005"}],"wp:term":[{"taxonomy":"category","embeddable":true,"href":"https:\/\/edublog.educastur.es\/ixuxu\/wp-json\/wp\/v2\/categories?post=56005"},{"taxonomy":"post_tag","embeddable":true,"href":"https:\/\/edublog.educastur.es\/ixuxu\/wp-json\/wp\/v2\/tags?post=56005"}],"curies":[{"name":"wp","href":"https:\/\/api.w.org\/{rel}","templated":true}]}}