{"id":56008,"date":"2025-08-07T10:00:36","date_gmt":"2025-08-07T08:00:36","guid":{"rendered":"https:\/\/edublog.educastur.es\/ixuxu\/?p=56008"},"modified":"2025-08-24T14:42:05","modified_gmt":"2025-08-24T12:42:05","slug":"el-cursu-escolar-va-entamar-el-9-de-setiembre-per-primer-vegada-con-serviciu-de-comedor","status":"publish","type":"post","link":"https:\/\/edublog.educastur.es\/ixuxu\/2025\/08\/el-cursu-escolar-va-entamar-el-9-de-setiembre-per-primer-vegada-con-serviciu-de-comedor\/","title":{"rendered":"El cursu escolar va entamar el 9 de setiembre per primer vegada con serviciu de comedor"},"content":{"rendered":"<p><a href=\"https:\/\/www.rtpa.es\/noticias-asturias-ast\/2025-08-23\/El-cursu-escolar-va-entamar-el-9-de-setiembre-per-primer-vegada-con-serviciu-de-comedor_111755970402.html\">TPA<\/a> \/<\/p>\n<p style=\"text-align: center\"><a href=\"https:\/\/www.rtpa.es\/fotos\/\/20\/10\/20201015175031_20201015becasovd.jpg\"><img loading=\"lazy\" decoding=\"async\" class=\"aligncenter size-large\" src=\"https:\/\/www.rtpa.es\/fotos\/\/20\/10\/20201015175031_20201015becasovd.jpg\" width=\"853\" height=\"480\" \/><\/a><\/p>\n<div id=\"noticiacompleta\" class=\"parragraph-padding font-c-conent\">\n<p class=\"font-size-m padding-b-20 font-weight-b margin-t-16\">Ledo agradez a les educadores infantiles la desconvocatoria de la fuelga prevista pa setiembre. Los cerca de cien colexos con comedores escolares dependientes de la Conseyer\u00eda d&#8217;Educaci\u00f3n van entamar el cursu escolar el 9 de setiembre con esti serviciu, qu&#8217;hasta agora nun principiaba hasta&#8217;l mes d&#8217;ochobre.<\/p>\n<p>La Conseyer\u00eda d&#8217;Educaci\u00f3n alcord\u00f3&#8217;l pas\u00e1u mayu estender el serviciu de comedor a setiembre y xunu, decisi\u00f3n que motiv\u00f3 una fuelga educativa al esixir los docentes que se caltuviera la xornada amenorgada esos meses, una demanda que finalmente foi asumida.<\/p>\n<p>&nbsp;<\/p>\n<\/div>\n","protected":false},"excerpt":{"rendered":"<p>TPA \/ Ledo agradez a les educadores infantiles la desconvocatoria de la fuelga prevista pa setiembre. Los cerca de cien colexos con comedores escolares dependientes de la Conseyer\u00eda d&#8217;Educaci\u00f3n van entamar el cursu escolar el 9 de setiembre con esti serviciu, qu&#8217;hasta agora nun principiaba hasta&#8217;l mes d&#8217;ochobre. La Conseyer\u00eda d&#8217;Educaci\u00f3n alcord\u00f3&#8217;l pas\u00e1u mayu estender [&hellip;]<\/p>\n","protected":false},"author":117,"featured_media":0,"comment_status":"closed","ping_status":"open","sticky":false,"template":"","format":"standard","meta":{"footnotes":""},"categories":[132],"tags":[],"class_list":["post-56008","post","type-post","status-publish","format-standard","hentry","category-educastur"],"_links":{"self":[{"href":"https:\/\/edublog.educastur.es\/ixuxu\/wp-json\/wp\/v2\/posts\/56008","targetHints":{"allow":["GET"]}}],"collection":[{"href":"https:\/\/edublog.educastur.es\/ixuxu\/wp-json\/wp\/v2\/posts"}],"about":[{"href":"https:\/\/edublog.educastur.es\/ixuxu\/wp-json\/wp\/v2\/types\/post"}],"author":[{"embeddable":true,"href":"https:\/\/edublog.educastur.es\/ixuxu\/wp-json\/wp\/v2\/users\/117"}],"replies":[{"embeddable":true,"href":"https:\/\/edublog.educastur.es\/ixuxu\/wp-json\/wp\/v2\/comments?post=56008"}],"version-history":[{"count":1,"href":"https:\/\/edublog.educastur.es\/ixuxu\/wp-json\/wp\/v2\/posts\/56008\/revisions"}],"predecessor-version":[{"id":56009,"href":"https:\/\/edublog.educastur.es\/ixuxu\/wp-json\/wp\/v2\/posts\/56008\/revisions\/56009"}],"wp:attachment":[{"href":"https:\/\/edublog.educastur.es\/ixuxu\/wp-json\/wp\/v2\/media?parent=56008"}],"wp:term":[{"taxonomy":"category","embeddable":true,"href":"https:\/\/edublog.educastur.es\/ixuxu\/wp-json\/wp\/v2\/categories?post=56008"},{"taxonomy":"post_tag","embeddable":true,"href":"https:\/\/edublog.educastur.es\/ixuxu\/wp-json\/wp\/v2\/tags?post=56008"}],"curies":[{"name":"wp","href":"https:\/\/api.w.org\/{rel}","templated":true}]}}