{"id":56010,"date":"2025-08-24T14:44:06","date_gmt":"2025-08-24T12:44:06","guid":{"rendered":"https:\/\/edublog.educastur.es\/ixuxu\/?p=56010"},"modified":"2025-08-24T14:44:06","modified_gmt":"2025-08-24T12:44:06","slug":"el-mini-quivi-crez-en-pequenes-lianes-con-una-collecha-llendada-a-los-meses-dagostu-y-setiembre","status":"publish","type":"post","link":"https:\/\/edublog.educastur.es\/ixuxu\/2025\/08\/el-mini-quivi-crez-en-pequenes-lianes-con-una-collecha-llendada-a-los-meses-dagostu-y-setiembre\/","title":{"rendered":"El mini quivi crez en peque\u00f1es lianes con una collecha llendada a los meses d&#8217;agostu y setiembre"},"content":{"rendered":"<ul>\n<li class=\"font-size-xxl margin-b-5 font-weight-b color-b-050 letter-spacing--1 fuente-corporativa\"><a href=\"https:\/\/www.rtpa.es\/noticias-asturias-ast\/2025-08-23\/El-mini-quivi-crez-en-peque%C3%B1es-lianes-con-una-collecha-llendada-a-los-meses-d'agostu-y-setiembre_111755947726.html\">El mini quivi crez en peque\u00f1es lianes con una collecha llendada a los meses d&#8217;agostu y setiembre. TPA<\/a><\/li>\n<\/ul>\n<p style=\"text-align: center\"><a href=\"https:\/\/www.rtpa.es\/fotos\/\/25\/08\/20250823131339_RTPA7018198.webp\"><img loading=\"lazy\" decoding=\"async\" class=\"aligncenter size-large\" src=\"https:\/\/www.rtpa.es\/fotos\/\/25\/08\/20250823131339_RTPA7018198.webp\" width=\"853\" height=\"480\" \/><\/a><\/p>\n<div id=\"noticiacompleta\" class=\"parragraph-padding font-c-conent\">\n<ul>\n<li class=\"font-size-m padding-b-20 font-weight-b margin-t-16\">Am\u00e1s del so sabor, destaca pol so valir nutricional.<\/li>\n<li class=\"font-size-m padding-b-20 font-weight-b margin-t-16\">El mini quivi lleva malapenes unos a\u00f1os cultiv\u00e1ndose n&#8217;Asturies, pero y\u00e1 amuesa un gran potencial de futuru.<\/li>\n<li class=\"font-size-m padding-b-20 font-weight-b margin-t-16\">Crez en peque\u00f1es lianes y cult\u00edvase de manera asemeyada al quivi tradicional, con una collecha llendada a los meses d&#8217;agostu y setiembre.<\/li>\n<li class=\"font-size-m padding-b-20 font-weight-b margin-t-16\">C\u00f3mese directamente, ensin necesid\u00e1 de pulgalu, y ye m\u00e1s dulce que&#8217;l quivi tradicional. Am\u00e1s del so sabor, destaca pol so valir nutricional, con propiedaes que la convierten nun aut\u00e9nticu superalimentu.<\/li>\n<li class=\"font-size-m padding-b-20 font-weight-b margin-t-16\">Adri\u00e1n Garc\u00eda Villar, inxenieru agr\u00f3nomu d&#8217;Ar\u00e1ndanos El Cierr\u00f3n, esplica que n&#8217;Asturies produzse ecol\u00f3xicu y, seg\u00fan el Copae, solo hai ocho productores rexistraos, anque son dos los que concentren el pesu real d&#8217;esti cultivu.<\/li>\n<\/ul>\n<\/div>\n","protected":false},"excerpt":{"rendered":"<p>El mini quivi crez en peque\u00f1es lianes con una collecha llendada a los meses d&#8217;agostu y setiembre. TPA Am\u00e1s del so sabor, destaca pol so valir nutricional. El mini quivi lleva malapenes unos a\u00f1os cultiv\u00e1ndose n&#8217;Asturies, pero y\u00e1 amuesa un gran potencial de futuru. Crez en peque\u00f1es lianes y cult\u00edvase de manera asemeyada al quivi [&hellip;]<\/p>\n","protected":false},"author":117,"featured_media":0,"comment_status":"closed","ping_status":"open","sticky":false,"template":"","format":"standard","meta":{"footnotes":""},"categories":[138],"tags":[],"class_list":["post-56010","post","type-post","status-publish","format-standard","hentry","category-alimentos"],"_links":{"self":[{"href":"https:\/\/edublog.educastur.es\/ixuxu\/wp-json\/wp\/v2\/posts\/56010","targetHints":{"allow":["GET"]}}],"collection":[{"href":"https:\/\/edublog.educastur.es\/ixuxu\/wp-json\/wp\/v2\/posts"}],"about":[{"href":"https:\/\/edublog.educastur.es\/ixuxu\/wp-json\/wp\/v2\/types\/post"}],"author":[{"embeddable":true,"href":"https:\/\/edublog.educastur.es\/ixuxu\/wp-json\/wp\/v2\/users\/117"}],"replies":[{"embeddable":true,"href":"https:\/\/edublog.educastur.es\/ixuxu\/wp-json\/wp\/v2\/comments?post=56010"}],"version-history":[{"count":1,"href":"https:\/\/edublog.educastur.es\/ixuxu\/wp-json\/wp\/v2\/posts\/56010\/revisions"}],"predecessor-version":[{"id":56011,"href":"https:\/\/edublog.educastur.es\/ixuxu\/wp-json\/wp\/v2\/posts\/56010\/revisions\/56011"}],"wp:attachment":[{"href":"https:\/\/edublog.educastur.es\/ixuxu\/wp-json\/wp\/v2\/media?parent=56010"}],"wp:term":[{"taxonomy":"category","embeddable":true,"href":"https:\/\/edublog.educastur.es\/ixuxu\/wp-json\/wp\/v2\/categories?post=56010"},{"taxonomy":"post_tag","embeddable":true,"href":"https:\/\/edublog.educastur.es\/ixuxu\/wp-json\/wp\/v2\/tags?post=56010"}],"curies":[{"name":"wp","href":"https:\/\/api.w.org\/{rel}","templated":true}]}}