{"id":56012,"date":"2025-08-23T11:00:37","date_gmt":"2025-08-23T09:00:37","guid":{"rendered":"https:\/\/edublog.educastur.es\/ixuxu\/?p=56012"},"modified":"2025-08-24T19:34:14","modified_gmt":"2025-08-24T17:34:14","slug":"cumplense-70-anos-de-la-inauguracion-de-la-presa-de-grandas-de-salime","status":"publish","type":"post","link":"https:\/\/edublog.educastur.es\/ixuxu\/2025\/08\/cumplense-70-anos-de-la-inauguracion-de-la-presa-de-grandas-de-salime\/","title":{"rendered":"C\u00famplense 70 a\u00f1os de la inauguraci\u00f3n de la presa de Grandas de Salime"},"content":{"rendered":"<ul>\n<li class=\"font-size-xxl margin-b-5 font-weight-b color-b-050 letter-spacing--1 fuente-corporativa\"><a href=\"https:\/\/www.rtpa.es\/noticias-sociedad-ast\/2025-08-23\/Cumplense-70-a%C3%B1os-de-la-inauguracion-de-la-presa-de-Grandas-de-Salime_111755946410.html\">C\u00famplense 70 a\u00f1os de la inauguraci\u00f3n de la presa de Grandas de Salime. TPA<\/a><\/li>\n<li><a href=\"https:\/\/www.facebook.com\/entrambastur\">https:\/\/www.facebook.com\/entrambastur<\/a> \/<\/li>\n<\/ul>\n<p>El Banz\u00e1u de Salime ta cumpliendo 70 a\u00f1os. Asiti\u00e1u sobro&#8217;l calce del R\u00edu Navia, na confluencia de los conceyos de Pez\u00f3s, Ayande y Grandas de Salime, con una presa de 128 metros d&#8217;altor.<\/p>\n<p style=\"text-align: center\"><a href=\"https:\/\/www.rtpa.es\/fotos\/\/25\/08\/20250823125359_RTPA7018135.webp\"><img loading=\"lazy\" decoding=\"async\" class=\"aligncenter size-large\" src=\"https:\/\/www.rtpa.es\/fotos\/\/25\/08\/20250823125359_RTPA7018135.webp\" width=\"853\" height=\"480\" \/><\/a><\/p>\n<div id=\"noticiacompleta\" class=\"parragraph-padding font-c-conent\">\n<p class=\"font-size-m padding-b-20 font-weight-b margin-t-16\">La presa yera la m\u00e1s grande d&#8217;Espa\u00f1a y cost\u00f3 800 millones de les antig\u00fces pesetes. L\u2019embalse de Grandas de Salime ta, esti fin de selmana, d\u2019aniversariu. C\u00famplense 70 a\u00f1os de la inauguraci\u00f3n de la mayor presa d\u2019Asturies. Semeyes: <a href=\"https:\/\/www.facebook.com\/photo\/?fbid=10233987222055108&amp;set=pcb.24846930688238462\">Ana M\u00aa \u00c1lvarez<\/a><\/p>\n<p><strong><!--more--><\/strong><\/p>\n<p>800 millones de les antig\u00fces pesetes cost\u00f3 la fara\u00f3nica construcci\u00f3n de la presa de Grandas de Salime. Una obra que dur\u00f3 10 a\u00f1os y que foi inaugurada n\u2019agostu de 1955 por Franco. Daquella yera la presa m\u00e1s grande del pa\u00eds, la segunda d\u2019Europa.<\/p>\n<p>Us\u00e1ronse 630.000 metros c\u00fabicos de formig\u00f3n, tou un r\u00e9cor na d\u00f3mina. De mano, los materiales xub\u00edense dende la costa en camiones, 100 cald\u00eda, pero yera dalgo inviable. Poro, construy\u00f3se un telef\u00e9ricu de 37 kil\u00f3metros. 650 vagonetes llegaben cald\u00eda, cargaes de clinker.<\/p>\n<p>Pa la so construcci\u00f3n fueron inundaes 2.000 finques, 25.000 \u00e1rboles, ocho pontes, cinco ilesies, cuatro cementerios y dellos pueblos. Ente ellos, la capital de Grandas daquella: Salime. Dalgunes de les sos ruines ent\u00e1 son visibles, esplica la historiadora \u00c1ngela Ferreira.<\/p>\n<p>Una presa con sorpreses art\u00edstiques gracies a un mural de m\u00e1s de 60 metros de llargu pint\u00e1u por Joaqu\u00edn Vaquero y el so f\u00edu, nel que s\u2019amuesen pasaxes de la so construcci\u00f3n.<\/p>\n<p>Arte que tami\u00e9n podemos ver na so fachada, con figures que s\u2019acabaron de tallar a mano y qu\u2019engrandecen una instalaci\u00f3n na que, va mediu sieglu, trabayaben una trentena d\u2019operarios. G\u00fcei nam\u00e1s siete de caltenimientu.<\/p>\n<p><strong>La central contr\u00f3lase remotamente dende fuera d\u2019Asturies<\/strong>. La so puesta en serviciu supunxo un enantes y un dempu\u00e9s pa la fastera. Una obra que, 70 a\u00f1os dempu\u00e9s, sigue impresionando.<\/p>\n<p style=\"text-align: center\">\n<!-- iframe plugin v.6.0 wordpress.org\/plugins\/iframe\/ -->\n<iframe loading=\"lazy\" src=\"https:\/\/www.facebook.com\/plugins\/video.php?height=258&#038;href=https%3A%2F%2Fwww.facebook.com%2Fentrambastur%2Fvideos%2F743045758485433%2F&#038;show_text=false&#038;width=560&#038;t=0\" width=\"560\" height=\"258\" style=\"border:none;overflow:hidden\" scrolling=\"no\" frameborder=\"0\" allowfullscreen=\"true\" allow=\"autoplay; clipboard-write; encrypted-media; picture-in-picture; web-share\" 0=\"\/iframe\" class=\"iframe-class\"><\/iframe>\n<\/p>\n<p>&nbsp;<\/p>\n<\/div>\n<p>&nbsp;<\/p>\n","protected":false},"excerpt":{"rendered":"<p>C\u00famplense 70 a\u00f1os de la inauguraci\u00f3n de la presa de Grandas de Salime. TPA https:\/\/www.facebook.com\/entrambastur \/ El Banz\u00e1u de Salime ta cumpliendo 70 a\u00f1os. Asiti\u00e1u sobro&#8217;l calce del R\u00edu Navia, na confluencia de los conceyos de Pez\u00f3s, Ayande y Grandas de Salime, con una presa de 128 metros d&#8217;altor. La presa yera la m\u00e1s grande [&hellip;]<\/p>\n","protected":false},"author":117,"featured_media":0,"comment_status":"closed","ping_status":"open","sticky":false,"template":"","format":"standard","meta":{"footnotes":""},"categories":[107],"tags":[],"class_list":["post-56012","post","type-post","status-publish","format-standard","hentry","category-aniversariu"],"_links":{"self":[{"href":"https:\/\/edublog.educastur.es\/ixuxu\/wp-json\/wp\/v2\/posts\/56012","targetHints":{"allow":["GET"]}}],"collection":[{"href":"https:\/\/edublog.educastur.es\/ixuxu\/wp-json\/wp\/v2\/posts"}],"about":[{"href":"https:\/\/edublog.educastur.es\/ixuxu\/wp-json\/wp\/v2\/types\/post"}],"author":[{"embeddable":true,"href":"https:\/\/edublog.educastur.es\/ixuxu\/wp-json\/wp\/v2\/users\/117"}],"replies":[{"embeddable":true,"href":"https:\/\/edublog.educastur.es\/ixuxu\/wp-json\/wp\/v2\/comments?post=56012"}],"version-history":[{"count":5,"href":"https:\/\/edublog.educastur.es\/ixuxu\/wp-json\/wp\/v2\/posts\/56012\/revisions"}],"predecessor-version":[{"id":56066,"href":"https:\/\/edublog.educastur.es\/ixuxu\/wp-json\/wp\/v2\/posts\/56012\/revisions\/56066"}],"wp:attachment":[{"href":"https:\/\/edublog.educastur.es\/ixuxu\/wp-json\/wp\/v2\/media?parent=56012"}],"wp:term":[{"taxonomy":"category","embeddable":true,"href":"https:\/\/edublog.educastur.es\/ixuxu\/wp-json\/wp\/v2\/categories?post=56012"},{"taxonomy":"post_tag","embeddable":true,"href":"https:\/\/edublog.educastur.es\/ixuxu\/wp-json\/wp\/v2\/tags?post=56012"}],"curies":[{"name":"wp","href":"https:\/\/api.w.org\/{rel}","templated":true}]}}