{"id":56023,"date":"2025-08-24T08:45:28","date_gmt":"2025-08-24T06:45:28","guid":{"rendered":"https:\/\/edublog.educastur.es\/ixuxu\/?p=56023"},"modified":"2025-08-24T14:58:48","modified_gmt":"2025-08-24T12:58:48","slug":"tres-de-los-diez-dies-mas-calorosos-nespana-dieronse-mientres-la-fola-de-calor","status":"publish","type":"post","link":"https:\/\/edublog.educastur.es\/ixuxu\/2025\/08\/tres-de-los-diez-dies-mas-calorosos-nespana-dieronse-mientres-la-fola-de-calor\/","title":{"rendered":"Tr\u00e9s de los diez d\u00edes m\u00e1s calorosos n&#8217;Espa\u00f1a di\u00e9ronse mientres la fola de calor"},"content":{"rendered":"<ul>\n<li>\ud83d\udd25 L&#8217;AEMET determina que tr\u00e9s de los diez d\u00edes m\u00e1s calorosos n&#8217;Espa\u00f1a di\u00e9ronse mientres la fola de calor. El d\u00eda 17 d&#8217;agostu tuvo una temperatura medio de 28,99 graos y consid\u00e9rase el m\u00e1s calorosos de la fola de calor.<\/li>\n<li>\u2600\ufe0f Los d\u00edes 11 y 12 d&#8217;agostu, con temperatures promedio de 28,75 y 28,85 graos respectivamente, as\u00edtiense como&#8217;l s\u00e9ptimu y sestu d\u00edes m\u00e1s templaos dende 1950.<\/li>\n<li>\ud83c\udf21\ufe0f L&#8217;AEMET realiz\u00f3&#8217;l c\u00e1lculu a partir del promediu de los valores de temperatures m\u00e1ximes y m\u00ednimes, promedios a los cualos aplic\u00e1ronse t\u00e9cniques xeoestad\u00edsticas para envalorar un valor promediu para Espa\u00f1a.<\/li>\n<li>\ud83e\udd75 El branu de 2025 va pasar a la hestoria como xuno que foi m\u00e1s templ\u00e1u de lo que suel ser habitual. El mes de xunu destac\u00f3 por una anomal\u00eda templada persistente.<\/li>\n<\/ul>\n<p style=\"text-align: center\">\n<!-- iframe plugin v.6.0 wordpress.org\/plugins\/iframe\/ -->\n<iframe loading=\"lazy\" src=\"https:\/\/www.facebook.com\/plugins\/post.php?href=https%3A%2F%2Fwww.facebook.com%2FXataka%2Fposts%2Fpfbid0p7cthkGcV25AheMKtGqL9fq8Zu8JP15sdTUTW9KDXaGjYvzE2iHKz8gyRywPxLPWl&#038;show_text=false&#038;width=500\" width=\"500\" height=\"498\" style=\"border:none;overflow:hidden\" scrolling=\"no\" frameborder=\"0\" allowfullscreen=\"true\" allow=\"autoplay; clipboard-write; encrypted-media; picture-in-picture; web-share\" 0=\"\/iframe\" class=\"iframe-class\"><\/iframe>\n<\/p>\n<p>&nbsp;<\/p>\n","protected":false},"excerpt":{"rendered":"<p>\ud83d\udd25 L&#8217;AEMET determina que tr\u00e9s de los diez d\u00edes m\u00e1s calorosos n&#8217;Espa\u00f1a di\u00e9ronse mientres la fola de calor. El d\u00eda 17 d&#8217;agostu tuvo una temperatura medio de 28,99 graos y consid\u00e9rase el m\u00e1s calorosos de la fola de calor. \u2600\ufe0f Los d\u00edes 11 y 12 d&#8217;agostu, con temperatures promedio de 28,75 y 28,85 graos respectivamente, [&hellip;]<\/p>\n","protected":false},"author":117,"featured_media":0,"comment_status":"closed","ping_status":"open","sticky":false,"template":"","format":"standard","meta":{"footnotes":""},"categories":[5],"tags":[],"class_list":["post-56023","post","type-post","status-publish","format-standard","hentry","category-tiempu"],"_links":{"self":[{"href":"https:\/\/edublog.educastur.es\/ixuxu\/wp-json\/wp\/v2\/posts\/56023","targetHints":{"allow":["GET"]}}],"collection":[{"href":"https:\/\/edublog.educastur.es\/ixuxu\/wp-json\/wp\/v2\/posts"}],"about":[{"href":"https:\/\/edublog.educastur.es\/ixuxu\/wp-json\/wp\/v2\/types\/post"}],"author":[{"embeddable":true,"href":"https:\/\/edublog.educastur.es\/ixuxu\/wp-json\/wp\/v2\/users\/117"}],"replies":[{"embeddable":true,"href":"https:\/\/edublog.educastur.es\/ixuxu\/wp-json\/wp\/v2\/comments?post=56023"}],"version-history":[{"count":1,"href":"https:\/\/edublog.educastur.es\/ixuxu\/wp-json\/wp\/v2\/posts\/56023\/revisions"}],"predecessor-version":[{"id":56024,"href":"https:\/\/edublog.educastur.es\/ixuxu\/wp-json\/wp\/v2\/posts\/56023\/revisions\/56024"}],"wp:attachment":[{"href":"https:\/\/edublog.educastur.es\/ixuxu\/wp-json\/wp\/v2\/media?parent=56023"}],"wp:term":[{"taxonomy":"category","embeddable":true,"href":"https:\/\/edublog.educastur.es\/ixuxu\/wp-json\/wp\/v2\/categories?post=56023"},{"taxonomy":"post_tag","embeddable":true,"href":"https:\/\/edublog.educastur.es\/ixuxu\/wp-json\/wp\/v2\/tags?post=56023"}],"curies":[{"name":"wp","href":"https:\/\/api.w.org\/{rel}","templated":true}]}}