{"id":56115,"date":"2025-08-24T08:30:27","date_gmt":"2025-08-24T06:30:27","guid":{"rendered":"https:\/\/edublog.educastur.es\/ixuxu\/?p=56115"},"modified":"2025-08-25T00:24:01","modified_gmt":"2025-08-24T22:24:01","slug":"el-tiempu-el-comercio-120","status":"publish","type":"post","link":"https:\/\/edublog.educastur.es\/ixuxu\/2025\/08\/el-tiempu-el-comercio-120\/","title":{"rendered":"El tiempu (El Comercio)"},"content":{"rendered":"<p style=\"text-align: center\"><a href=\"https:\/\/s3.ppllstatics.com\/elcomercio\/www\/multimedia\/2025\/08\/23\/prevision-tiempo-asturias-k9ZC-U2302588077118HVD-1200x840@El%20Comercio.jpg\"><img loading=\"lazy\" decoding=\"async\" class=\"aligncenter size-large\" src=\"https:\/\/s3.ppllstatics.com\/elcomercio\/www\/multimedia\/2025\/08\/23\/prevision-tiempo-asturias-k9ZC-U2302588077118HVD-1200x840@El%20Comercio.jpg\" width=\"1198\" height=\"840\" \/><\/a><\/p>\n<p>Esperamos abondo meyor tiempu de lo que se prev\u00eda. <strong>La ma\u00f1ana<\/strong> va ser asoleyada pr\u00e1cticamente en tol Princip\u00e1u d&#8217;Asturies.<strong> A lo llargo de la tarde<\/strong> vamos reparar como van apaecer nubes medies y altes dende&#8217;l cordal que se van dir moviendo en direcci\u00f3n norte. La probabilid\u00e1 de precipitaciones va ser bien baxa pero nun se refuga que pueda escapase dalg\u00fan bastiu nel sur de la rex\u00f3n mientres la tarde. <strong>Los vientos<\/strong> van ser fluexos polo xeneral con dalguna racha moderada, s\u00eda que non, na mari\u00f1a. <strong>Les temperatures m\u00e1ximes<\/strong> van xubir un par de graos a lo sumo nel sector oriental y van caltenese ensin grandes cambeos nel restu respecto al s\u00e1badu. <strong>Les m\u00ednimes<\/strong> s\u00ed que van xubir de forma daqu\u00e9 m\u00e1s xeneralizada anque, igualmente, nel oriente dichu ascensu va ser m\u00e1s significativu.<\/p>\n<p><!--more--><\/p>\n<p><strong>El llunes<\/strong> vamos amanecer con nubes baxes na met\u00e1 norte asturiana pero, a partir del mediud\u00eda, estes nubes van sumir para dar pasu a una segunda parte del d\u00eda asoleyada. Les temperatures m\u00e1ximes nel casu de ma\u00f1ana van ser bien similares, ente que les m\u00ednimes van ser un poco m\u00e1s altes.<\/p>\n","protected":false},"excerpt":{"rendered":"<p>Esperamos abondo meyor tiempu de lo que se prev\u00eda. La ma\u00f1ana va ser asoleyada pr\u00e1cticamente en tol Princip\u00e1u d&#8217;Asturies. A lo llargo de la tarde vamos reparar como van apaecer nubes medies y altes dende&#8217;l cordal que se van dir moviendo en direcci\u00f3n norte. La probabilid\u00e1 de precipitaciones va ser bien baxa pero nun se [&hellip;]<\/p>\n","protected":false},"author":117,"featured_media":0,"comment_status":"closed","ping_status":"open","sticky":false,"template":"","format":"standard","meta":{"footnotes":""},"categories":[5],"tags":[],"class_list":["post-56115","post","type-post","status-publish","format-standard","hentry","category-tiempu"],"_links":{"self":[{"href":"https:\/\/edublog.educastur.es\/ixuxu\/wp-json\/wp\/v2\/posts\/56115","targetHints":{"allow":["GET"]}}],"collection":[{"href":"https:\/\/edublog.educastur.es\/ixuxu\/wp-json\/wp\/v2\/posts"}],"about":[{"href":"https:\/\/edublog.educastur.es\/ixuxu\/wp-json\/wp\/v2\/types\/post"}],"author":[{"embeddable":true,"href":"https:\/\/edublog.educastur.es\/ixuxu\/wp-json\/wp\/v2\/users\/117"}],"replies":[{"embeddable":true,"href":"https:\/\/edublog.educastur.es\/ixuxu\/wp-json\/wp\/v2\/comments?post=56115"}],"version-history":[{"count":1,"href":"https:\/\/edublog.educastur.es\/ixuxu\/wp-json\/wp\/v2\/posts\/56115\/revisions"}],"predecessor-version":[{"id":56116,"href":"https:\/\/edublog.educastur.es\/ixuxu\/wp-json\/wp\/v2\/posts\/56115\/revisions\/56116"}],"wp:attachment":[{"href":"https:\/\/edublog.educastur.es\/ixuxu\/wp-json\/wp\/v2\/media?parent=56115"}],"wp:term":[{"taxonomy":"category","embeddable":true,"href":"https:\/\/edublog.educastur.es\/ixuxu\/wp-json\/wp\/v2\/categories?post=56115"},{"taxonomy":"post_tag","embeddable":true,"href":"https:\/\/edublog.educastur.es\/ixuxu\/wp-json\/wp\/v2\/tags?post=56115"}],"curies":[{"name":"wp","href":"https:\/\/api.w.org\/{rel}","templated":true}]}}