{"id":56119,"date":"2025-08-25T08:30:33","date_gmt":"2025-08-25T06:30:33","guid":{"rendered":"https:\/\/edublog.educastur.es\/ixuxu\/?p=56119"},"modified":"2025-08-25T00:29:07","modified_gmt":"2025-08-24T22:29:07","slug":"el-tiempu-el-comercio-121","status":"publish","type":"post","link":"https:\/\/edublog.educastur.es\/ixuxu\/2025\/08\/el-tiempu-el-comercio-121\/","title":{"rendered":"El tiempu (El Comercio)"},"content":{"rendered":"<p style=\"text-align: center\"><a href=\"https:\/\/s2.ppllstatics.com\/elcomercio\/www\/multimedia\/2025\/08\/24\/prevision-tiempo-asturias-kyK-U2302588077118HVD-1200x840@El%20Comercio.jpg\"><img loading=\"lazy\" decoding=\"async\" class=\"aligncenter size-large\" src=\"https:\/\/s2.ppllstatics.com\/elcomercio\/www\/multimedia\/2025\/08\/24\/prevision-tiempo-asturias-kyK-U2302588077118HVD-1200x840@El%20Comercio.jpg\" width=\"1200\" height=\"840\" \/><\/a><\/p>\n<p><strong>Vamos amanecer<\/strong> con cielos nublos na met\u00e1 norte asturiana y con sol y\u00e1 dende primer hora nel restu de la rex\u00f3n. Pero, <strong>a partir del mediud\u00eda,<\/strong> claramente vamos reparar como van dir sumiendo les nubes dando pasu a una tarde soleyera en tol Princip\u00e1u. A lo sumo, podr\u00eden apaecer delles nubes medies o altes poco importantes nel cordal. <strong>Los vientos<\/strong> van ser fluexos y variables, anque van poder acabar predominando de noroeste siquier na mari\u00f1a. <strong>Les temperatures m\u00e1ximes<\/strong> van ser bien similares a les del domingu y, sicas\u00ed, <strong>les m\u00ednimes<\/strong> van ser m\u00e1s altes cuidao que se preve un ascensu xeneraliz\u00e1u d&#8217;hasta 2 o 3 \u00baC m\u00e1s.<\/p>\n<p><!--more--><\/p>\n<p><strong> El martes<\/strong> esperamos xuna ma\u00f1ana estable na que&#8217;l sol volver\u00e1 cobrar protagonismu, pero a lo llargo de la tarde, va entrar xuna masa de nubes pol occidente que se va estender por tola Comunid\u00e1 Aut\u00f3noma que va acabar dexando precipitaciones de calter d\u00e9bil. Los vientos van ser fluexos y variables. Les temperatures van baxar especialmente nel interior ente que na mari\u00f1a y zones pr\u00f3ximes apenes se va ver alteriaes.<\/p>\n<p><strong> Los siguientes d\u00edes<\/strong> van venir marcaes peles nubes y, nuevamente, pola posibilid\u00e1 d&#8217;ag\u00fces.<\/p>\n","protected":false},"excerpt":{"rendered":"<p>Vamos amanecer con cielos nublos na met\u00e1 norte asturiana y con sol y\u00e1 dende primer hora nel restu de la rex\u00f3n. Pero, a partir del mediud\u00eda, claramente vamos reparar como van dir sumiendo les nubes dando pasu a una tarde soleyera en tol Princip\u00e1u. A lo sumo, podr\u00eden apaecer delles nubes medies o altes poco [&hellip;]<\/p>\n","protected":false},"author":117,"featured_media":0,"comment_status":"closed","ping_status":"open","sticky":false,"template":"","format":"standard","meta":{"footnotes":""},"categories":[5],"tags":[],"class_list":["post-56119","post","type-post","status-publish","format-standard","hentry","category-tiempu"],"_links":{"self":[{"href":"https:\/\/edublog.educastur.es\/ixuxu\/wp-json\/wp\/v2\/posts\/56119","targetHints":{"allow":["GET"]}}],"collection":[{"href":"https:\/\/edublog.educastur.es\/ixuxu\/wp-json\/wp\/v2\/posts"}],"about":[{"href":"https:\/\/edublog.educastur.es\/ixuxu\/wp-json\/wp\/v2\/types\/post"}],"author":[{"embeddable":true,"href":"https:\/\/edublog.educastur.es\/ixuxu\/wp-json\/wp\/v2\/users\/117"}],"replies":[{"embeddable":true,"href":"https:\/\/edublog.educastur.es\/ixuxu\/wp-json\/wp\/v2\/comments?post=56119"}],"version-history":[{"count":1,"href":"https:\/\/edublog.educastur.es\/ixuxu\/wp-json\/wp\/v2\/posts\/56119\/revisions"}],"predecessor-version":[{"id":56120,"href":"https:\/\/edublog.educastur.es\/ixuxu\/wp-json\/wp\/v2\/posts\/56119\/revisions\/56120"}],"wp:attachment":[{"href":"https:\/\/edublog.educastur.es\/ixuxu\/wp-json\/wp\/v2\/media?parent=56119"}],"wp:term":[{"taxonomy":"category","embeddable":true,"href":"https:\/\/edublog.educastur.es\/ixuxu\/wp-json\/wp\/v2\/categories?post=56119"},{"taxonomy":"post_tag","embeddable":true,"href":"https:\/\/edublog.educastur.es\/ixuxu\/wp-json\/wp\/v2\/tags?post=56119"}],"curies":[{"name":"wp","href":"https:\/\/api.w.org\/{rel}","templated":true}]}}