{"id":56121,"date":"2025-08-25T00:30:49","date_gmt":"2025-08-24T22:30:49","guid":{"rendered":"https:\/\/edublog.educastur.es\/ixuxu\/?p=56121"},"modified":"2025-08-25T00:33:36","modified_gmt":"2025-08-24T22:33:36","slug":"56121","status":"publish","type":"post","link":"https:\/\/edublog.educastur.es\/ixuxu\/2025\/08\/56121\/","title":{"rendered":"Una nueva edici\u00f3n del Premiu &#8216;Amparo Pedregal&#8217; para trabayos lliterarios y d&#8217;investigaci\u00f3n feminista."},"content":{"rendered":"<p style=\"text-align: center\"><a href=\"https:\/\/actualidad.asturias.es\/documents\/537115\/2759852\/1.jpg\/db5999dd-166e-dce0-b559-cb71c4285346?t=1755769923410\"><img loading=\"lazy\" decoding=\"async\" class=\"aligncenter size-large\" src=\"https:\/\/actualidad.asturias.es\/documents\/537115\/2759852\/1.jpg\/db5999dd-166e-dce0-b559-cb71c4285346?t=1755769923410\" width=\"1200\" height=\"600\" \/><\/a><\/p>\n<p>Igualdad convoca una nueva edici\u00f3n del Premiu &#8216;Amparo Pedregal&#8217; p<strong>ara trabayos lliterarios y d&#8217;investigaci\u00f3n feminista.<\/strong> \u00a0El galard\u00f3n, dot\u00e1u con 5.000 euros, reconoz una obra po\u00e9tica y un ensayu con 2.500 euros cada unu. El 5 de setiembre remata&#8217;l plazu para presentar candidatures a esti certame que rinde homenaxe a la historiadora y profesora de la Universid\u00e1, referente del feminismu acad\u00e9micu n&#8217;Asturies. <a href=\"https:\/\/actualidad.asturias.es\/-\/el-principado-convoca-una-nueva-edici%C3%B3n-del-premio-amparo-pedregal-para-trabajos-literarios-y-de-investigaci%C3%B3n-feminista?redirect=%2Fnoticias%3Fp_p_id%3Dcom_liferay_asset_publisher_web_portlet_AssetPublisherPortlet_INSTANCE_Pk4uPC5yniIC%26p_p_lifecycle%3D0%26p_p_state%3Dnormal%26p_p_mode%3Dview%26_com_liferay_asset_publisher_web_portlet_AssetPublisherPortlet_INSTANCE_Pk4uPC5yniIC_delta%3D10%26p_r_p_resetCur%3Dfalse%26_com_liferay_asset_publisher_web_portlet_AssetPublisherPortlet_INSTANCE_Pk4uPC5yniIC_cur%3D2\">Actualid\u00e1 Asturies<\/a><\/p>\n<p><!--more--><\/p>\n<p>El Gobiernu d&#8217;Asturies convoc\u00f3 una nueva edici\u00f3n del Premiu Amparo Pedregal, que <strong>busca reconocer y espublizar obres lliteraries de ficci\u00f3n realizaes por muyeres y trabayos d&#8217;investigaci\u00f3n con perspectiva de x\u00e9neru.<\/strong><\/p>\n<p>La convocatoria, impulsada pola Conseyer\u00eda de Presidencia, Retu Demogr\u00e1ficu, Iguald\u00e1 y Turismu al travi\u00e9s del Institutu Asturianu de la Muyer, cuenta con una dotaci\u00f3n de 5.000 euros, part\u00edos en dos galardones de 2.500 euros cada unu:<\/p>\n<p>\u2022<strong> Ll\u00ednea primer<\/strong>: empobinada a autores d&#8217;obres lliteraries na modalid\u00e1 de poes\u00eda, a t\u00edtulu individual o colectivu. Van Poder allegar muyeres mayores d&#8217;ed\u00e1, nac\u00edes o con residencia nel Princip\u00e1u d&#8217;Asturies, seg\u00fan descendientes hasta segundu grau de la emigraci\u00f3n asturiana.<\/p>\n<p>\u2022 <strong>Ll\u00ednea segunda<\/strong>: destinada a trabayos d&#8217;investigaci\u00f3n in\u00e9ditos con perspectiva de x\u00e9neru, rellacionaos cola iguald\u00e1 ente muyeres y homes. Tami\u00e9n van poder participar persones mayores d&#8217;ed\u00e1 nac\u00edes o residentes n&#8217;Asturies, o descendientes hasta segundu grau de la emigraci\u00f3n asturiana.<\/p>\n<p><em>\u201cEl Premiu Amparo Pedregal ye una apuesta pol pensamientu cr\u00edticu, pola conocencia que tresforma y pola memoria de quien, como Amparo, abrieron cam\u00edn na Universid\u00e1, nel Derechu y nel feminismu\u201d<\/em>, sorray\u00f3 la directora xeneral d&#8217;Iguald\u00e1, Mar\u00eda Jes\u00fas \u00c1lvarez.<\/p>\n<p>Nel casu de la ll\u00ednea d&#8217;investigaci\u00f3n, los trabayos tendr\u00e1n de ser orixinales, non publicaos nin premiaos primeramente,<strong> con una estensi\u00f3n m\u00e1xima de 350 p\u00e1xines<\/strong>. El xur\u00e1u, design\u00e1u pol Institutu Asturianu de la Muyer, va valorar especialmente&#8217;l rigor metodol\u00f3xico, l&#8217;aportaci\u00f3n a la meyora de la conocencia en materia d&#8217;iguald\u00e1 y l&#8217;aplicabilidad de les resultancies.<\/p>\n<p>El plazu de presentaci\u00f3n de candidatures va permanecer abiertu hasta&#8217;l 5 de setiembre de 2025, incluy\u00edu, al travi\u00e9s de la see electr\u00f3nica del Princip\u00e1u d&#8217;Asturies.<\/p>\n<p>Esti premiu <strong>rinde homenaxe a la historiadora y profesora Amparo Pedregal, referente del feminismu acad\u00e9micu n&#8217;Asturies<\/strong>, que desenvolvi\u00f3 una intensu llabor en favor de los derechos de les muyeres y que&#8217;l so leg\u00e1u sigue siendo clave nos \u00e1mbitos de la coeducaci\u00f3n, el derechu antidiscriminatorio y el pensamientu feminista.<\/p>\n<p>Les bases completes de la convocatoria pueden consultase nel siguiente enllaz: <a href=\"https:\/\/goo.su\/VD5phj\" target=\"_blank\" rel=\"noopener\">https:\/\/goo.su\/VD5phj<\/a><\/p>\n","protected":false},"excerpt":{"rendered":"<p>Igualdad convoca una nueva edici\u00f3n del Premiu &#8216;Amparo Pedregal&#8217; para trabayos lliterarios y d&#8217;investigaci\u00f3n feminista. \u00a0El galard\u00f3n, dot\u00e1u con 5.000 euros, reconoz una obra po\u00e9tica y un ensayu con 2.500 euros cada unu. El 5 de setiembre remata&#8217;l plazu para presentar candidatures a esti certame que rinde homenaxe a la historiadora y profesora de la [&hellip;]<\/p>\n","protected":false},"author":117,"featured_media":0,"comment_status":"closed","ping_status":"open","sticky":false,"template":"","format":"standard","meta":{"footnotes":""},"categories":[121,58],"tags":[],"class_list":["post-56121","post","type-post","status-publish","format-standard","hentry","category-muyeres","category-premios"],"_links":{"self":[{"href":"https:\/\/edublog.educastur.es\/ixuxu\/wp-json\/wp\/v2\/posts\/56121","targetHints":{"allow":["GET"]}}],"collection":[{"href":"https:\/\/edublog.educastur.es\/ixuxu\/wp-json\/wp\/v2\/posts"}],"about":[{"href":"https:\/\/edublog.educastur.es\/ixuxu\/wp-json\/wp\/v2\/types\/post"}],"author":[{"embeddable":true,"href":"https:\/\/edublog.educastur.es\/ixuxu\/wp-json\/wp\/v2\/users\/117"}],"replies":[{"embeddable":true,"href":"https:\/\/edublog.educastur.es\/ixuxu\/wp-json\/wp\/v2\/comments?post=56121"}],"version-history":[{"count":3,"href":"https:\/\/edublog.educastur.es\/ixuxu\/wp-json\/wp\/v2\/posts\/56121\/revisions"}],"predecessor-version":[{"id":56124,"href":"https:\/\/edublog.educastur.es\/ixuxu\/wp-json\/wp\/v2\/posts\/56121\/revisions\/56124"}],"wp:attachment":[{"href":"https:\/\/edublog.educastur.es\/ixuxu\/wp-json\/wp\/v2\/media?parent=56121"}],"wp:term":[{"taxonomy":"category","embeddable":true,"href":"https:\/\/edublog.educastur.es\/ixuxu\/wp-json\/wp\/v2\/categories?post=56121"},{"taxonomy":"post_tag","embeddable":true,"href":"https:\/\/edublog.educastur.es\/ixuxu\/wp-json\/wp\/v2\/tags?post=56121"}],"curies":[{"name":"wp","href":"https:\/\/api.w.org\/{rel}","templated":true}]}}