{"id":56154,"date":"2025-08-26T12:39:24","date_gmt":"2025-08-26T10:39:24","guid":{"rendered":"https:\/\/edublog.educastur.es\/ixuxu\/?p=56154"},"modified":"2025-08-26T12:39:24","modified_gmt":"2025-08-26T10:39:24","slug":"el-primer-pelegrin-xacobeu-alfonso-iil-castu","status":"publish","type":"post","link":"https:\/\/edublog.educastur.es\/ixuxu\/2025\/08\/el-primer-pelegrin-xacobeu-alfonso-iil-castu\/","title":{"rendered":"El primer pelegr\u00edn xacob\u00e9u: Alfonso II&#8217;l Castu"},"content":{"rendered":"<div class=\"html-div xdj266r x14z9mp xat24cr x1lziwak xexx8yu x1a8lsjc xf7dkkf xv54qhq\">\n<div class=\"html-div xdj266r x14z9mp xat24cr x1lziwak xexx8yu xyri2b x18d9i69 x1c1uobl x1jx94hy x78zum5 x1q0g3np\">\n<div class=\"x78zum5 xdt5ytf xz62fqu x16ldp7u\">\n<div class=\"xu06os2 x1ok221b\">\n<div class=\"html-div xdj266r x14z9mp xat24cr x1lziwak xexx8yu xyri2b x18d9i69 x1c1uobl\" data-ad-rendering-role=\"profile_name\">\n<div class=\"x6prxxf xk50ysn xvq8zen\">\n<ul>\n<li dir=\"ltr\"><span class=\"x1lliihq x6ikm8r x10wlt62 x1n2onr6\"><span class=\"html-span xdj266r x14z9mp xat24cr x1lziwak xexx8yu xyri2b x18d9i69 x1c1uobl x1hl2dhg x16tdsg8 x1vvkbs\" dir=\"ltr\"><span class=\"xt0psk2\"><a class=\"x1i10hfl xjbqb8w x1ejq31n x18oe1m7 x1sy0etr xstzfhl x972fbf x10w94by x1qhh985 x14e42zd x9f619 x1ypdohk xt0psk2 x3ct3a4 xdj266r x14z9mp xat24cr x1lziwak xexx8yu xyri2b x18d9i69 x1c1uobl x16tdsg8 x1hl2dhg xggy1nq x1a2a7pz xkrqix3 x1sur9pj xzsf02u x1s688f\" role=\"link\" href=\"https:\/\/www.facebook.com\/groups\/189974821027391\/user\/100012356284014\/?__cft__[0]=AZW2mqHaHVgZVdyH0v-Djl-9RRDLxdEGZgZeU_qevhOeEzaOGlg-JoWymuuli3pLDURHIOzQDcMzmn9rWWykfH8DvhvxyIsuNKxlI3QUa3I9gU5G4v4_B2JzI32Y6F2zt0k3u4NkLZqv_w91Jw0SeYCCj2p2ytS69ILlWRBLt0GBaZxw71N1pq4IhufuKHU5Luby3LsIvYQwZ5j6vKmxz6hmwUVuHf9JdyCufJVGk-9FzQ&amp;__tn__=-UC%2CP-y-R\"><span class=\"html-span xdj266r x14z9mp xat24cr x1lziwak xexx8yu xyri2b x18d9i69 x1c1uobl x1hl2dhg x16tdsg8 x1vvkbs\">Jose M Castro<\/span><\/a><\/span><\/span><i class=\"x1b0d499 x1d69dk1\" data-visualcompletion=\"css-img\" aria-label=\"public\u00f3 en\"><\/i><span class=\"html-span xdj266r x14z9mp xat24cr x1lziwak xexx8yu xyri2b x18d9i69 x1c1uobl x1hl2dhg x16tdsg8 x1vvkbs\" dir=\"ltr\"><span class=\"xt0psk2\"><span class=\"xjp7ctv\"><a class=\"x1i10hfl xjbqb8w x1ejq31n x18oe1m7 x1sy0etr xstzfhl x972fbf x10w94by x1qhh985 x14e42zd x9f619 x1ypdohk xt0psk2 x3ct3a4 xdj266r x14z9mp xat24cr x1lziwak xexx8yu xyri2b x18d9i69 x1c1uobl x16tdsg8 x1hl2dhg xggy1nq x1a2a7pz xkrqix3 x1sur9pj xzsf02u x1s688f\" role=\"link\" href=\"https:\/\/www.facebook.com\/groups\/189974821027391\/?__cft__[0]=AZW2mqHaHVgZVdyH0v-Djl-9RRDLxdEGZgZeU_qevhOeEzaOGlg-JoWymuuli3pLDURHIOzQDcMzmn9rWWykfH8DvhvxyIsuNKxlI3QUa3I9gU5G4v4_B2JzI32Y6F2zt0k3u4NkLZqv_w91Jw0SeYCCj2p2ytS69ILlWRBLt0GBaZxw71N1pq4IhufuKHU5Luby3LsIvYQwZ5j6vKmxz6hmwUVuHf9JdyCufJVGk-9FzQ&amp;__tn__=-UC%2CP-y-R\"><span class=\"html-span xdj266r x14z9mp xat24cr x1lziwak xexx8yu xyri2b x18d9i69 x1c1uobl x1hl2dhg x16tdsg8 x1vvkbs\">Asturias fotos del para\u00edso<\/span><\/a><\/span><\/span><\/span><\/span><\/li>\n<\/ul>\n<\/div>\n<\/div>\n<\/div>\n<div class=\"xu06os2 x1ok221b\"><\/div>\n<\/div>\n<\/div>\n<\/div>\n<div class=\"html-div xdj266r x14z9mp xat24cr x1lziwak xexx8yu xyri2b x18d9i69 x1c1uobl\" dir=\"auto\">\n<div class=\"html-div xdj266r x14z9mp xat24cr x1lziwak xexx8yu xyri2b x18d9i69 x1c1uobl\" dir=\"auto\">\n<div class=\"html-div xdj266r x14z9mp xat24cr x1lziwak xexx8yu xyri2b x18d9i69 x1c1uobl\" data-ad-rendering-role=\"story_message\">\n<div class=\"x1l90r2v x1iorvi4 x1g0dm76 xpdmqnj\" data-ad-comet-preview=\"message\" data-ad-preview=\"message\">\n<div class=\"x78zum5 xdt5ytf xz62fqu x16ldp7u\">\n<div class=\"xu06os2 x1ok221b\">\n<div class=\"html-div xdj266r x14z9mp xat24cr x1lziwak xexx8yu xyri2b x18d9i69 x1c1uobl\">\n<div class=\"xdj266r x14z9mp xat24cr x1lziwak x1vvkbs x126k92a\">\n<div dir=\"auto\"><a href=\"https:\/\/es.wikipedia.org\/wiki\/Alfonso_II_de_Asturias\"><strong>Alfonso II&#8217;l Castu<\/strong><\/a> nuna guapa redolada al pie de la catedral d&#8217;Uvi\u00e9u. El rei Alfonso II d&#8217;Asturies motey\u00e1u \u00abel Castu\u00bb foi&#8217;l primer impulsor del Cam\u00edn de Santiago y ye consider\u00e1u como&#8217;l primer pelegr\u00edn xacob\u00e9u.<a href=\"https:\/\/scontent-bcn1-1.xx.fbcdn.net\/v\/t39.30808-6\/514407670_2300357603719427_2530322067109620542_n.jpg?_nc_cat=109&amp;ccb=1-7&amp;_nc_sid=aa7b47&amp;_nc_ohc=7hvIgakCBWoQ7kNvwHrMxPg&amp;_nc_oc=AdmcrI51_xJnZ_ziS1RO1FDqeVFmcGhbf-8IlM29MGXrofN6Huxp_VDYvzq5yWBiGm-4lsjFznKrfSC701_tRmIv&amp;_nc_zt=23&amp;_nc_ht=scontent-bcn1-1.xx&amp;_nc_gid=PTxZCGQj1WOeoT3F5GzTEw&amp;oh=00_AfWWexVoOcaQd_yZLvxIClUF34ulUGFsFqEqa6RkoLqoyw&amp;oe=68B36F68\"> Imaxe<\/a><\/div>\n<\/div>\n<div dir=\"auto\" style=\"text-align: center\"><a href=\"https:\/\/live.staticflickr.com\/3454\/13047923844_cc658971c3_b.jpg\"><img loading=\"lazy\" decoding=\"async\" class=\"aligncenter size-large\" src=\"https:\/\/live.staticflickr.com\/3454\/13047923844_cc658971c3_b.jpg\" width=\"691\" height=\"1024\" \/><\/a><\/div>\n<div dir=\"auto\"><\/div>\n<div class=\"xdj266r x14z9mp xat24cr x1lziwak x1vvkbs x126k92a\">\n<div dir=\"auto\"><\/div>\n<div dir=\"auto\"><\/div>\n<\/div>\n<\/div>\n<\/div>\n<\/div>\n<\/div>\n<\/div>\n<\/div>\n<\/div>\n","protected":false},"excerpt":{"rendered":"<p>Jose M CastroAsturias fotos del para\u00edso Alfonso II&#8217;l Castu nuna guapa redolada al pie de la catedral d&#8217;Uvi\u00e9u. El rei Alfonso II d&#8217;Asturies motey\u00e1u \u00abel Castu\u00bb foi&#8217;l primer impulsor del Cam\u00edn de Santiago y ye consider\u00e1u como&#8217;l primer pelegr\u00edn xacob\u00e9u. Imaxe<\/p>\n","protected":false},"author":117,"featured_media":0,"comment_status":"closed","ping_status":"open","sticky":false,"template":"","format":"standard","meta":{"footnotes":""},"categories":[1],"tags":[],"class_list":["post-56154","post","type-post","status-publish","format-standard","hentry","category-sin-categoria"],"_links":{"self":[{"href":"https:\/\/edublog.educastur.es\/ixuxu\/wp-json\/wp\/v2\/posts\/56154","targetHints":{"allow":["GET"]}}],"collection":[{"href":"https:\/\/edublog.educastur.es\/ixuxu\/wp-json\/wp\/v2\/posts"}],"about":[{"href":"https:\/\/edublog.educastur.es\/ixuxu\/wp-json\/wp\/v2\/types\/post"}],"author":[{"embeddable":true,"href":"https:\/\/edublog.educastur.es\/ixuxu\/wp-json\/wp\/v2\/users\/117"}],"replies":[{"embeddable":true,"href":"https:\/\/edublog.educastur.es\/ixuxu\/wp-json\/wp\/v2\/comments?post=56154"}],"version-history":[{"count":1,"href":"https:\/\/edublog.educastur.es\/ixuxu\/wp-json\/wp\/v2\/posts\/56154\/revisions"}],"predecessor-version":[{"id":56155,"href":"https:\/\/edublog.educastur.es\/ixuxu\/wp-json\/wp\/v2\/posts\/56154\/revisions\/56155"}],"wp:attachment":[{"href":"https:\/\/edublog.educastur.es\/ixuxu\/wp-json\/wp\/v2\/media?parent=56154"}],"wp:term":[{"taxonomy":"category","embeddable":true,"href":"https:\/\/edublog.educastur.es\/ixuxu\/wp-json\/wp\/v2\/categories?post=56154"},{"taxonomy":"post_tag","embeddable":true,"href":"https:\/\/edublog.educastur.es\/ixuxu\/wp-json\/wp\/v2\/tags?post=56154"}],"curies":[{"name":"wp","href":"https:\/\/api.w.org\/{rel}","templated":true}]}}