{"id":56168,"date":"2025-08-26T12:53:16","date_gmt":"2025-08-26T10:53:16","guid":{"rendered":"https:\/\/edublog.educastur.es\/ixuxu\/?p=56168"},"modified":"2025-08-26T12:54:39","modified_gmt":"2025-08-26T10:54:39","slug":"xosefa-de-jovellanos-primera-escritora-en-llingua-asturiana-y-voz-critica-del-so-tiempu","status":"publish","type":"post","link":"https:\/\/edublog.educastur.es\/ixuxu\/2025\/08\/xosefa-de-jovellanos-primera-escritora-en-llingua-asturiana-y-voz-critica-del-so-tiempu\/","title":{"rendered":"Xosefa de Jovellanos, primera escritora en llingua asturiana y voz cr\u00edtica del so tiempu."},"content":{"rendered":"<p style=\"text-align: center\"><span class=\"x193iq5w xeuugli x13faqbe x1vvkbs xt0psk2 x1i0vuye xvs91rp xo1l8bm x5n08af x10wh9bi xpm28yp x8viiok x1o7cslx x126k92a\"><span class=\"html-span xexx8yu x4uap5 x18d9i69 xkhd6sd x1hl2dhg x16tdsg8 x1vvkbs x3nfvp2 x1j61x8r x1fcty0u xdj266r xat24cr xgzva0m xhhsvwb xxymvpz xlup9mm x1kky2od\">\n<!-- iframe plugin v.6.0 wordpress.org\/plugins\/iframe\/ -->\n<iframe loading=\"lazy\" src=\"https:\/\/www.instagram.com\/reel\/DNyc1yZWqhp\/embed\" width=\"400\" height=\"645\" 0=\"\/iframe\" scrolling=\"yes\" class=\"iframe-class\" frameborder=\"0\"><\/iframe>\n<\/span><\/span><\/p>\n<p>\u2728La so poes\u00eda reflexa la inxusticia social y la realid\u00e1 de los m\u00e1s vulnerables. Equ\u00ed un fragmentu del so poema m\u00e1s famosu que denuncia la fame mientres otros despilfarran:<a href=\"https:\/\/www.instagram.com\/reel\/DNyc1yZWqhp\/?utm_source=ig_embed\"> (videu)<\/a><\/p>\n<p><span style=\"color: #008080;font-size: 24px\"><strong><em>\u201cDe fame anda la xente espavorida;<\/em><\/strong><\/span><br \/>\n<span style=\"color: #008080;font-size: 24px\"><strong><em>lles ll\u00e1grimes \u00f1on m\u00e1s tien por vianda,<\/em><\/strong><\/span><br \/>\n<span style=\"color: #008080;font-size: 24px\"><strong><em>y \u00f1on pueden a cuestes cola vida.\u201d<\/em><\/strong><\/span><\/p>\n<p style=\"text-align: center\"><a href=\"https:\/\/www.instagram.com\/jprescritor\">https:\/\/www.instagram.com\/jprescritor<\/a><\/p>\n","protected":false},"excerpt":{"rendered":"<p>\u2728La so poes\u00eda reflexa la inxusticia social y la realid\u00e1 de los m\u00e1s vulnerables. Equ\u00ed un fragmentu del so poema m\u00e1s famosu que denuncia la fame mientres otros despilfarran: (videu) \u201cDe fame anda la xente espavorida; lles ll\u00e1grimes \u00f1on m\u00e1s tien por vianda, y \u00f1on pueden a cuestes cola vida.\u201d https:\/\/www.instagram.com\/jprescritor<\/p>\n","protected":false},"author":117,"featured_media":0,"comment_status":"closed","ping_status":"open","sticky":false,"template":"","format":"standard","meta":{"footnotes":""},"categories":[356,39],"tags":[],"class_list":["post-56168","post","type-post","status-publish","format-standard","hentry","category-asturian-words","category-poesia"],"_links":{"self":[{"href":"https:\/\/edublog.educastur.es\/ixuxu\/wp-json\/wp\/v2\/posts\/56168","targetHints":{"allow":["GET"]}}],"collection":[{"href":"https:\/\/edublog.educastur.es\/ixuxu\/wp-json\/wp\/v2\/posts"}],"about":[{"href":"https:\/\/edublog.educastur.es\/ixuxu\/wp-json\/wp\/v2\/types\/post"}],"author":[{"embeddable":true,"href":"https:\/\/edublog.educastur.es\/ixuxu\/wp-json\/wp\/v2\/users\/117"}],"replies":[{"embeddable":true,"href":"https:\/\/edublog.educastur.es\/ixuxu\/wp-json\/wp\/v2\/comments?post=56168"}],"version-history":[{"count":3,"href":"https:\/\/edublog.educastur.es\/ixuxu\/wp-json\/wp\/v2\/posts\/56168\/revisions"}],"predecessor-version":[{"id":56171,"href":"https:\/\/edublog.educastur.es\/ixuxu\/wp-json\/wp\/v2\/posts\/56168\/revisions\/56171"}],"wp:attachment":[{"href":"https:\/\/edublog.educastur.es\/ixuxu\/wp-json\/wp\/v2\/media?parent=56168"}],"wp:term":[{"taxonomy":"category","embeddable":true,"href":"https:\/\/edublog.educastur.es\/ixuxu\/wp-json\/wp\/v2\/categories?post=56168"},{"taxonomy":"post_tag","embeddable":true,"href":"https:\/\/edublog.educastur.es\/ixuxu\/wp-json\/wp\/v2\/tags?post=56168"}],"curies":[{"name":"wp","href":"https:\/\/api.w.org\/{rel}","templated":true}]}}