{"id":56173,"date":"2025-08-26T08:30:32","date_gmt":"2025-08-26T06:30:32","guid":{"rendered":"https:\/\/edublog.educastur.es\/ixuxu\/?p=56173"},"modified":"2025-08-26T12:57:01","modified_gmt":"2025-08-26T10:57:01","slug":"la-prevision-del-tiempu-nasturies-el-comercio","status":"publish","type":"post","link":"https:\/\/edublog.educastur.es\/ixuxu\/2025\/08\/la-prevision-del-tiempu-nasturies-el-comercio\/","title":{"rendered":"La previsi\u00f3n del tiempu n&#8217;Asturies (El Comercio)"},"content":{"rendered":"<p style=\"text-align: center\"><a href=\"https:\/\/s1.ppllstatics.com\/elcomercio\/www\/multimedia\/2025\/08\/25\/tiempo-asturias-martes-agosto-kV8F-U2302588077118HVD-1200x840@El%20Comercio.jpg\"><img loading=\"lazy\" decoding=\"async\" class=\"aligncenter size-large\" src=\"https:\/\/s1.ppllstatics.com\/elcomercio\/www\/multimedia\/2025\/08\/25\/tiempo-asturias-martes-agosto-kV8F-U2302588077118HVD-1200x840@El%20Comercio.jpg\" width=\"1200\" height=\"840\" \/><\/a><\/p>\n<p><strong>Depara para esti martes una xornada con nubosid\u00e1 variable pela ma\u00f1ana<\/strong> con nubes m\u00e1s compactes mientres la tarde. Estes condiciones meteorol\u00f3xiques van ser deb\u00edes al pasu d&#8217;un frente fr\u00edu poco activu que va poder dexar delles precipitaciones d\u00e9biles principalmente pela tarde. La inestabilid\u00e1 nun va ser bien acusada por cuenta de que dichu frente va tar so la influencies de les altes presiones. <strong>Los vientos<\/strong> van afitar de noroeste mientres el d\u00eda con, a lo sumo, dalguna racha moderada na mari\u00f1a.<\/p>\n<p><strong>Les temperatures m\u00e1ximes<\/strong> van baxar en tol interior asturianu siendo esti descensu m\u00e1s acus\u00e1u conforme movamos escontra&#8217;l cordal (hasta 5 o 6 \u00baC nel sur de la rex\u00f3n). Na mari\u00f1a, sicas\u00ed, apenes van variar al respective de esti llunes. <strong>Les m\u00ednimes<\/strong> nun van esperimentar cambeos importantes. S\u00eda que non, podr\u00eden producise dellos ascensos bien llixeros de forma local.<\/p>\n","protected":false},"excerpt":{"rendered":"<p>Depara para esti martes una xornada con nubosid\u00e1 variable pela ma\u00f1ana con nubes m\u00e1s compactes mientres la tarde. Estes condiciones meteorol\u00f3xiques van ser deb\u00edes al pasu d&#8217;un frente fr\u00edu poco activu que va poder dexar delles precipitaciones d\u00e9biles principalmente pela tarde. La inestabilid\u00e1 nun va ser bien acusada por cuenta de que dichu frente va [&hellip;]<\/p>\n","protected":false},"author":117,"featured_media":0,"comment_status":"closed","ping_status":"open","sticky":false,"template":"","format":"standard","meta":{"footnotes":""},"categories":[5],"tags":[],"class_list":["post-56173","post","type-post","status-publish","format-standard","hentry","category-tiempu"],"_links":{"self":[{"href":"https:\/\/edublog.educastur.es\/ixuxu\/wp-json\/wp\/v2\/posts\/56173","targetHints":{"allow":["GET"]}}],"collection":[{"href":"https:\/\/edublog.educastur.es\/ixuxu\/wp-json\/wp\/v2\/posts"}],"about":[{"href":"https:\/\/edublog.educastur.es\/ixuxu\/wp-json\/wp\/v2\/types\/post"}],"author":[{"embeddable":true,"href":"https:\/\/edublog.educastur.es\/ixuxu\/wp-json\/wp\/v2\/users\/117"}],"replies":[{"embeddable":true,"href":"https:\/\/edublog.educastur.es\/ixuxu\/wp-json\/wp\/v2\/comments?post=56173"}],"version-history":[{"count":1,"href":"https:\/\/edublog.educastur.es\/ixuxu\/wp-json\/wp\/v2\/posts\/56173\/revisions"}],"predecessor-version":[{"id":56174,"href":"https:\/\/edublog.educastur.es\/ixuxu\/wp-json\/wp\/v2\/posts\/56173\/revisions\/56174"}],"wp:attachment":[{"href":"https:\/\/edublog.educastur.es\/ixuxu\/wp-json\/wp\/v2\/media?parent=56173"}],"wp:term":[{"taxonomy":"category","embeddable":true,"href":"https:\/\/edublog.educastur.es\/ixuxu\/wp-json\/wp\/v2\/categories?post=56173"},{"taxonomy":"post_tag","embeddable":true,"href":"https:\/\/edublog.educastur.es\/ixuxu\/wp-json\/wp\/v2\/tags?post=56173"}],"curies":[{"name":"wp","href":"https:\/\/api.w.org\/{rel}","templated":true}]}}