{"id":56177,"date":"2025-08-25T13:01:31","date_gmt":"2025-08-25T11:01:31","guid":{"rendered":"https:\/\/edublog.educastur.es\/ixuxu\/?p=56177"},"modified":"2025-08-26T18:47:06","modified_gmt":"2025-08-26T16:47:06","slug":"veronica-echegui-actriz","status":"publish","type":"post","link":"https:\/\/edublog.educastur.es\/ixuxu\/2025\/08\/veronica-echegui-actriz\/","title":{"rendered":"DEP, Ver\u00f3nica Echegui, actriz"},"content":{"rendered":"<p style=\"text-align: center\"><a href=\"https:\/\/es.wikipedia.org\/wiki\/Ver\u00f3nica_Echegui\"><strong>Ver\u00f3nica Echegui<\/strong> <\/a>fin\u00f3 a los 42 a\u00f1os.<\/p>\n<p style=\"text-align: center\"><a href=\"https:\/\/upload.wikimedia.org\/wikipedia\/commons\/thumb\/6\/69\/Festival_de_M%C3%A1laga_2024_-_Ver%C3%B3nica_Echegui_%28cropped%29.jpg\/800px-Festival_de_M%C3%A1laga_2024_-_Ver%C3%B3nica_Echegui_%28cropped%29.jpg\"><img loading=\"lazy\" decoding=\"async\" class=\"aligncenter \" src=\"https:\/\/upload.wikimedia.org\/wikipedia\/commons\/thumb\/6\/69\/Festival_de_M%C3%A1laga_2024_-_Ver%C3%B3nica_Echegui_%28cropped%29.jpg\/800px-Festival_de_M%C3%A1laga_2024_-_Ver%C3%B3nica_Echegui_%28cropped%29.jpg\" width=\"620\" height=\"826\" \/><\/a><\/p>\n<p><span style=\"color: #008080\"><em>\u201cNun encaramos la realid\u00e1 de que toos vamos morrer. Tratamos de vivir resalvando que ye daqu\u00e9 inevitable y que vamos travesar. Ello ye que nun recuerdo neng\u00fan cursu dende parvolinos en que nos falar\u00e1n de la muerte. Pregunto c\u00f3mo la vivir\u00edamos si fal\u00e1rennos d&#8217;ello dende l&#8217;enfotu y dende otru puntu de vista, quiciabes dende la fe n&#8217;una vida que sigue o que ye eterna. Que nos plantegaren cuestiones y familiariz\u00e1rennos dende peque\u00f1os cola muerte porque ye daqu\u00e9 que vamos encarar\u201d.<\/em><\/span><\/p>\n<p><!--more--><\/p>\n<p style=\"text-align: center\">\n<!-- iframe plugin v.6.0 wordpress.org\/plugins\/iframe\/ -->\n<iframe loading=\"lazy\" src=\"https:\/\/www.facebook.com\/plugins\/post.php?href=https%3A%2F%2Fwww.facebook.com%2FBelenPicadoPsicologia%2Fposts%2Fpfbid02w6TjbX6J36Qfddkx45AnQKnoEzRcS5WeT7pSnaSJuinyHXHEQYJ7wz4xZkJhVd8Hl&#038;show_text=false&#038;width=500\" width=\"500\" height=\"498\" style=\"border:none;overflow:hidden\" scrolling=\"no\" frameborder=\"0\" allowfullscreen=\"true\" allow=\"autoplay; clipboard-write; encrypted-media; picture-in-picture; web-share\" 0=\"\/iframe\" class=\"iframe-class\"><\/iframe>\n<\/p>\n<dl>\n<dt><a title=\"\" href=\"https:\/\/es.wikipedia.org\/wiki\/Premios_Goya\">Premios Goya<\/a><\/dt>\n<\/dl>\n<table class=\"wikitable\">\n<tbody>\n<tr bgcolor=\"#CCCCCC\">\n<th><b>A\u00f1o<\/b><\/th>\n<th><b>Categor\u00eda<\/b><\/th>\n<th><b>Pel\u00edcula<\/b><\/th>\n<th><b>Resultado<\/b><\/th>\n<\/tr>\n<tr>\n<td><a title=\"Anexo:XXI edici\u00f3n de los Premios Goya\" href=\"https:\/\/es.wikipedia.org\/wiki\/Anexo:XXI_edici%C3%B3n_de_los_Premios_Goya\">2007<\/a><\/td>\n<td><a title=\"Anexo:Premio Goya a la mejor actriz revelaci\u00f3n\" href=\"https:\/\/es.wikipedia.org\/wiki\/Anexo:Premio_Goya_a_la_mejor_actriz_revelaci%C3%B3n\">Mejor actriz revelaci\u00f3n<\/a><\/td>\n<td><i><a title=\"Yo soy la Juani\" href=\"https:\/\/es.wikipedia.org\/wiki\/Yo_soy_la_Juani\">Yo soy la Juani<\/a><\/i><\/td>\n<td rowspan=\"\">Nominada<\/td>\n<\/tr>\n<tr>\n<td><a title=\"Anexo:XXIII edici\u00f3n de los Premios Goya\" href=\"https:\/\/es.wikipedia.org\/wiki\/Anexo:XXIII_edici%C3%B3n_de_los_Premios_Goya\">2009<\/a><\/td>\n<td><a title=\"Anexo:Premio Goya a la mejor interpretaci\u00f3n femenina protagonista\" href=\"https:\/\/es.wikipedia.org\/wiki\/Anexo:Premio_Goya_a_la_mejor_interpretaci%C3%B3n_femenina_protagonista\">Mejor interpretaci\u00f3n femenina protagonista<\/a><\/td>\n<td><i><a title=\"El patio de mi c\u00e1rcel\" href=\"https:\/\/es.wikipedia.org\/wiki\/El_patio_de_mi_c%C3%A1rcel\">El patio de mi c\u00e1rcel<\/a><\/i><\/td>\n<td rowspan=\"\">Nominada<\/td>\n<\/tr>\n<tr>\n<td><a title=\"Anexo:XXVI edici\u00f3n de los Premios Goya\" href=\"https:\/\/es.wikipedia.org\/wiki\/Anexo:XXVI_edici%C3%B3n_de_los_Premios_Goya\">2012<\/a><\/td>\n<td><a title=\"Anexo:Premio Goya a la mejor interpretaci\u00f3n femenina protagonista\" href=\"https:\/\/es.wikipedia.org\/wiki\/Anexo:Premio_Goya_a_la_mejor_interpretaci%C3%B3n_femenina_protagonista\">Mejor interpretaci\u00f3n femenina protagonista<\/a><\/td>\n<td><i><a title=\"Katmand\u00fa, un espejo en el cielo\" href=\"https:\/\/es.wikipedia.org\/wiki\/Katmand%C3%BA,_un_espejo_en_el_cielo\">Katmand\u00fa, un espejo en el cielo<\/a><\/i><\/td>\n<td rowspan=\"\">Nominada<\/td>\n<\/tr>\n<tr>\n<td><a title=\"Anexo:XXXV edici\u00f3n de los Premios Goya\" href=\"https:\/\/es.wikipedia.org\/wiki\/Anexo:XXXV_edici%C3%B3n_de_los_Premios_Goya\">2021<\/a><\/td>\n<td><a title=\"Anexo:Premio Goya a la mejor interpretaci\u00f3n femenina de reparto\" href=\"https:\/\/es.wikipedia.org\/wiki\/Anexo:Premio_Goya_a_la_mejor_interpretaci%C3%B3n_femenina_de_reparto\">Mejor interpretaci\u00f3n femenina de reparto<\/a><\/td>\n<td><i><a class=\"mw-redirect\" title=\"Explota Explota\" href=\"https:\/\/es.wikipedia.org\/wiki\/Explota_Explota\">Explota Explota<\/a><\/i><\/td>\n<td rowspan=\"\">Nominada<\/td>\n<\/tr>\n<tr>\n<td><a title=\"Anexo:XXXVI edici\u00f3n de los Premios Goya\" href=\"https:\/\/es.wikipedia.org\/wiki\/Anexo:XXXVI_edici%C3%B3n_de_los_Premios_Goya\">2022<\/a><\/td>\n<td><a title=\"Anexo:Premio Goya al mejor cortometraje de ficci\u00f3n\" href=\"https:\/\/es.wikipedia.org\/wiki\/Anexo:Premio_Goya_al_mejor_cortometraje_de_ficci%C3%B3n\">Mejor cortometraje de ficci\u00f3n<\/a>\u00a0<small>(Como directora)<\/small><\/td>\n<td><i><a title=\"T\u00f3tem loba\" href=\"https:\/\/es.wikipedia.org\/wiki\/T%C3%B3tem_loba\">T\u00f3tem loba<\/a><\/i><\/td>\n<td rowspan=\"\">Ganadora<\/td>\n<\/tr>\n<\/tbody>\n<\/table>\n<p>&nbsp;<\/p>\n","protected":false},"excerpt":{"rendered":"<p>Ver\u00f3nica Echegui fin\u00f3 a los 42 a\u00f1os. \u201cNun encaramos la realid\u00e1 de que toos vamos morrer. Tratamos de vivir resalvando que ye daqu\u00e9 inevitable y que vamos travesar. Ello ye que nun recuerdo neng\u00fan cursu dende parvolinos en que nos falar\u00e1n de la muerte. Pregunto c\u00f3mo la vivir\u00edamos si fal\u00e1rennos d&#8217;ello dende l&#8217;enfotu y dende [&hellip;]<\/p>\n","protected":false},"author":117,"featured_media":0,"comment_status":"closed","ping_status":"open","sticky":false,"template":"","format":"standard","meta":{"footnotes":""},"categories":[162],"tags":[],"class_list":["post-56177","post","type-post","status-publish","format-standard","hentry","category-dep"],"_links":{"self":[{"href":"https:\/\/edublog.educastur.es\/ixuxu\/wp-json\/wp\/v2\/posts\/56177","targetHints":{"allow":["GET"]}}],"collection":[{"href":"https:\/\/edublog.educastur.es\/ixuxu\/wp-json\/wp\/v2\/posts"}],"about":[{"href":"https:\/\/edublog.educastur.es\/ixuxu\/wp-json\/wp\/v2\/types\/post"}],"author":[{"embeddable":true,"href":"https:\/\/edublog.educastur.es\/ixuxu\/wp-json\/wp\/v2\/users\/117"}],"replies":[{"embeddable":true,"href":"https:\/\/edublog.educastur.es\/ixuxu\/wp-json\/wp\/v2\/comments?post=56177"}],"version-history":[{"count":3,"href":"https:\/\/edublog.educastur.es\/ixuxu\/wp-json\/wp\/v2\/posts\/56177\/revisions"}],"predecessor-version":[{"id":56180,"href":"https:\/\/edublog.educastur.es\/ixuxu\/wp-json\/wp\/v2\/posts\/56177\/revisions\/56180"}],"wp:attachment":[{"href":"https:\/\/edublog.educastur.es\/ixuxu\/wp-json\/wp\/v2\/media?parent=56177"}],"wp:term":[{"taxonomy":"category","embeddable":true,"href":"https:\/\/edublog.educastur.es\/ixuxu\/wp-json\/wp\/v2\/categories?post=56177"},{"taxonomy":"post_tag","embeddable":true,"href":"https:\/\/edublog.educastur.es\/ixuxu\/wp-json\/wp\/v2\/tags?post=56177"}],"curies":[{"name":"wp","href":"https:\/\/api.w.org\/{rel}","templated":true}]}}