{"id":56183,"date":"2025-08-26T13:06:44","date_gmt":"2025-08-26T11:06:44","guid":{"rendered":"https:\/\/edublog.educastur.es\/ixuxu\/?p=56183"},"modified":"2025-08-26T13:08:07","modified_gmt":"2025-08-26T11:08:07","slug":"56183","status":"publish","type":"post","link":"https:\/\/edublog.educastur.es\/ixuxu\/2025\/08\/56183\/","title":{"rendered":"Asturies, la comunid\u00e1 aut\u00f3noma que m\u00e1s porcentaxe d&#8217;alumnos d&#8217;Infantil perdi\u00f3 na \u00faltima d\u00e9cada"},"content":{"rendered":"<p><a href=\"https:\/\/www.lne.es\/asturias\/2025\/08\/25\/asturias-comunidad-autonoma-porcentaje-alumnos-120906575.html\">LNE<\/a> \/<\/p>\n<p style=\"text-align: center\"><a href=\"https:\/\/estaticos-cdn.prensaiberica.es\/clip\/cb28cb6d-d515-4847-9a58-57409ccc2d61_16-9-discover-aspect-ratio_default_0.webp\"><img loading=\"lazy\" decoding=\"async\" class=\"aligncenter size-large\" src=\"https:\/\/estaticos-cdn.prensaiberica.es\/clip\/cb28cb6d-d515-4847-9a58-57409ccc2d61_16-9-discover-aspect-ratio_default_0.webp\" width=\"1200\" height=\"675\" \/><\/a><\/p>\n<p>Asturies, la comunid\u00e1 aut\u00f3noma que m\u00e1s porcentaxe d&#8217;alumnos d&#8217;Infantil perdi\u00f3 na \u00faltima d\u00e9cada. L&#8217;economista Ismael Sanz ve una \u00aboportunid\u00e1\u00bb na cayida d&#8217;estudiantes, mayor na alcordada que na p\u00fablica, para \u00abameyorar l&#8217;aprendizaxe\u00bb.<\/p>\n<p>Asturies ta a la cabeza n&#8217;Espa\u00f1a de les comunidaes que m\u00e1s alumnos perdieron nel segundu ciclu d&#8217;Educaci\u00f3n Infantil (3 a 5 a\u00f1os) na \u00faltima d\u00e9cada, con<strong> una cayida del 31,4%.<\/strong> Daqu\u00e9 que nun sospriende y\u00e1 que nes estad\u00edstiques de sangr\u00eda poblacional y avieyamientu siempres figura tami\u00e9n nos primeros puestos. Pero llue\u00f1e de vese como un datu negativu,<strong> en cuestiones educatives ye una oportunid\u00e1.<\/strong><\/p>\n","protected":false},"excerpt":{"rendered":"<p>LNE \/ Asturies, la comunid\u00e1 aut\u00f3noma que m\u00e1s porcentaxe d&#8217;alumnos d&#8217;Infantil perdi\u00f3 na \u00faltima d\u00e9cada. L&#8217;economista Ismael Sanz ve una \u00aboportunid\u00e1\u00bb na cayida d&#8217;estudiantes, mayor na alcordada que na p\u00fablica, para \u00abameyorar l&#8217;aprendizaxe\u00bb. Asturies ta a la cabeza n&#8217;Espa\u00f1a de les comunidaes que m\u00e1s alumnos perdieron nel segundu ciclu d&#8217;Educaci\u00f3n Infantil (3 a 5 a\u00f1os) [&hellip;]<\/p>\n","protected":false},"author":117,"featured_media":0,"comment_status":"closed","ping_status":"open","sticky":false,"template":"","format":"standard","meta":{"footnotes":""},"categories":[132],"tags":[],"class_list":["post-56183","post","type-post","status-publish","format-standard","hentry","category-educastur"],"_links":{"self":[{"href":"https:\/\/edublog.educastur.es\/ixuxu\/wp-json\/wp\/v2\/posts\/56183","targetHints":{"allow":["GET"]}}],"collection":[{"href":"https:\/\/edublog.educastur.es\/ixuxu\/wp-json\/wp\/v2\/posts"}],"about":[{"href":"https:\/\/edublog.educastur.es\/ixuxu\/wp-json\/wp\/v2\/types\/post"}],"author":[{"embeddable":true,"href":"https:\/\/edublog.educastur.es\/ixuxu\/wp-json\/wp\/v2\/users\/117"}],"replies":[{"embeddable":true,"href":"https:\/\/edublog.educastur.es\/ixuxu\/wp-json\/wp\/v2\/comments?post=56183"}],"version-history":[{"count":3,"href":"https:\/\/edublog.educastur.es\/ixuxu\/wp-json\/wp\/v2\/posts\/56183\/revisions"}],"predecessor-version":[{"id":56186,"href":"https:\/\/edublog.educastur.es\/ixuxu\/wp-json\/wp\/v2\/posts\/56183\/revisions\/56186"}],"wp:attachment":[{"href":"https:\/\/edublog.educastur.es\/ixuxu\/wp-json\/wp\/v2\/media?parent=56183"}],"wp:term":[{"taxonomy":"category","embeddable":true,"href":"https:\/\/edublog.educastur.es\/ixuxu\/wp-json\/wp\/v2\/categories?post=56183"},{"taxonomy":"post_tag","embeddable":true,"href":"https:\/\/edublog.educastur.es\/ixuxu\/wp-json\/wp\/v2\/tags?post=56183"}],"curies":[{"name":"wp","href":"https:\/\/api.w.org\/{rel}","templated":true}]}}