{"id":56193,"date":"2025-08-26T13:00:52","date_gmt":"2025-08-26T11:00:52","guid":{"rendered":"https:\/\/edublog.educastur.es\/ixuxu\/?p=56193"},"modified":"2025-08-26T13:23:00","modified_gmt":"2025-08-26T11:23:00","slug":"la-escuela-quedase-ensin-alumnos-la-poblacion-neda-escolar-pierde-450-000-nenos-en-10-anos","status":"publish","type":"post","link":"https:\/\/edublog.educastur.es\/ixuxu\/2025\/08\/la-escuela-quedase-ensin-alumnos-la-poblacion-neda-escolar-pierde-450-000-nenos-en-10-anos\/","title":{"rendered":"La escuela qu\u00e9dase ensin alumnos: la poblaci\u00f3n n&#8217;ed\u00e1 escolar pierde 450.000 ne\u00f1os en 10 a\u00f1os."},"content":{"rendered":"<p><a href=\"https:\/\/www.elmundo.es\/espana\/2025\/08\/24\/687e3548e85eceba4a8b45a2.html\">El Mundo<\/a> \/<\/p>\n<p style=\"text-align: center\"><a href=\"https:\/\/e00-elmundo.uecdn.es\/elmundo\/2025\/graficos\/jul\/ratios923a.jpg\"><img loading=\"lazy\" decoding=\"async\" class=\"aligncenter size-large\" src=\"https:\/\/e00-elmundo.uecdn.es\/elmundo\/2025\/graficos\/jul\/ratios923a.jpg\" width=\"1846\" height=\"2076\" \/><\/a><\/p>\n<p>Les autonom\u00edes amenorguen el n\u00famberu d&#8217;alumnos per aula \u00e9nte la inacci\u00f3n del Gobiernu. Aprovechen la cayida de la natalid\u00e1 pa baxar les ratios de clase, una midida que reclamen los profesores y les families p&#8217;ameyorar el rendimientu.<\/p>\n<p>La escuela qu\u00e9dase ensin alumnos: la poblaci\u00f3n n&#8217;ed\u00e1 escolar pierde 450.000 ne\u00f1os en 10 a\u00f1os.<\/p>\n","protected":false},"excerpt":{"rendered":"<p>El Mundo \/ Les autonom\u00edes amenorguen el n\u00famberu d&#8217;alumnos per aula \u00e9nte la inacci\u00f3n del Gobiernu. Aprovechen la cayida de la natalid\u00e1 pa baxar les ratios de clase, una midida que reclamen los profesores y les families p&#8217;ameyorar el rendimientu. La escuela qu\u00e9dase ensin alumnos: la poblaci\u00f3n n&#8217;ed\u00e1 escolar pierde 450.000 ne\u00f1os en 10 a\u00f1os.<\/p>\n","protected":false},"author":117,"featured_media":0,"comment_status":"closed","ping_status":"open","sticky":false,"template":"","format":"standard","meta":{"footnotes":""},"categories":[1],"tags":[],"class_list":["post-56193","post","type-post","status-publish","format-standard","hentry","category-sin-categoria"],"_links":{"self":[{"href":"https:\/\/edublog.educastur.es\/ixuxu\/wp-json\/wp\/v2\/posts\/56193","targetHints":{"allow":["GET"]}}],"collection":[{"href":"https:\/\/edublog.educastur.es\/ixuxu\/wp-json\/wp\/v2\/posts"}],"about":[{"href":"https:\/\/edublog.educastur.es\/ixuxu\/wp-json\/wp\/v2\/types\/post"}],"author":[{"embeddable":true,"href":"https:\/\/edublog.educastur.es\/ixuxu\/wp-json\/wp\/v2\/users\/117"}],"replies":[{"embeddable":true,"href":"https:\/\/edublog.educastur.es\/ixuxu\/wp-json\/wp\/v2\/comments?post=56193"}],"version-history":[{"count":1,"href":"https:\/\/edublog.educastur.es\/ixuxu\/wp-json\/wp\/v2\/posts\/56193\/revisions"}],"predecessor-version":[{"id":56194,"href":"https:\/\/edublog.educastur.es\/ixuxu\/wp-json\/wp\/v2\/posts\/56193\/revisions\/56194"}],"wp:attachment":[{"href":"https:\/\/edublog.educastur.es\/ixuxu\/wp-json\/wp\/v2\/media?parent=56193"}],"wp:term":[{"taxonomy":"category","embeddable":true,"href":"https:\/\/edublog.educastur.es\/ixuxu\/wp-json\/wp\/v2\/categories?post=56193"},{"taxonomy":"post_tag","embeddable":true,"href":"https:\/\/edublog.educastur.es\/ixuxu\/wp-json\/wp\/v2\/tags?post=56193"}],"curies":[{"name":"wp","href":"https:\/\/api.w.org\/{rel}","templated":true}]}}