{"id":562,"date":"2020-05-12T09:04:09","date_gmt":"2020-05-12T09:04:09","guid":{"rendered":"https:\/\/edublog.educastur.es\/ixuxu\/?p=562"},"modified":"2020-08-24T20:13:45","modified_gmt":"2020-08-24T20:13:45","slug":"dia-mundial-de-lenfermeria","status":"publish","type":"post","link":"https:\/\/edublog.educastur.es\/ixuxu\/2020\/05\/dia-mundial-de-lenfermeria\/","title":{"rendered":"D\u00eda Mundial de l\u00b4Enfermer\u00eda"},"content":{"rendered":"<div class=\"entry\">\n<h2><a title=\"Leer Reconocimientu a los que lluchen escontra\u00b4l bichu\" href=\"http:\/\/blog.educastur.es\/ixuxullingua\/2020\/05\/07\/reconocimientu-a-los-que-lluchen-escontra%c2%b4l-bichu\/\" rel=\"bookmark\">Reconocimientu a los que lluchen escontra\u00b4l bichu<\/a><\/h2>\n<div class=\"entry\">\n<p><strong><em><a href=\"https:\/\/es.wikipedia.org\/wiki\/Banksy\" target=\"_blank\" rel=\"noopener noreferrer\">Banksy<\/a>\u00a0<\/em><\/strong> (Yate, Gloucestershire, 1974) ye\u2019l seud\u00f3nimu d\u2019un artista d\u2019arte urbano brit\u00e1nicu.<\/p>\n<p><a href=\"https:\/\/cadenaser.com\/ser\/2020\/05\/06\/internacional\/1588787297_891950.amp.html\" target=\"_blank\" rel=\"noopener noreferrer\"><br \/>\n<\/a>Na obra un ne\u00f1u apaez arrodillau al pie d\u00b4una papelera onde t\u00e1n les sos figures de<strong><em> Spiderman y Batman <\/em><\/strong>mientres \u00e9l sostien al so h\u00e9roe d\u2019acci\u00f3n favoritu: una enfermera del serviciu p\u00fablicu de sal\u00fa de Reinu Un\u00edu. L\u2019artista dex\u00f3 una nota para trabayadores del hospital que dic\u00eda: \u201c<strong><em>Gracies per tolo que t\u00e1n faciendo. Espero qu\u2019esto allume un pocu\u2019l llugar, inclusive anque s\u00eda solo en blancu y negru\u201d<\/em><\/strong>. Seg\u00fan cuenta la BBC, la pintura va permanecer nel hospital de Southampton hasta la seronda, cuando se va puyar para recaldar fondos\u2026<\/p>\n<\/div>\n<\/div>\n<div class=\"entry\">\n<p><img loading=\"lazy\" decoding=\"async\" class=\"wp-image-563 alignleft\" src=\"http:\/\/edublog.educastur.es\/ixuxu\/files\/2020\/08\/167913-1024x722.jpg\" alt=\"\" width=\"551\" height=\"388\" srcset=\"https:\/\/edublog.educastur.es\/ixuxu\/files\/2020\/08\/167913-1024x722.jpg 1024w, https:\/\/edublog.educastur.es\/ixuxu\/files\/2020\/08\/167913-300x212.jpg 300w, https:\/\/edublog.educastur.es\/ixuxu\/files\/2020\/08\/167913-768x541.jpg 768w, https:\/\/edublog.educastur.es\/ixuxu\/files\/2020\/08\/167913-1536x1083.jpg 1536w, https:\/\/edublog.educastur.es\/ixuxu\/files\/2020\/08\/167913-2048x1444.jpg 2048w, https:\/\/edublog.educastur.es\/ixuxu\/files\/2020\/08\/167913-1000x705.jpg 1000w, https:\/\/edublog.educastur.es\/ixuxu\/files\/2020\/08\/167913-426x300.jpg 426w\" sizes=\"auto, (max-width: 551px) 100vw, 551px\" \/><\/p>\n<p>&nbsp;<\/p>\n<p>&nbsp;<\/p>\n<\/div>\n<p>&nbsp;<\/p>\n<p>&nbsp;<\/p>\n<p>&nbsp;<\/p>\n<p>&nbsp;<\/p>\n<p>&nbsp;<\/p>\n<p>&nbsp;<\/p>\n<p>&nbsp;<\/p>\n<p>&nbsp;<\/p>\n<p>&nbsp;<\/p>\n<div class=\"entry\">\n<p><img loading=\"lazy\" decoding=\"async\" class=\"wp-image-564 alignleft\" src=\"http:\/\/edublog.educastur.es\/ixuxu\/files\/2020\/08\/banksy.jpg\" alt=\"\" width=\"543\" height=\"286\" srcset=\"https:\/\/edublog.educastur.es\/ixuxu\/files\/2020\/08\/banksy.jpg 995w, https:\/\/edublog.educastur.es\/ixuxu\/files\/2020\/08\/banksy-300x158.jpg 300w, https:\/\/edublog.educastur.es\/ixuxu\/files\/2020\/08\/banksy-768x404.jpg 768w, https:\/\/edublog.educastur.es\/ixuxu\/files\/2020\/08\/banksy-570x300.jpg 570w\" sizes=\"auto, (max-width: 543px) 100vw, 543px\" \/><\/p>\n<p>&nbsp;<\/p>\n<p>&nbsp;<\/p>\n<p>&nbsp;<\/p>\n<p>&nbsp;<\/p>\n<p>&nbsp;<\/p>\n<p>&nbsp;<\/p>\n<p>&nbsp;<\/p>\n<p>&nbsp;<\/p>\n<p>&nbsp;<\/p>\n<p>G\u00fcei, 12 de mayu, conmem\u00f3rase\u2019l <span style=\"color: #008000\">D\u00eda Mundial de la Enfermer\u00eda<\/span>, anque para les profesionales del sector, seg\u00fan se\u00f1alen, tar\u00eda meyor dichu \u201c<u><span style=\"color: #008000\"><em>el d\u00eda mundial de les enfermeres<\/em><\/span><\/u>\u201c. G\u00fcei fai 200 a\u00f1os que nac\u00eda en Florencia <strong><a href=\"https:\/\/mujeresconciencia.com\/2015\/05\/12\/florence-nightingale-enfermera-y-estadistica\/\" target=\"_blank\" rel=\"noopener noreferrer\"><em><u>Florence Nightingale<\/u><\/em><\/a><\/strong>, considerada la fundadora de la enfermer\u00eda moderna, y nun ye por esto nin por ser l\u2019a\u00f1u mundial de les enfermeres<br \/>\nqu\u2019estes t\u00e1n de m\u00e1xima actualid\u00e1, sin\u00f3n pola situaci\u00f3n de crisis sanitaria que vive\u2019l mundu dende va delles selmanes.<\/p>\n<p><!--more--><\/p>\n<p><a href=\"https:\/\/mujeresconciencia.com\/2017\/08\/22\/florence-nightingale-mucho-mas-la-dama-la-lampara\/?fbclid=IwAR3uxNzxOmCwh2VAPssi48OIzVn7XwmD0n1rgNrGXyriOvjjtqh4YQs5-XI\" target=\"_blank\" rel=\"noopener noreferrer\"><u><em>Ver art\u00edculu de Florence Nightingale. <\/em><\/u><\/a><\/p>\n<p>La OMS aportuna na importancia de les enfermeres nos sistemes sanitarios y recuerda a los gobiernos que la inversi\u00f3n nestes profesionales non solo ameyora les resultancies en sal\u00fa, sin\u00f3n que tami\u00e9n guarne les econom\u00edes y favorez la iguald\u00e1 de x\u00e9neru.<\/p>\n<p><span style=\"color: #008000\">Les enfermeres t\u00e1n presentes n\u2019ensame d\u2019\u00e1mbitos:<\/span> acompa\u00f1ando a les persones o a les\u00a0 comunidaes. Les enfermeres acompa\u00f1en al ser humanu dende antes de la nacencia, recibir al nacer y van tar al pie de \u00e9l o ella a lo llargo de tola so vida, tanto cuando enferma como cuando ta sanu o sana, ayudando a caltener la so sal\u00fa. Hai enfermeres n\u2019escueles, en c\u00e1rceles,<br \/>\nen residencies, n\u2019hospitales, seg\u00fan trabayando na comunid\u00e1, n\u2019instituciones o nes empreses.<\/p>\n<p>Les enfermeres curien, curen, ense\u00f1en ya investiguen. Tami\u00e9n alministren y exercen puestos d\u2019alta responsabilid\u00e1 n\u2019instituciones.<\/p>\n<p><span style=\"color: #008000\">El compromisu de les enfermeres ye vultable, dende la formaci\u00f3n universitaria hasta dempu\u00e9s de la vida llaboral<\/span>. Angua\u00f1o, les estudiantes adelantraron la graduaci\u00f3n p\u2019ayudar en plena crisis del coronavirus y enfermeres xubilaes ufiert\u00e1ronse voluntaries p\u2019ayudar. Ser enfermera g\u00fcei ye conocencia y compromisu.<span style=\"color: #008000\"> Dende\u2019l Colexu d\u2019Enfermer\u00eda <\/span>quieren amosar el so m\u00e1ximu sofitu a les enfermeres asturianes, estimar el so exemplu, participar na so misi\u00f3n y faer visible\u2019l so enorme nivel de competencia y compromisu, pa faer qu\u2019el so lideralgu s\u00eda efectivu y que como indica\u2019l lema d\u2019esti d\u00eda, les enfermeres asturianes lideren a la comunid\u00e1 escontra la sal\u00fa.<\/p>\n<p><strong><span style=\"color: #008000\"><em>\u00a1Feliz d\u00eda de les enfermeres!<\/em><\/span><\/strong><\/p>\n<p><img loading=\"lazy\" decoding=\"async\" class=\"alignleft size-large wp-image-565\" src=\"http:\/\/edublog.educastur.es\/ixuxu\/files\/2020\/08\/banksy-hospital-obra-1024x571.jpg\" alt=\"\" width=\"840\" height=\"468\" srcset=\"https:\/\/edublog.educastur.es\/ixuxu\/files\/2020\/08\/banksy-hospital-obra-1024x571.jpg 1024w, https:\/\/edublog.educastur.es\/ixuxu\/files\/2020\/08\/banksy-hospital-obra-300x167.jpg 300w, https:\/\/edublog.educastur.es\/ixuxu\/files\/2020\/08\/banksy-hospital-obra-768x429.jpg 768w, https:\/\/edublog.educastur.es\/ixuxu\/files\/2020\/08\/banksy-hospital-obra-1000x558.jpg 1000w, https:\/\/edublog.educastur.es\/ixuxu\/files\/2020\/08\/banksy-hospital-obra-538x300.jpg 538w, https:\/\/edublog.educastur.es\/ixuxu\/files\/2020\/08\/banksy-hospital-obra.jpg 1310w\" sizes=\"auto, (max-width: 840px) 100vw, 840px\" \/><\/p>\n<\/div>\n","protected":false},"excerpt":{"rendered":"<p>Reconocimientu a los que lluchen escontra\u00b4l bichu Banksy\u00a0 (Yate, Gloucestershire, 1974) ye\u2019l seud\u00f3nimu d\u2019un artista d\u2019arte urbano brit\u00e1nicu. Na obra un ne\u00f1u apaez arrodillau al pie d\u00b4una papelera onde t\u00e1n les sos figures de Spiderman y Batman mientres \u00e9l sostien al so h\u00e9roe d\u2019acci\u00f3n favoritu: una enfermera del serviciu p\u00fablicu de sal\u00fa de Reinu Un\u00edu. [&hellip;]<\/p>\n","protected":false},"author":117,"featured_media":0,"comment_status":"closed","ping_status":"open","sticky":false,"template":"","format":"standard","meta":{"footnotes":""},"categories":[6],"tags":[],"class_list":["post-562","post","type-post","status-publish","format-standard","hentry","category-dia-de"],"_links":{"self":[{"href":"https:\/\/edublog.educastur.es\/ixuxu\/wp-json\/wp\/v2\/posts\/562","targetHints":{"allow":["GET"]}}],"collection":[{"href":"https:\/\/edublog.educastur.es\/ixuxu\/wp-json\/wp\/v2\/posts"}],"about":[{"href":"https:\/\/edublog.educastur.es\/ixuxu\/wp-json\/wp\/v2\/types\/post"}],"author":[{"embeddable":true,"href":"https:\/\/edublog.educastur.es\/ixuxu\/wp-json\/wp\/v2\/users\/117"}],"replies":[{"embeddable":true,"href":"https:\/\/edublog.educastur.es\/ixuxu\/wp-json\/wp\/v2\/comments?post=562"}],"version-history":[{"count":4,"href":"https:\/\/edublog.educastur.es\/ixuxu\/wp-json\/wp\/v2\/posts\/562\/revisions"}],"predecessor-version":[{"id":570,"href":"https:\/\/edublog.educastur.es\/ixuxu\/wp-json\/wp\/v2\/posts\/562\/revisions\/570"}],"wp:attachment":[{"href":"https:\/\/edublog.educastur.es\/ixuxu\/wp-json\/wp\/v2\/media?parent=562"}],"wp:term":[{"taxonomy":"category","embeddable":true,"href":"https:\/\/edublog.educastur.es\/ixuxu\/wp-json\/wp\/v2\/categories?post=562"},{"taxonomy":"post_tag","embeddable":true,"href":"https:\/\/edublog.educastur.es\/ixuxu\/wp-json\/wp\/v2\/tags?post=562"}],"curies":[{"name":"wp","href":"https:\/\/api.w.org\/{rel}","templated":true}]}}