{"id":56246,"date":"2025-08-26T15:04:07","date_gmt":"2025-08-26T13:04:07","guid":{"rendered":"https:\/\/edublog.educastur.es\/ixuxu\/?p=56246"},"modified":"2025-08-26T15:04:39","modified_gmt":"2025-08-26T13:04:39","slug":"la-imaxe-del-trabayu-invisible-que-naide-llama-trabayu","status":"publish","type":"post","link":"https:\/\/edublog.educastur.es\/ixuxu\/2025\/08\/la-imaxe-del-trabayu-invisible-que-naide-llama-trabayu\/","title":{"rendered":"La imaxe del trabayu invisible que naide llama \u201ctrabayu\u201d"},"content":{"rendered":"<p style=\"text-align: center\">\n<!-- iframe plugin v.6.0 wordpress.org\/plugins\/iframe\/ -->\n<iframe loading=\"lazy\" src=\"https:\/\/www.facebook.com\/plugins\/post.php?href=https%3A%2F%2Fwww.facebook.com%2Fsardina.cocina%2Fposts%2Fpfbid0CKeRGwS2d9W4g1WfBrSJg32d4P5Hcs57434ZJG5joYrAKjPVjwBKJeHV5G2U4e5zl&#038;show_text=false&#038;width=500\" width=\"500\" height=\"497\" style=\"border:none;overflow:hidden\" scrolling=\"no\" frameborder=\"0\" allowfullscreen=\"true\" allow=\"autoplay; clipboard-write; encrypted-media; picture-in-picture; web-share\" 0=\"\/iframe\" class=\"iframe-class\"><\/iframe>\n<\/p>\n<p>Monumentu a la muyer que \u201cnun fai nada en casa con\u00f3ceslo. Ver cientos de vegaes. Nun glaya. Nun se quexa. Nun pide. Y sicas\u00ed, acald\u00eda carga sobro&#8217;l so costazos tou na casa. <a href=\"https:\/\/scontent-bcn1-1.xx.fbcdn.net\/v\/t39.30808-6\/535855214_639867825824356_5156721187539757501_n.jpg?_nc_cat=102&amp;ccb=1-7&amp;_nc_sid=127cfc&amp;_nc_ohc=li_5kk0lY6oQ7kNvwF95I1B&amp;_nc_oc=AdkoLxYg5-ZNLiLAroTMzU5p-ZFgBNLy6zukoM9Ozvl_-5JqgZxLtqheE5kp4K3LsBOGakZP1Rk_4gawROH-JrLy&amp;_nc_zt=23&amp;_nc_ht=scontent-bcn1-1.xx&amp;_nc_gid=EmB9IFjJiiTF1p2JDha8Og&amp;oh=00_AfVScGQJRkLshC4F0QRVxp6eu8QJDOOjs6yzZfTPBAIIBw&amp;oe=68B38DB5\">Ye la imaxe del trabayu invisible que naide llama \u201ctrabayu\u201d<\/a>, porque nun da salariu \u2013 solu cansanciu y silenciu.<\/p>\n","protected":false},"excerpt":{"rendered":"<p>Monumentu a la muyer que \u201cnun fai nada en casa con\u00f3ceslo. Ver cientos de vegaes. Nun glaya. Nun se quexa. Nun pide. Y sicas\u00ed, acald\u00eda carga sobro&#8217;l so costazos tou na casa. Ye la imaxe del trabayu invisible que naide llama \u201ctrabayu\u201d, porque nun da salariu \u2013 solu cansanciu y silenciu.<\/p>\n","protected":false},"author":117,"featured_media":0,"comment_status":"closed","ping_status":"open","sticky":false,"template":"","format":"standard","meta":{"footnotes":""},"categories":[1],"tags":[],"class_list":["post-56246","post","type-post","status-publish","format-standard","hentry","category-sin-categoria"],"_links":{"self":[{"href":"https:\/\/edublog.educastur.es\/ixuxu\/wp-json\/wp\/v2\/posts\/56246","targetHints":{"allow":["GET"]}}],"collection":[{"href":"https:\/\/edublog.educastur.es\/ixuxu\/wp-json\/wp\/v2\/posts"}],"about":[{"href":"https:\/\/edublog.educastur.es\/ixuxu\/wp-json\/wp\/v2\/types\/post"}],"author":[{"embeddable":true,"href":"https:\/\/edublog.educastur.es\/ixuxu\/wp-json\/wp\/v2\/users\/117"}],"replies":[{"embeddable":true,"href":"https:\/\/edublog.educastur.es\/ixuxu\/wp-json\/wp\/v2\/comments?post=56246"}],"version-history":[{"count":2,"href":"https:\/\/edublog.educastur.es\/ixuxu\/wp-json\/wp\/v2\/posts\/56246\/revisions"}],"predecessor-version":[{"id":56248,"href":"https:\/\/edublog.educastur.es\/ixuxu\/wp-json\/wp\/v2\/posts\/56246\/revisions\/56248"}],"wp:attachment":[{"href":"https:\/\/edublog.educastur.es\/ixuxu\/wp-json\/wp\/v2\/media?parent=56246"}],"wp:term":[{"taxonomy":"category","embeddable":true,"href":"https:\/\/edublog.educastur.es\/ixuxu\/wp-json\/wp\/v2\/categories?post=56246"},{"taxonomy":"post_tag","embeddable":true,"href":"https:\/\/edublog.educastur.es\/ixuxu\/wp-json\/wp\/v2\/tags?post=56246"}],"curies":[{"name":"wp","href":"https:\/\/api.w.org\/{rel}","templated":true}]}}