{"id":56249,"date":"2025-08-23T09:00:07","date_gmt":"2025-08-23T07:00:07","guid":{"rendered":"https:\/\/edublog.educastur.es\/ixuxu\/?p=56249"},"modified":"2025-08-26T15:13:52","modified_gmt":"2025-08-26T13:13:52","slug":"dia-internacional-del-hashtag-2","status":"publish","type":"post","link":"https:\/\/edublog.educastur.es\/ixuxu\/2025\/08\/dia-internacional-del-hashtag-2\/","title":{"rendered":"D\u00eda Internacional del Hashtag"},"content":{"rendered":"<p>El 23 d&#8217;agostu celebramos el D\u00eda Internacional del <a href=\"https:\/\/es.wikipedia.org\/wiki\/Numeral_(s\u00edmbolo)\"><strong>Hashtag<\/strong><\/a>, tami\u00e9n llam\u00e1u <span style=\"color: #008080\"><strong>etiqueta o almadina.<\/strong><\/span> Ye esi s\u00edmbolu que tantu usamos en RRSS delantre d&#8217;una o delles palabres encadenaes que son la clave para falar d&#8217;una tema concreta.<\/p>\n<p style=\"text-align: center\"><a href=\"https:\/\/campingprofesional.com\/wp-content\/uploads\/2024\/10\/hashtag.jpg\"><img loading=\"lazy\" decoding=\"async\" class=\"aligncenter \" src=\"https:\/\/campingprofesional.com\/wp-content\/uploads\/2024\/10\/hashtag.jpg\" width=\"801\" height=\"534\" \/><\/a><\/p>\n<p>Foi instaur\u00e1u en 2018 para reconocer l&#8217;impactu del s\u00edmbolu na comunicaci\u00f3n global. La so primer apaici\u00f3n en redes asocedi\u00f3 en 2007, cuando Chris Messina prop\u00fasolu en Twitter para entamar conversaciones con <a href=\"https:\/\/es.wikipedia.org\/wiki\/BarCamp\">#barcamp.<\/a><\/p>\n<p>&nbsp;<\/p>\n<p style=\"text-align: center\"><a href=\"https:\/\/cdn.campingprofesional.com\/2024\/10\/hashtag-internet.jpg\"><!--more--><img loading=\"lazy\" decoding=\"async\" class=\"aligncenter \" src=\"https:\/\/cdn.campingprofesional.com\/2024\/10\/hashtag-internet.jpg\" width=\"722\" height=\"481\" \/><\/a><\/p>\n<p>&nbsp;<\/p>\n<p>&nbsp;<\/p>\n<p>El numberal (nome us\u00e1u n&#8217;Arxentina, Colombia y Uruguai) o <strong>l&#8217;almadina (nome us\u00e1u n&#8217;Espa\u00f1a) <\/strong>ye&#8217;l s\u00edmbolu <strong>#, consistente en dos segmentos de recta similares, paralelos y casi verticales, cruciaos por otros dos que son m\u00e1s curtios, similares, paralelos y horizontales.<\/strong> Por usase en dellos pa\u00edses y \u00e1mbitos para indicar cifres, tami\u00e9n se llama signu de n\u00famberu y cardinal. Am\u00e1s, pola so #paecencia al tableru del xuego tr\u00e9s en ll\u00ednea, tami\u00e9n se llama michi, tatet\u00ed, tresenl\u00ednea, gatu\u200b y vieya.<\/p>\n<ul>\n<li>En la\u00a0<a title=\"\" href=\"https:\/\/es.wikipedia.org\/wiki\/World_Wide_Web\">web<\/a>\u00a0es el ancla que aparece en algunos\u00a0<a title=\"Hiperenlace\" href=\"https:\/\/es.wikipedia.org\/wiki\/Hiperenlace\">hiperenlaces<\/a>\u00a0del lenguaje\u00a0<a title=\"HTML\" href=\"https:\/\/es.wikipedia.org\/wiki\/HTML\">HTML<\/a>, que sirve para llegar a un apartado de una p\u00e1gina (por ejemplo\u00a0<a class=\"mw-redirect\" title=\"Almohadilla\" href=\"https:\/\/es.wikipedia.org\/wiki\/Almohadilla#Usos\">Almohadilla#Usos<\/a>\u00a0lleva al apartado \u00abUsos\u00bb de la p\u00e1gina del art\u00edculo \u00abAlmohadilla\u00bb).<\/li>\n<\/ul>\n<p>Lleg\u00f3 para quedase. Odi\u00e1u y quer\u00edu en partes iguales, l&#8217;hashtag o \u201cetiqueta\u201d introduci\u00f3se de llenu na cultura popular dixital. Diose a conocer en 2007, desque&#8217;l padre del hashtag, Chris Messina, twitte\u00f3 lo siguiente un 23 d&#8217;agostu: \u201cHow do you feel about using # (pound) for groups. As in #barcamp [msg]?\u201d<\/p>\n<p><strong>Primeros pasos del hashtag. <\/strong>El s\u00edmbolu del hashtag que toos usamos con mayor o menor frecuencia (#), tami\u00e9n conoc\u00edu por almadina o numberal, <strong>empez\u00f3 a utilizase nel mundu de la inform\u00e1tica y la telefon\u00eda m\u00f3vil.<\/strong> Nada o pocu ten\u00eda que ver el so usu en programaci\u00f3n compar\u00e1ndolo col actual, pero s\u00ed yera similar al que s&#8217;emplegaba dientro de les relaciones sociales que s&#8217;establec\u00eden tres la pantalla.<\/p>\n<p style=\"text-align: center\">\n<!-- iframe plugin v.6.0 wordpress.org\/plugins\/iframe\/ -->\n<iframe loading=\"lazy\" src=\"https:\/\/www.facebook.com\/plugins\/post.php?href=https%3A%2F%2Fwww.facebook.com%2Floqueleosantillanaspain%2Fposts%2Fpfbid02ChNqYp5v6iddBKUcV81b5DCF7Gp22pwbxuAXANiu49HXpqZ3zufZygLSX4HHEMpBl&#038;show_text=false&#038;width=500\" width=\"500\" height=\"389\" style=\"border:none;overflow:hidden\" scrolling=\"no\" frameborder=\"0\" allowfullscreen=\"true\" allow=\"autoplay; clipboard-write; encrypted-media; picture-in-picture; web-share\" 0=\"\/iframe\" class=\"iframe-class\"><\/iframe>\n<\/p>\n<p>No dixital empleg\u00e1base para denominar a les distintes canales de los chats como una forma de poner orde nel caos. Lo cierto ye que, nes redes d&#8217;IRC y\u00e1 s&#8217;utilizaba para clasificar grupos o temes, usu qu&#8217;inspir\u00f3 a Chris Messina, conoc\u00edu por dise\u00f1ar la esperiencia d&#8217;usuariu en Google y ser fiel usuariu d&#8217;esti primera chat para falar en tiempu real.<\/p>\n","protected":false},"excerpt":{"rendered":"<p>El 23 d&#8217;agostu celebramos el D\u00eda Internacional del Hashtag, tami\u00e9n llam\u00e1u etiqueta o almadina. Ye esi s\u00edmbolu que tantu usamos en RRSS delantre d&#8217;una o delles palabres encadenaes que son la clave para falar d&#8217;una tema concreta. Foi instaur\u00e1u en 2018 para reconocer l&#8217;impactu del s\u00edmbolu na comunicaci\u00f3n global. La so primer apaici\u00f3n en redes [&hellip;]<\/p>\n","protected":false},"author":117,"featured_media":0,"comment_status":"closed","ping_status":"open","sticky":false,"template":"","format":"standard","meta":{"footnotes":""},"categories":[6,1],"tags":[],"class_list":["post-56249","post","type-post","status-publish","format-standard","hentry","category-dia-de","category-sin-categoria"],"_links":{"self":[{"href":"https:\/\/edublog.educastur.es\/ixuxu\/wp-json\/wp\/v2\/posts\/56249","targetHints":{"allow":["GET"]}}],"collection":[{"href":"https:\/\/edublog.educastur.es\/ixuxu\/wp-json\/wp\/v2\/posts"}],"about":[{"href":"https:\/\/edublog.educastur.es\/ixuxu\/wp-json\/wp\/v2\/types\/post"}],"author":[{"embeddable":true,"href":"https:\/\/edublog.educastur.es\/ixuxu\/wp-json\/wp\/v2\/users\/117"}],"replies":[{"embeddable":true,"href":"https:\/\/edublog.educastur.es\/ixuxu\/wp-json\/wp\/v2\/comments?post=56249"}],"version-history":[{"count":6,"href":"https:\/\/edublog.educastur.es\/ixuxu\/wp-json\/wp\/v2\/posts\/56249\/revisions"}],"predecessor-version":[{"id":56255,"href":"https:\/\/edublog.educastur.es\/ixuxu\/wp-json\/wp\/v2\/posts\/56249\/revisions\/56255"}],"wp:attachment":[{"href":"https:\/\/edublog.educastur.es\/ixuxu\/wp-json\/wp\/v2\/media?parent=56249"}],"wp:term":[{"taxonomy":"category","embeddable":true,"href":"https:\/\/edublog.educastur.es\/ixuxu\/wp-json\/wp\/v2\/categories?post=56249"},{"taxonomy":"post_tag","embeddable":true,"href":"https:\/\/edublog.educastur.es\/ixuxu\/wp-json\/wp\/v2\/tags?post=56249"}],"curies":[{"name":"wp","href":"https:\/\/api.w.org\/{rel}","templated":true}]}}