{"id":56262,"date":"2025-08-26T15:36:08","date_gmt":"2025-08-26T13:36:08","guid":{"rendered":"https:\/\/edublog.educastur.es\/ixuxu\/?p=56262"},"modified":"2025-08-26T21:37:40","modified_gmt":"2025-08-26T19:37:40","slug":"asturies-ye-la-comunida-con-menor-porcentaxe-de-llares-conectaos-a-internet","status":"publish","type":"post","link":"https:\/\/edublog.educastur.es\/ixuxu\/2025\/08\/asturies-ye-la-comunida-con-menor-porcentaxe-de-llares-conectaos-a-internet\/","title":{"rendered":"Asturies ye la comunid\u00e1 con menor porcentaxe de llares conectaos a Internet"},"content":{"rendered":"<ul>\n<li><a href=\"https:\/\/www.rtpa.es\/noticias-ciencia-ast\/2025-08-23\/Asturies-ye-la-comunida-con-menor-porcentaxe-de-llares-conectaos-a-Internet_111755947056.html\">TPA: Asturies ye la comunid\u00e1 con menor porcentaxe de llares conectaos a Internet<\/a><\/li>\n<\/ul>\n<p style=\"text-align: center\"><a href=\"https:\/\/www.rtpa.es\/fotos\/\/25\/08\/20250823130319_RTPA7018177.webp\"><img loading=\"lazy\" decoding=\"async\" class=\"aligncenter size-large\" src=\"https:\/\/www.rtpa.es\/fotos\/\/25\/08\/20250823130319_RTPA7018177.webp\" width=\"853\" height=\"480\" \/><\/a><\/p>\n<p class=\"font-size-m padding-b-20 font-weight-b margin-t-16\">Nel mundu calc\u00falase qu&#8217;hai 4.500 millones d&#8217;internautes. \u00a0Seg\u00fan el bar\u00f3metru d\u2019Eurostat, nel Princip\u00e1u\u2019l n\u00famberu de llares conectaos mengu\u00f3 un puntu y mediu nun a\u00f1u: del 95 y mediu por cientu en 2003 al 93,8 del a\u00f1u pas\u00e1u.<\/p>\n<p>Otro indicador a la baxa ye l\u2019usu del comerciu electr\u00f3nicu. L\u2019a\u00f1u pas\u00e1u 6 de cada 10 asturianos ficieron dalguna compra per internet, la cifra m\u00e1s baxa ente les comunidaes peninsulares. G\u00fcei cel\u00e9brase\u2019l D\u00eda del Internauta porque va 34 a\u00f1os asoley\u00f3se la primer p\u00e1xina web. Hai nel mundu, polo menos, 4.500 millones d\u2019internautes.<\/p>\n","protected":false},"excerpt":{"rendered":"<p>TPA: Asturies ye la comunid\u00e1 con menor porcentaxe de llares conectaos a Internet Nel mundu calc\u00falase qu&#8217;hai 4.500 millones d&#8217;internautes. \u00a0Seg\u00fan el bar\u00f3metru d\u2019Eurostat, nel Princip\u00e1u\u2019l n\u00famberu de llares conectaos mengu\u00f3 un puntu y mediu nun a\u00f1u: del 95 y mediu por cientu en 2003 al 93,8 del a\u00f1u pas\u00e1u. Otro indicador a la baxa [&hellip;]<\/p>\n","protected":false},"author":117,"featured_media":0,"comment_status":"closed","ping_status":"open","sticky":false,"template":"","format":"standard","meta":{"footnotes":""},"categories":[1],"tags":[],"class_list":["post-56262","post","type-post","status-publish","format-standard","hentry","category-sin-categoria"],"_links":{"self":[{"href":"https:\/\/edublog.educastur.es\/ixuxu\/wp-json\/wp\/v2\/posts\/56262","targetHints":{"allow":["GET"]}}],"collection":[{"href":"https:\/\/edublog.educastur.es\/ixuxu\/wp-json\/wp\/v2\/posts"}],"about":[{"href":"https:\/\/edublog.educastur.es\/ixuxu\/wp-json\/wp\/v2\/types\/post"}],"author":[{"embeddable":true,"href":"https:\/\/edublog.educastur.es\/ixuxu\/wp-json\/wp\/v2\/users\/117"}],"replies":[{"embeddable":true,"href":"https:\/\/edublog.educastur.es\/ixuxu\/wp-json\/wp\/v2\/comments?post=56262"}],"version-history":[{"count":1,"href":"https:\/\/edublog.educastur.es\/ixuxu\/wp-json\/wp\/v2\/posts\/56262\/revisions"}],"predecessor-version":[{"id":56263,"href":"https:\/\/edublog.educastur.es\/ixuxu\/wp-json\/wp\/v2\/posts\/56262\/revisions\/56263"}],"wp:attachment":[{"href":"https:\/\/edublog.educastur.es\/ixuxu\/wp-json\/wp\/v2\/media?parent=56262"}],"wp:term":[{"taxonomy":"category","embeddable":true,"href":"https:\/\/edublog.educastur.es\/ixuxu\/wp-json\/wp\/v2\/categories?post=56262"},{"taxonomy":"post_tag","embeddable":true,"href":"https:\/\/edublog.educastur.es\/ixuxu\/wp-json\/wp\/v2\/tags?post=56262"}],"curies":[{"name":"wp","href":"https:\/\/api.w.org\/{rel}","templated":true}]}}