{"id":56266,"date":"2025-08-26T20:00:50","date_gmt":"2025-08-26T18:00:50","guid":{"rendered":"https:\/\/edublog.educastur.es\/ixuxu\/?p=56266"},"modified":"2025-08-27T21:22:40","modified_gmt":"2025-08-27T19:22:40","slug":"collaboracion-ciudadana-para-denunciar-posibles-casos-de-quemes-intencionales-y-facilitar-la-so-estincion","status":"publish","type":"post","link":"https:\/\/edublog.educastur.es\/ixuxu\/2025\/08\/collaboracion-ciudadana-para-denunciar-posibles-casos-de-quemes-intencionales-y-facilitar-la-so-estincion\/","title":{"rendered":"Collaboraci\u00f3n ciudadana para denunciar posibles casos de quemes intencionales y facilitar la so estinci\u00f3n."},"content":{"rendered":"<p style=\"text-align: center\"><a href=\"https:\/\/actualidad.asturias.es\/documents\/537115\/2768349\/2025_08_26+Presidente+Principado+reuni%C3%B3n+Cecopi.jpg\/8cad208a-342b-415a-7389-49c311d219b2?t=1756203641303\"><img loading=\"lazy\" decoding=\"async\" class=\"aligncenter size-large\" src=\"https:\/\/actualidad.asturias.es\/documents\/537115\/2768349\/2025_08_26+Presidente+Principado+reuni%C3%B3n+Cecopi.jpg\/8cad208a-342b-415a-7389-49c311d219b2?t=1756203641303\" width=\"2000\" height=\"1126\" \/><\/a><\/p>\n<p>Barb\u00f3n llama a la collaboraci\u00f3n ciudadana para denunciar posibles casos de quemes intencionales y facilitar la so estinci\u00f3n. Angua\u00f1o rex\u00edstrense seis focos, tr\u00e9s activos y tr\u00e9s estabilizaos. La situaci\u00f3n del fueu nel suroccidente sigue tando controlada y a la espera del anunci\u00e1u camb\u00e9u de les condiciones meteorol\u00f3xiques. <a href=\"https:\/\/actualidad.asturias.es\/-\/barb\u00f3n-llama-a-la-colaboraci\u00f3n-ciudadana-para-denunciar-posibles-casos-de-incendios-intencionados-y-facilitar-su-extinci\u00f3n?redirect=%2F\">Actualid\u00e1 Asturies<\/a><\/p>\n<p><!--more--><\/p>\n<p>El presidente del Princip\u00e1u, Adri\u00e1n Barb\u00f3n, apel\u00f3 g\u00fcei a la collaboraci\u00f3n ciudadana<strong> para denunciar darr\u00e9u cualesquier nuevu focu de quema que pueda ser intencional, tantu para encalorar el fueu como para detener al autor.<\/strong> \u201cCuando detecte cualquier movimientu o cualquier persona que tea faciendo una activid\u00e1 que pueda ser prender fueu, qu&#8217;avise a les autoridaes darr\u00e9u porque ye muncho m\u00e1s senciellu de controlar y estabilizar\u201d, destac\u00f3.<\/p>\n<p>Barb\u00f3n, que particip\u00f3 esta ma\u00f1ana na xunta del <span style=\"color: #008080\"><strong>Centru de Coordinaci\u00f3n Operativa Integr\u00e1u (Cecopi)<\/strong><\/span> La Morgal, qu&#8217;eval\u00faa la evoluci\u00f3n de les quemes forestales, realiz\u00f3 estes declaraciones deb\u00edu a la quema, presuntamente intencional, que se rexistr\u00f3 ayeri en Tu\u00f1a (Tin\u00e9u), y que y\u00e1 ta estabiliz\u00e1u. \u201cSabiendo na situaci\u00f3n en que tamos, atopamos con qu&#8217;enriba hai suxetos que lo que deciden a\u00f1edir m\u00e1s problemes\u201d, llament\u00f3. Por ello, repiti\u00f3 la necesid\u00e1 de la collaboraci\u00f3n de la ciudadan\u00eda pa evitar situaciones d&#8217;esti tipu, que \u201cponen en riesgu la segurid\u00e1 y la vida de quien t\u00e1n en primer ll\u00ednea del fueu\u201d.<\/p>\n<p style=\"text-align: center\"><a href=\"https:\/\/actualidad.asturias.es\/documents\/537115\/2768000\/2025_08_26+Presidente+Principado+reuni%C3%B3n+Cecopi+%285%29.jpg\/d4226a82-0ed6-1c5b-9bf5-c17cfde4d0d5?t=1756197787980\"><img loading=\"lazy\" decoding=\"async\" class=\"aligncenter size-large\" src=\"https:\/\/actualidad.asturias.es\/documents\/537115\/2768000\/2025_08_26+Presidente+Principado+reuni%C3%B3n+Cecopi+%285%29.jpg\/d4226a82-0ed6-1c5b-9bf5-c17cfde4d0d5?t=1756197787980\" width=\"2000\" height=\"1126\" \/><\/a><\/p>\n<p>&nbsp;<\/p>\n<p style=\"text-align: center\"><a href=\"https:\/\/actualidad.asturias.es\/documents\/537115\/2768000\/2025_08_26+Presidente+Principado+reuni%C3%B3n+Cecopi+%281%29+%281%29.jpg\/67140426-2285-63a9-d003-49c678fb97bc?t=1756197788065\"><img loading=\"lazy\" decoding=\"async\" class=\"aligncenter size-large\" src=\"https:\/\/actualidad.asturias.es\/documents\/537115\/2768000\/2025_08_26+Presidente+Principado+reuni%C3%B3n+Cecopi+%281%29+%281%29.jpg\/67140426-2285-63a9-d003-49c678fb97bc?t=1756197788065\" width=\"2000\" height=\"1126\" \/><\/a><\/p>\n<p><strong>La situaci\u00f3n actual de les quemes forestales na comunid\u00e1 ye de seis fueos, tr\u00e9s activos y tr\u00e9s estabilizaos.<\/strong> Los activos siguen siendo: Dega\u00f1a; Xinestosu, en Cangas, y Caun\u00e9u\/G\u00faa\/Perl.Lnes, en Somiedu.<\/p>\n<p>Los tr\u00e9s calti\u00e9nense controlaos polo equipos d&#8217;estinci\u00f3n que siguieron avanzando na so perimetraci\u00f3n, a la espera de que camuden les condiciones meteorol\u00f3xiques, y\u00e1 que ta previstu una importante baxada de les temperatures y la llegada d&#8217;ag\u00fces. \u00abSigue avanz\u00e1ndose en ll\u00ednees de defensa a la espera de qu&#8217;haya un camb\u00e9u, tanto nel nivel de temperatures como, sobremanera, la llegada d&#8217;un mayor mugor o l&#8217;agua que nos dexe abrir esa ventana d&#8217;oportunid\u00e1 pa entrar a rematar la situaci\u00f3n y estabilizalos finalmente\u00bb, confirm\u00f3 Barb\u00f3n.<\/p>\n<p style=\"text-align: center\">\n<!-- iframe plugin v.6.0 wordpress.org\/plugins\/iframe\/ -->\n<iframe loading=\"lazy\" src=\"https:\/\/www.facebook.com\/plugins\/video.php?height=476&#038;href=https%3A%2F%2Fwww.facebook.com%2Freel%2F1535557744079672%2F&#038;show_text=false&#038;width=476&#038;t=0\" width=\"476\" height=\"476\" style=\"border:none;overflow:hidden\" scrolling=\"no\" frameborder=\"0\" allowfullscreen=\"true\" allow=\"autoplay; clipboard-write; encrypted-media; picture-in-picture; web-share\" 0=\"\/iframe\" class=\"iframe-class\"><\/iframe>\n<\/p>\n<p>El presidente estim\u00f3 l&#8217;ayuda recibida de los bomberos d&#8217;Andorra, que formaron parte los \u00faltimos d\u00edes del operativu d&#8217;estinci\u00f3n n&#8217;Asturies y g\u00fcei tornen al pa\u00eds vec\u00edn. \u201cDieron la talla, tuvieron en primer ll\u00ednea y demostraron bien de val\u00eda\u00bb asegur\u00f3.<\/p>\n<p style=\"text-align: center\"><a href=\"https:\/\/actualidad.asturias.es\/documents\/537115\/2768000\/2025_08_26+Presidente+Principado+reuni%C3%B3n+Cecopi+%282%29.jpg\/4b9b0def-0859-8e0e-800b-61a48829c638?t=1756197632418\"><img loading=\"lazy\" decoding=\"async\" class=\"aligncenter size-large\" src=\"https:\/\/actualidad.asturias.es\/documents\/537115\/2768000\/2025_08_26+Presidente+Principado+reuni%C3%B3n+Cecopi+%282%29.jpg\/4b9b0def-0859-8e0e-800b-61a48829c638?t=1756197632418\" width=\"3326\" height=\"1872\" \/><\/a><\/p>\n<p style=\"text-align: center\">\n<!-- iframe plugin v.6.0 wordpress.org\/plugins\/iframe\/ -->\n<iframe loading=\"lazy\" src=\"https:\/\/www.facebook.com\/plugins\/video.php?height=314&#038;href=https%3A%2F%2Fwww.facebook.com%2Freel%2F1773343076608909%2F&#038;show_text=false&#038;width=560&#038;t=0\" width=\"560\" height=\"314\" style=\"border:none;overflow:hidden\" scrolling=\"no\" frameborder=\"0\" allowfullscreen=\"true\" allow=\"autoplay; clipboard-write; encrypted-media; picture-in-picture; web-share\" 0=\"\/iframe\" class=\"iframe-class\"><\/iframe>\n<\/p>\n","protected":false},"excerpt":{"rendered":"<p>Barb\u00f3n llama a la collaboraci\u00f3n ciudadana para denunciar posibles casos de quemes intencionales y facilitar la so estinci\u00f3n. Angua\u00f1o rex\u00edstrense seis focos, tr\u00e9s activos y tr\u00e9s estabilizaos. La situaci\u00f3n del fueu nel suroccidente sigue tando controlada y a la espera del anunci\u00e1u camb\u00e9u de les condiciones meteorol\u00f3xiques. Actualid\u00e1 Asturies<\/p>\n","protected":false},"author":117,"featured_media":0,"comment_status":"closed","ping_status":"open","sticky":false,"template":"","format":"standard","meta":{"footnotes":""},"categories":[287],"tags":[],"class_list":["post-56266","post","type-post","status-publish","format-standard","hentry","category-incendios"],"_links":{"self":[{"href":"https:\/\/edublog.educastur.es\/ixuxu\/wp-json\/wp\/v2\/posts\/56266","targetHints":{"allow":["GET"]}}],"collection":[{"href":"https:\/\/edublog.educastur.es\/ixuxu\/wp-json\/wp\/v2\/posts"}],"about":[{"href":"https:\/\/edublog.educastur.es\/ixuxu\/wp-json\/wp\/v2\/types\/post"}],"author":[{"embeddable":true,"href":"https:\/\/edublog.educastur.es\/ixuxu\/wp-json\/wp\/v2\/users\/117"}],"replies":[{"embeddable":true,"href":"https:\/\/edublog.educastur.es\/ixuxu\/wp-json\/wp\/v2\/comments?post=56266"}],"version-history":[{"count":3,"href":"https:\/\/edublog.educastur.es\/ixuxu\/wp-json\/wp\/v2\/posts\/56266\/revisions"}],"predecessor-version":[{"id":56283,"href":"https:\/\/edublog.educastur.es\/ixuxu\/wp-json\/wp\/v2\/posts\/56266\/revisions\/56283"}],"wp:attachment":[{"href":"https:\/\/edublog.educastur.es\/ixuxu\/wp-json\/wp\/v2\/media?parent=56266"}],"wp:term":[{"taxonomy":"category","embeddable":true,"href":"https:\/\/edublog.educastur.es\/ixuxu\/wp-json\/wp\/v2\/categories?post=56266"},{"taxonomy":"post_tag","embeddable":true,"href":"https:\/\/edublog.educastur.es\/ixuxu\/wp-json\/wp\/v2\/tags?post=56266"}],"curies":[{"name":"wp","href":"https:\/\/api.w.org\/{rel}","templated":true}]}}