{"id":56270,"date":"2025-08-26T20:05:16","date_gmt":"2025-08-26T18:05:16","guid":{"rendered":"https:\/\/edublog.educastur.es\/ixuxu\/?p=56270"},"modified":"2025-08-26T21:55:20","modified_gmt":"2025-08-26T19:55:20","slug":"declaracion-de-zones-catastrofiques-cangas-somiedu-degana-y-ibias","status":"publish","type":"post","link":"https:\/\/edublog.educastur.es\/ixuxu\/2025\/08\/declaracion-de-zones-catastrofiques-cangas-somiedu-degana-y-ibias\/","title":{"rendered":"Declaraci\u00f3n de zones catastr\u00f3fiques: Cangas, Somiedu, Dega\u00f1a y Ibias."},"content":{"rendered":"<p style=\"text-align: center\"><a href=\"https:\/\/www.rtpa.es\/fotos\/\/25\/08\/20250826141332_RTPA7028323.webp\"><img loading=\"lazy\" decoding=\"async\" class=\"aligncenter size-large\" src=\"https:\/\/www.rtpa.es\/fotos\/\/25\/08\/20250826141332_RTPA7028323.webp\" width=\"853\" height=\"480\" \/><\/a><\/p>\n<p>El Gobiernu declara zona catastr\u00f3fica en 16 comunidaes afectaes por emerxencies clim\u00e1tiques.\u00a0La declaraci\u00f3n incl\u00fai les quemes forestales y los hinchentes de los postreros tr\u00e9s meses. El Conseyu de Ministros aprob\u00f3 g\u00fcei la <strong>declaraci\u00f3n de zona catastr\u00f3fica a los territorios quemaos poles quemes forestales y les \u00e1rees anubiertes dende&#8217;l pas\u00e1u 23 de xunu<\/strong>. Nel casu d&#8217;Asturies, afecta a los conceyos de Cangas, Somiedu, Dega\u00f1a y Ibias.<\/p>\n<p><!--more--><\/p>\n<p style=\"text-align: center\"><a href=\"https:\/\/postureoasturiano.com\/wp-content\/uploads\/2019\/07\/Mapa-pol%C3%ADtico-Asturias.jpg\"><img loading=\"lazy\" decoding=\"async\" class=\"aligncenter size-large\" src=\"https:\/\/postureoasturiano.com\/wp-content\/uploads\/2019\/07\/Mapa-pol%C3%ADtico-Asturias.jpg\" width=\"1600\" height=\"744\" \/><\/a><\/p>\n<p>El ministru del Interior, Fernando Grande Marlaska, se\u00f1al\u00f3 qu&#8217;estes emerxencies, qu&#8217;hai cuantificado en 118 (113 d&#8217;elles grandes quemes forestales)<strong> son la mayor cat\u00e1strofe de los \u00faltimos a\u00f1os<\/strong> y dixo que&#8217;l Gobiernu alcord\u00f3 abrir y\u00e1 la v\u00eda por que los perxudicaos puedan reclamar ayudes que por llei -yos correspuenda.<\/p>\n<p>En concretu, el gabinete que preside Pedro S\u00e1nchez, na so primer xunta tres el descansu branizu, aprob\u00f3 la declaraci\u00f3n de zones afectaes por una emerxencia de Protecci\u00f3n Civil en 16 de les 17 comunidaes aut\u00f3nomes, para tolos desastres rellacionaos col camb\u00e9u clim\u00e1ticu nestos tr\u00e9s \u00faltimos meses, tantu quemes forestales como hinchentes.<\/p>\n<p>Marlaska precis\u00f3 que la declaraci\u00f3n nun contien ayudes concretes, pero s\u00ed dexa que tolos departamentos competentes empiecen a dictar les ordes y resolvimientos oportunos por que eses zones territoriales que sufrieron la emerxencia puedan recibir la bonificaci\u00f3n correspondiente.<\/p>\n<p>Record\u00f3 que la llei de Protecci\u00f3n Civil, nel so art\u00edculu 24, establez qu\u00e9 tipu de mid\u00edes de pueden adoptar: por casu, les fiscales correspuenden al Ministeriu de Facienda, que con tolos datos que vaya llogrando de lo que presenten los perxudicaos va dictar los resolvimientos oportunos.<\/p>\n<p>Tami\u00e9n va poder haber bonificaciones a la Segurid\u00e1 Social, mid\u00edes llabores o sofitu a los da\u00f1os na agricultura, ente otros.<\/p>\n","protected":false},"excerpt":{"rendered":"<p>El Gobiernu declara zona catastr\u00f3fica en 16 comunidaes afectaes por emerxencies clim\u00e1tiques.\u00a0La declaraci\u00f3n incl\u00fai les quemes forestales y los hinchentes de los postreros tr\u00e9s meses. El Conseyu de Ministros aprob\u00f3 g\u00fcei la declaraci\u00f3n de zona catastr\u00f3fica a los territorios quemaos poles quemes forestales y les \u00e1rees anubiertes dende&#8217;l pas\u00e1u 23 de xunu. Nel casu d&#8217;Asturies, [&hellip;]<\/p>\n","protected":false},"author":117,"featured_media":0,"comment_status":"closed","ping_status":"open","sticky":false,"template":"","format":"standard","meta":{"footnotes":""},"categories":[287],"tags":[],"class_list":["post-56270","post","type-post","status-publish","format-standard","hentry","category-incendios"],"_links":{"self":[{"href":"https:\/\/edublog.educastur.es\/ixuxu\/wp-json\/wp\/v2\/posts\/56270","targetHints":{"allow":["GET"]}}],"collection":[{"href":"https:\/\/edublog.educastur.es\/ixuxu\/wp-json\/wp\/v2\/posts"}],"about":[{"href":"https:\/\/edublog.educastur.es\/ixuxu\/wp-json\/wp\/v2\/types\/post"}],"author":[{"embeddable":true,"href":"https:\/\/edublog.educastur.es\/ixuxu\/wp-json\/wp\/v2\/users\/117"}],"replies":[{"embeddable":true,"href":"https:\/\/edublog.educastur.es\/ixuxu\/wp-json\/wp\/v2\/comments?post=56270"}],"version-history":[{"count":1,"href":"https:\/\/edublog.educastur.es\/ixuxu\/wp-json\/wp\/v2\/posts\/56270\/revisions"}],"predecessor-version":[{"id":56271,"href":"https:\/\/edublog.educastur.es\/ixuxu\/wp-json\/wp\/v2\/posts\/56270\/revisions\/56271"}],"wp:attachment":[{"href":"https:\/\/edublog.educastur.es\/ixuxu\/wp-json\/wp\/v2\/media?parent=56270"}],"wp:term":[{"taxonomy":"category","embeddable":true,"href":"https:\/\/edublog.educastur.es\/ixuxu\/wp-json\/wp\/v2\/categories?post=56270"},{"taxonomy":"post_tag","embeddable":true,"href":"https:\/\/edublog.educastur.es\/ixuxu\/wp-json\/wp\/v2\/tags?post=56270"}],"curies":[{"name":"wp","href":"https:\/\/api.w.org\/{rel}","templated":true}]}}