{"id":56273,"date":"2025-08-27T10:00:30","date_gmt":"2025-08-27T08:00:30","guid":{"rendered":"https:\/\/edublog.educastur.es\/ixuxu\/?p=56273"},"modified":"2025-08-27T22:50:20","modified_gmt":"2025-08-27T20:50:20","slug":"programacion-del-dia-dasturies-2025","status":"publish","type":"post","link":"https:\/\/edublog.educastur.es\/ixuxu\/2025\/08\/programacion-del-dia-dasturies-2025\/","title":{"rendered":"Programaci\u00f3n del D\u00eda d\u2019Asturies 2025"},"content":{"rendered":"<div class=\"x7600vw x10l6tqk x1dquyif\" aria-hidden=\"true\" data-0=\"0\" data-1=\"1\" data-2=\"2\" data-3=\"3\" data-4=\"4\" data-5=\"5\" data-6=\"6\" data-7=\"7\" data-8=\"8\" data-9=\"9\" data-10=\"10\" data-11=\"11\" data-12=\"12\" data-13=\"13\" data-14=\"14\" data-15=\"15\" data-16=\"16\" data-17=\"17\" data-18=\"18\" data-19=\"19\"><\/div>\n<div class=\"html-div xdj266r x14z9mp xat24cr x1lziwak xexx8yu xyri2b x18d9i69 x1c1uobl\">\n<div class=\"html-div xdj266r x14z9mp xat24cr x1lziwak xexx8yu xyri2b x18d9i69 x1c1uobl\">\n<div class=\"html-div xdj266r x14z9mp xat24cr x1lziwak xexx8yu xyri2b x18d9i69 x1c1uobl\">\n<div class=\"html-div xdj266r x14z9mp xat24cr x1lziwak xexx8yu xyri2b x18d9i69 x1c1uobl\">\n<div class=\"html-div xdj266r x14z9mp x1lziwak x18d9i69 x1cy8zhl x78zum5 x1q0g3np xod5an3 xz9dl7a x1g0dm76 xpdmqnj\">\n<div class=\"html-div xdj266r xat24cr x1lziwak xexx8yu xyri2b x18d9i69 x1c1uobl x78zum5 x2lah0s xqtp20y x1xegmmw\">\n<div class=\"x1vqgdyp x100vrsf\">\n<div class=\"\">\n<div class=\"x1rg5ohu x1n2onr6 x3ajldb x1ja2u2z\">\n<ul>\n<li class=\"x1ey2m1c xtijo5x x1o0tod xg01cxk x47corl x10l6tqk x13vifvy x1ebt8du x19991ni x1dhq9h x1iwo8zk x1033uif x179ill4 x1b60jn0\" role=\"none\" data-visualcompletion=\"ignore\"><a class=\"x1i10hfl xjbqb8w x1ejq31n x18oe1m7 x1sy0etr xstzfhl x972fbf x10w94by x1qhh985 x14e42zd x9f619 x1ypdohk xt0psk2 x3ct3a4 xdj266r x14z9mp xat24cr x1lziwak xexx8yu xyri2b x18d9i69 x1c1uobl x16tdsg8 x1hl2dhg xggy1nq x1a2a7pz xkrqix3 x1sur9pj xzsf02u x1s688f\" role=\"link\" href=\"https:\/\/www.facebook.com\/culturaAST?__cft__[0]=AZV5P3YTBGajK0TvEOX6JuDAE9NJEH3OYucAziJScbqZJdTlYd_h21fYcWjmhYE7LYy5sjvHm9_YqF21Nx_QGKlgx1hkeTqdti6dWzU9J2X-lXjlgDYJtU7cUW1FEXKTZlowRDl1B3iOQar9QTy8r1ruBzCxrPaZfWNJSUnjBQgPZg&amp;__tn__=-UC%2CP-R\"><b class=\"html-b xdj266r x14z9mp xat24cr x1lziwak xexx8yu xyri2b x18d9i69 x1c1uobl x1hl2dhg x16tdsg8 x1vvkbs x1s688f\"><span class=\"html-span xdj266r x14z9mp xat24cr x1lziwak xexx8yu xyri2b x18d9i69 x1c1uobl x1hl2dhg x16tdsg8 x1vvkbs\">Conseyer\u00eda Cultura, Pol\u00edtica Lling\u00fc\u00edstica y D.<\/span><\/b><\/a>\/<\/li>\n<li class=\"x1ey2m1c xtijo5x x1o0tod xg01cxk x47corl x10l6tqk x13vifvy x1ebt8du x19991ni x1dhq9h x1iwo8zk x1033uif x179ill4 x1b60jn0\" role=\"none\" data-visualcompletion=\"ignore\"><span class=\"html-span xexx8yu xyri2b x18d9i69 x1c1uobl x1hl2dhg x16tdsg8 x1vvkbs x3nfvp2 x1j61x8r x1fcty0u xdj266r xat24cr xm2jcoa x1mpyi22 xxymvpz xlup9mm x1kky2od\"><img loading=\"lazy\" decoding=\"async\" class=\"xz74otr x15mokao x1ga7v0g x16uus16 xbiv7yw\" src=\"https:\/\/static.xx.fbcdn.net\/images\/emoji.php\/v9\/tb3\/1\/16\/1f517.png\" alt=\"\ud83d\udd17\" width=\"16\" height=\"16\" \/><\/span> Consulta\u2019l programa <span class=\"html-span xexx8yu xyri2b x18d9i69 x1c1uobl x1hl2dhg x16tdsg8 x1vvkbs x3nfvp2 x1j61x8r x1fcty0u xdj266r xat24cr xm2jcoa x1mpyi22 xxymvpz xlup9mm x1kky2od\"><img loading=\"lazy\" decoding=\"async\" class=\"xz74otr x15mokao x1ga7v0g x16uus16 xbiv7yw\" src=\"https:\/\/static.xx.fbcdn.net\/images\/emoji.php\/v9\/t51\/1\/16\/1f449.png\" alt=\"\ud83d\udc49\" width=\"16\" height=\"16\" \/><\/span> <span class=\"html-span xdj266r x14z9mp xat24cr x1lziwak xexx8yu xyri2b x18d9i69 x1c1uobl x1hl2dhg x16tdsg8 x1vvkbs\"><a class=\"x1i10hfl xjbqb8w x1ejq31n x18oe1m7 x1sy0etr xstzfhl x972fbf x10w94by x1qhh985 x14e42zd x9f619 x1ypdohk xt0psk2 x3ct3a4 xdj266r x14z9mp xat24cr x1lziwak xexx8yu xyri2b x18d9i69 x1c1uobl x16tdsg8 x1hl2dhg xggy1nq x1a2a7pz xkrqix3 x1sur9pj x1fey0fg x1s688f\" role=\"link\" href=\"http:\/\/www.asturiesculturaenrede.es\/?fbclid=IwZXh0bgNhZW0CMTAAYnJpZBExS3ByRmtlWHNvd3ZwckZiSgEeQVptevpQRZoxWAxtKAWDq2-F663DYh5dnS3xKbxTwYSRpP_fhDKW8k4-WeM_aem_QYw8XnTwb8xfigUVugGH5Q\" target=\"_blank\" rel=\"nofollow noopener noreferrer\">www.asturiesculturaenrede.es<\/a><\/span><\/li>\n<\/ul>\n<p style=\"text-align: center\"><a href=\"https:\/\/www.asturiesculturaenrede.es\/uploads\/fotos\/buPf9u4GH5cUhvgzJPyQuxb2N5AkKdnQ.jpg\"><img loading=\"lazy\" decoding=\"async\" class=\"aligncenter \" src=\"https:\/\/www.asturiesculturaenrede.es\/uploads\/fotos\/buPf9u4GH5cUhvgzJPyQuxb2N5AkKdnQ.jpg\" width=\"684\" height=\"446\" \/><\/a><\/p>\n<p><span class=\"html-span xexx8yu xyri2b x18d9i69 x1c1uobl x1hl2dhg x16tdsg8 x1vvkbs x3nfvp2 x1j61x8r x1fcty0u xdj266r xat24cr xm2jcoa x1mpyi22 xxymvpz xlup9mm x1kky2od\"><img loading=\"lazy\" decoding=\"async\" class=\"xz74otr x15mokao x1ga7v0g x16uus16 xbiv7yw\" src=\"https:\/\/static.xx.fbcdn.net\/images\/emoji.php\/v9\/t7e\/1\/16\/1f4c5.png\" alt=\"\ud83d\udcc5\" width=\"16\" height=\"16\" \/><\/span> G\u00fcei presentamos en Villaviciosa la<strong> programaci\u00f3n del D\u00eda d\u2019Asturies 2025<\/strong>, que se va celebrar del 5 al 8 de setiembre na Comarca de la Sidra <span class=\"html-span xexx8yu xyri2b x18d9i69 x1c1uobl x1hl2dhg x16tdsg8 x1vvkbs x3nfvp2 x1j61x8r x1fcty0u xdj266r xat24cr xm2jcoa x1mpyi22 xxymvpz xlup9mm x1kky2od\"><img loading=\"lazy\" decoding=\"async\" class=\"xz74otr x15mokao x1ga7v0g x16uus16 xbiv7yw\" src=\"https:\/\/static.xx.fbcdn.net\/images\/emoji.php\/v9\/tbd\/1\/16\/1f34f.png\" alt=\"\ud83c\udf4f\" width=\"16\" height=\"16\" \/><\/span><span class=\"html-span xexx8yu xyri2b x18d9i69 x1c1uobl x1hl2dhg x16tdsg8 x1vvkbs x3nfvp2 x1j61x8r x1fcty0u xdj266r xat24cr xm2jcoa x1mpyi22 xxymvpz xlup9mm x1kky2od\"><img loading=\"lazy\" decoding=\"async\" class=\"xz74otr x15mokao x1ga7v0g x16uus16 xbiv7yw\" src=\"https:\/\/static.xx.fbcdn.net\/images\/emoji.php\/v9\/t1f\/1\/16\/1f3b6.png\" alt=\"\ud83c\udfb6\" width=\"16\" height=\"16\" \/><\/span> Canci\u00f3n asturiana, Hevia, Los Berrones, Petit Pop, Tekila o Domin\u00f3 van poner m\u00fasica a una cita que rinde homenaxe a la cultura sidrera asturiana, reconocida pola UNESCO como Patrimoniu Inmaterial de la Humanid\u00e1.\u00a0<span class=\"html-span xexx8yu xyri2b x18d9i69 x1c1uobl x1hl2dhg x16tdsg8 x1vvkbs x3nfvp2 x1j61x8r x1fcty0u xdj266r xat24cr xm2jcoa x1mpyi22 xxymvpz xlup9mm x1kky2od\"><img loading=\"lazy\" decoding=\"async\" class=\"xz74otr x15mokao x1ga7v0g x16uus16 xbiv7yw\" src=\"https:\/\/static.xx.fbcdn.net\/images\/emoji.php\/v9\/t64\/1\/16\/1f91d.png\" alt=\"\ud83e\udd1d\" width=\"16\" height=\"16\" \/><\/span> La conseyera Vanessa Guti\u00e9rrez destac\u00f3 que\u2019l D\u00eda d\u2019Asturies ye <em><strong>\u201cla gran fiesta d\u2019alcuentru de les y los asturianos\u201d<\/strong><\/em> y que\u2019l modelu itinerante y compart\u00edu en tolos conceyos de la Comarca de la Sidra \u201crefuercia la cohesi\u00f3n territorial\u201d. \u2139\ufe0f Descargar\u00a0<a href=\"https:\/\/www.asturiesculturaenrede.es\/uploads\/documentos\/gpa_dda2025_programa.pdf\" target=\"_blank\" rel=\"noopener\">aqu\u00ed<\/a>\u00a0el programa completo.<\/p>\n<p><!--more--><\/p>\n<\/div>\n<\/div>\n<\/div>\n<\/div>\n<div class=\"html-div xdj266r x14z9mp xat24cr x1lziwak xexx8yu xyri2b x18d9i69 x1c1uobl x1iyjqo2 xeuugli\">\n<div class=\"x78zum5 xdt5ytf xz62fqu x16ldp7u\">\n<div class=\"xu06os2 x1ok221b\" style=\"text-align: center\">\n<!-- iframe plugin v.6.0 wordpress.org\/plugins\/iframe\/ -->\n<iframe loading=\"lazy\" width=\"350\" height=\"198\" src=\"https:\/\/www.youtube.com\/embed\/6gLXcLKqKZc\" title=\"D\u00eda de Asturias 2025 (cast)\" frameborder=\"0\" allow=\"accelerometer; autoplay; clipboard-write; encrypted-media; gyroscope; picture-in-picture; web-share\" referrerpolicy=\"strict-origin-when-cross-origin\" 0=\"allowfullscreen\" 1=\"\/iframe\" scrolling=\"yes\" class=\"iframe-class\"><\/iframe>\n<\/div>\n<\/div>\n<\/div>\n<\/div>\n<\/div>\n<div class=\"html-div xdj266r x14z9mp xat24cr x1lziwak xexx8yu xyri2b x18d9i69 x1c1uobl\">\n<div class=\"html-div xdj266r x14z9mp xat24cr x1lziwak xexx8yu xyri2b x18d9i69 x1c1uobl\" dir=\"auto\">\n<div class=\"html-div xdj266r x14z9mp xat24cr x1lziwak xexx8yu xyri2b x18d9i69 x1c1uobl\" data-ad-rendering-role=\"story_message\">\n<div id=\"_R_l9bclkqv5klilipamH2_\" class=\"x1l90r2v x1iorvi4 x1g0dm76 xpdmqnj\" data-ad-comet-preview=\"message\" data-ad-preview=\"message\">\n<div class=\"x78zum5 xdt5ytf xz62fqu x16ldp7u\">\n<div class=\"xu06os2 x1ok221b\">\n<div class=\"html-div xdj266r x14z9mp xat24cr x1lziwak xexx8yu xyri2b x18d9i69 x1c1uobl\">\n<div class=\"x14z9mp xat24cr x1lziwak x1vvkbs xtlvy1s x126k92a\"><\/div>\n<div class=\"x14z9mp xat24cr x1lziwak x1vvkbs xtlvy1s x126k92a\">\n<p style=\"text-align: center\">\n<!-- iframe plugin v.6.0 wordpress.org\/plugins\/iframe\/ -->\n<iframe loading=\"lazy\" src=\"https:\/\/www.facebook.com\/plugins\/post.php?href=https%3A%2F%2Fwww.facebook.com%2FculturaAST%2Fposts%2Fpfbid0GQddPxr52W7gJmd9D2PZGCyEE52isN6meaijRHtvQvMPRtD5ZL8WEHQm2xCxCVYpl&#038;show_text=true&#038;width=500\" width=\"500\" height=\"773\" style=\"border:none;overflow:hidden\" scrolling=\"no\" frameborder=\"0\" allowfullscreen=\"true\" allow=\"autoplay; clipboard-write; encrypted-media; picture-in-picture; web-share\" 0=\"\/iframe\" class=\"iframe-class\"><\/iframe>\n<\/p>\n<p style=\"text-align: center\"><a href=\"https:\/\/www.asturiesculturaenrede.es\/uploads\/fotos\/gnE3m9t5a48R84aUnhrB9MQPAbXb9QvN.png\"><img loading=\"lazy\" decoding=\"async\" class=\"aligncenter \" src=\"https:\/\/www.asturiesculturaenrede.es\/uploads\/fotos\/gnE3m9t5a48R84aUnhrB9MQPAbXb9QvN.png\" width=\"458\" height=\"647\" \/><\/a><\/p>\n<\/div>\n<div class=\"x14z9mp xat24cr x1lziwak x1vvkbs xtlvy1s x126k92a\"><\/div>\n<\/div>\n<\/div>\n<\/div>\n<\/div>\n<\/div>\n<\/div>\n<\/div>\n<\/div>\n<\/div>\n<\/div>\n<p style=\"text-align: center\">\n<!-- iframe plugin v.6.0 wordpress.org\/plugins\/iframe\/ -->\n<iframe loading=\"lazy\" src=\"https:\/\/www.facebook.com\/plugins\/video.php?height=476&#038;href=https%3A%2F%2Fwww.facebook.com%2Freel%2F25037685889167140%2F&#038;show_text=false&#038;width=267&#038;t=0\" width=\"267\" height=\"476\" style=\"border:none;overflow:hidden\" scrolling=\"no\" frameborder=\"0\" allowfullscreen=\"true\" allow=\"autoplay; clipboard-write; encrypted-media; picture-in-picture; web-share\" 0=\"\/iframe\" class=\"iframe-class\"><\/iframe>\n<\/p>\n","protected":false},"excerpt":{"rendered":"<p>Conseyer\u00eda Cultura, Pol\u00edtica Lling\u00fc\u00edstica y D.\/ Consulta\u2019l programa www.asturiesculturaenrede.es G\u00fcei presentamos en Villaviciosa la programaci\u00f3n del D\u00eda d\u2019Asturies 2025, que se va celebrar del 5 al 8 de setiembre na Comarca de la Sidra Canci\u00f3n asturiana, Hevia, Los Berrones, Petit Pop, Tekila o Domin\u00f3 van poner m\u00fasica a una cita que rinde homenaxe a la [&hellip;]<\/p>\n","protected":false},"author":117,"featured_media":0,"comment_status":"closed","ping_status":"open","sticky":false,"template":"","format":"standard","meta":{"footnotes":""},"categories":[6,156],"tags":[],"class_list":["post-56273","post","type-post","status-publish","format-standard","hentry","category-dia-de","category-sidre"],"_links":{"self":[{"href":"https:\/\/edublog.educastur.es\/ixuxu\/wp-json\/wp\/v2\/posts\/56273","targetHints":{"allow":["GET"]}}],"collection":[{"href":"https:\/\/edublog.educastur.es\/ixuxu\/wp-json\/wp\/v2\/posts"}],"about":[{"href":"https:\/\/edublog.educastur.es\/ixuxu\/wp-json\/wp\/v2\/types\/post"}],"author":[{"embeddable":true,"href":"https:\/\/edublog.educastur.es\/ixuxu\/wp-json\/wp\/v2\/users\/117"}],"replies":[{"embeddable":true,"href":"https:\/\/edublog.educastur.es\/ixuxu\/wp-json\/wp\/v2\/comments?post=56273"}],"version-history":[{"count":5,"href":"https:\/\/edublog.educastur.es\/ixuxu\/wp-json\/wp\/v2\/posts\/56273\/revisions"}],"predecessor-version":[{"id":56299,"href":"https:\/\/edublog.educastur.es\/ixuxu\/wp-json\/wp\/v2\/posts\/56273\/revisions\/56299"}],"wp:attachment":[{"href":"https:\/\/edublog.educastur.es\/ixuxu\/wp-json\/wp\/v2\/media?parent=56273"}],"wp:term":[{"taxonomy":"category","embeddable":true,"href":"https:\/\/edublog.educastur.es\/ixuxu\/wp-json\/wp\/v2\/categories?post=56273"},{"taxonomy":"post_tag","embeddable":true,"href":"https:\/\/edublog.educastur.es\/ixuxu\/wp-json\/wp\/v2\/tags?post=56273"}],"curies":[{"name":"wp","href":"https:\/\/api.w.org\/{rel}","templated":true}]}}