{"id":56294,"date":"2025-08-27T08:30:20","date_gmt":"2025-08-27T06:30:20","guid":{"rendered":"https:\/\/edublog.educastur.es\/ixuxu\/?p=56294"},"modified":"2025-08-27T23:16:46","modified_gmt":"2025-08-27T21:16:46","slug":"el-tiempu-el-comercio-122","status":"publish","type":"post","link":"https:\/\/edublog.educastur.es\/ixuxu\/2025\/08\/el-tiempu-el-comercio-122\/","title":{"rendered":"El tiempu (El Comercio)"},"content":{"rendered":"<p style=\"text-align: center\"><a href=\"https:\/\/s1.ppllstatics.com\/elcomercio\/www\/multimedia\/2025\/08\/26\/tiempo-asturias-lluvias-incendios-forestales.jpg\"><img loading=\"lazy\" decoding=\"async\" class=\"aligncenter size-large\" src=\"https:\/\/s1.ppllstatics.com\/elcomercio\/www\/multimedia\/2025\/08\/26\/tiempo-asturias-lluvias-incendios-forestales.jpg\" width=\"1712\" height=\"1128\" \/><\/a><\/p>\n<p>Una masa nubosa cargada de mugor va llegar a la rex\u00f3n mientres la nueche del mi\u00e9rcoles y prevese que dexe precipitaciones qu&#8217;ayuden \u00e9nte la folada de quemes forestales.<\/p>\n<p>La previsi\u00f3n del tiempu n&#8217;Asturies depara pa esti mi\u00e9rcoles delles nubes baxes a l&#8217;amanecida nel centru y nel oriente que van sumir en poques hores. Pero <strong>mientres la ma\u00f1ana<\/strong> van apaecer nubes altes pel oeste que se van estender por tola rex\u00f3n. <strong>Nes hores centrales del d\u00eda<\/strong> tami\u00e9n s&#8217;espera la llegada de nubes de tipu mediu. Conforme meyora la tarde, les nubes medies van retirase y, finalmente, tami\u00e9n lo fadr\u00e1n les nubes altes polo que ye abondo probable que, na recta final de #tardar, \u00e1branse grandes claros por momentos.<\/p>\n<p><!--more--><\/p>\n<p>Pero, <strong>cola llegada de la nueche<\/strong>, prevese la entrada d&#8217;una masa nubosa cargada de mugor que va dexar precipitaciones antes de medianueche. Estes ag\u00fces, tan esperaes ante la folada de quemes forestales n&#8217;Asturies, van percorrer la rex\u00f3n d&#8217;oeste a este.<\/p>\n<p><strong>Los vientos<\/strong> van ser fluexos de primeres pero, mientres la segunda parte del d\u00eda, van soplar de componente oeste con raches moderaes. Ye posible que, <strong>pela nueche<\/strong>, puedan rexistrase delles raches daqu\u00e9 m\u00e1s fuertes na mari\u00f1a occidental que podr\u00eden superar los 50 km\/h. Tocantes a <strong>les temperatures<\/strong>, van baxar en tol sur del Princip\u00e1u tantu nel casu de les m\u00e1ximes como nel de les m\u00ednimes. Nel restu d&#8217;Asturies van caltenese ensin cambeos al respective de les anotaes esti martes.<\/p>\n","protected":false},"excerpt":{"rendered":"<p>Una masa nubosa cargada de mugor va llegar a la rex\u00f3n mientres la nueche del mi\u00e9rcoles y prevese que dexe precipitaciones qu&#8217;ayuden \u00e9nte la folada de quemes forestales. La previsi\u00f3n del tiempu n&#8217;Asturies depara pa esti mi\u00e9rcoles delles nubes baxes a l&#8217;amanecida nel centru y nel oriente que van sumir en poques hores. Pero mientres [&hellip;]<\/p>\n","protected":false},"author":117,"featured_media":0,"comment_status":"closed","ping_status":"open","sticky":false,"template":"","format":"standard","meta":{"footnotes":""},"categories":[5],"tags":[],"class_list":["post-56294","post","type-post","status-publish","format-standard","hentry","category-tiempu"],"_links":{"self":[{"href":"https:\/\/edublog.educastur.es\/ixuxu\/wp-json\/wp\/v2\/posts\/56294","targetHints":{"allow":["GET"]}}],"collection":[{"href":"https:\/\/edublog.educastur.es\/ixuxu\/wp-json\/wp\/v2\/posts"}],"about":[{"href":"https:\/\/edublog.educastur.es\/ixuxu\/wp-json\/wp\/v2\/types\/post"}],"author":[{"embeddable":true,"href":"https:\/\/edublog.educastur.es\/ixuxu\/wp-json\/wp\/v2\/users\/117"}],"replies":[{"embeddable":true,"href":"https:\/\/edublog.educastur.es\/ixuxu\/wp-json\/wp\/v2\/comments?post=56294"}],"version-history":[{"count":2,"href":"https:\/\/edublog.educastur.es\/ixuxu\/wp-json\/wp\/v2\/posts\/56294\/revisions"}],"predecessor-version":[{"id":56296,"href":"https:\/\/edublog.educastur.es\/ixuxu\/wp-json\/wp\/v2\/posts\/56294\/revisions\/56296"}],"wp:attachment":[{"href":"https:\/\/edublog.educastur.es\/ixuxu\/wp-json\/wp\/v2\/media?parent=56294"}],"wp:term":[{"taxonomy":"category","embeddable":true,"href":"https:\/\/edublog.educastur.es\/ixuxu\/wp-json\/wp\/v2\/categories?post=56294"},{"taxonomy":"post_tag","embeddable":true,"href":"https:\/\/edublog.educastur.es\/ixuxu\/wp-json\/wp\/v2\/tags?post=56294"}],"curies":[{"name":"wp","href":"https:\/\/api.w.org\/{rel}","templated":true}]}}