{"id":56320,"date":"2025-08-27T10:02:55","date_gmt":"2025-08-27T08:02:55","guid":{"rendered":"https:\/\/edublog.educastur.es\/ixuxu\/?p=56320"},"modified":"2025-08-28T11:24:09","modified_gmt":"2025-08-28T09:24:09","slug":"eclis-total-de-lluna-nasturies-dia-y-hora-esacta-a-la-que-podra-vese","status":"publish","type":"post","link":"https:\/\/edublog.educastur.es\/ixuxu\/2025\/08\/eclis-total-de-lluna-nasturies-dia-y-hora-esacta-a-la-que-podra-vese\/","title":{"rendered":"Ecl\u00eds total de Lluna n&#8217;Asturies: d\u00eda y hora esacta a la que podr\u00e1 vese"},"content":{"rendered":"<p style=\"text-align: center\">Imaxe d&#8217;arquivu d&#8217;un ecl\u00eds llunar Ana Garc\u00eda<\/p>\n<p style=\"text-align: center\"><a href=\"https:\/\/img.lavdg.com\/sc\/qLy9hnzMicU7wegx57EZt-QsYvA=\/768x\/2018\/07\/23\/00121532381341299783941\/Foto\/VL24C1F2_232811.jpg\"><img loading=\"lazy\" decoding=\"async\" class=\"aligncenter size-large\" src=\"https:\/\/img.lavdg.com\/sc\/qLy9hnzMicU7wegx57EZt-QsYvA=\/768x\/2018\/07\/23\/00121532381341299783941\/Foto\/VL24C1F2_232811.jpg\" width=\"768\" height=\"433\" \/><\/a><\/p>\n<p>Mientres unos minutos, la Lluna va adquirir un tonu acolorat\u00e1u caracter\u00edsticu, lo que se conoz popularmente como \u00abLluna de Sangre\u00bb. <strong>La nueche del domingu 7 de setiembre de 2025<\/strong> Espa\u00f1a va ser testigu d&#8217;un ecl\u00eds total de Lluna, un fen\u00f3menu astron\u00f3micu nel que la Tierra interponse ente&#8217;l Sol y la Lluna proxectando la so solombra sobro&#8217;l sat\u00e9lite. Mientres unos minutos, la Lluna va adquirir un tonu acolorat\u00e1u caracter\u00edsticu, lo que se conoz popularmente como \u00abLluna de Sangre\u00bb. <a href=\"https:\/\/www.lavozdeasturias.es\/noticia\/asturias\/2025\/08\/26\/eclipse-total-luna-asturias-dia-hora-exacta-podra-ver\/00031756205572715751612.htm\">La Voz<\/a><\/p>\n<p><!--more--><\/p>\n<p>Seg\u00fan esplica l&#8217;<strong><span style=\"color: #008080\">Observatoriu Astron\u00f3micu Nacional (IGN)<\/span><\/strong>, un ecl\u00eds llunar total asocede cuando la Lluna entra dafechu na solombra de la Tierra. A diferencia de los eclises solares, non corada neng\u00fan riesgu pa v\u00edstalo y puede reparase a g\u00fceyu ensin necesid\u00e1 de neng\u00fan tipu de protecci\u00f3n ocular o instrumentaci\u00f3n especial.<\/p>\n<p>\u00bf\u00d3nde se va ver l&#8217;ecl\u00eds?<\/p>\n<p>L&#8217;ecl\u00eds llunar total del 7 de setiembre <strong>va ser visible en gran parte del mundu, en rexones como Asia, Ocean\u00eda, Europa, \u00c1frica, l&#8217;Ant\u00e1rtida y l&#8217;estremu oriental de Suram\u00e9rica<\/strong>, seg\u00fan l&#8217;Observatoriu Astron\u00f3micu Nacional (IGN).<\/p>\n<p>N&#8217;Espa\u00f1a tami\u00e9n va poder reparase, anque non de la mesma manera en tol territoriu. Na mayor parte de la pen\u00ednsula, Baleares, Ceuta y Melilla la Lluna va salir y\u00e1 totalmente clisada, polo que se va apreciar el final de la fase total. Sicas\u00ed, nel oeste de Galicia y nes Isles Canaries la fase total concluyir\u00eda nel momentu de la salida de la Lluna, y solo va vese el final del ecl\u00eds parcial.<\/p>\n<p><strong>N&#8217;Asturies, l&#8217;ecl\u00eds parcial va empezar a les 18.27 hores y va terminar a les 21.56.<\/strong> L&#8217;ecl\u00eds total podr\u00e1 vese ente les 19.31 y les 20.53 hores del domingu. El puntu m\u00e1ximu d&#8217;observaci\u00f3n del ecl\u00eds va tener llugar a les 20.11 nel Princip\u00e1u d&#8217;Asturies.<\/p>\n<p>Un fen\u00f3menu que va tardar en repitise n&#8217;Espa\u00f1a<\/p>\n<p>L&#8217;ecl\u00eds del 7 de setiembre va ser una ocasi\u00f3n \u00fanica n&#8217;Espa\u00f1a, una y bones el pr\u00f3ximu ecl\u00eds total de Lluna va asoceder el 3 de marzu de 2026, pero nun va poder trate dende&#8217;l nuesu pa\u00eds. Ese mesmu a\u00f1u, el 28 d&#8217;agostu, s\u00ed va ser visible un ecl\u00eds de Lluna, anque solo na so fase parcial, dende la pen\u00ednsula y les isles, informa Europa Press.<\/p>\n<p>&nbsp;<\/p>\n<p>\u00abAnque s\u00eda branu n&#8217;Espa\u00f1a, hai que llevar la ropa d&#8217;abrigu\u00bb. La nueche del domingu 7 de setiembre de 2025 Espa\u00f1a va ser testigu d&#8217;<span style=\"color: #008080\"><strong>un clise total de Lluna<\/strong><\/span>, un fen\u00f3menu astron\u00f3micu nel que la Tierra interponer ente&#8217;l Sol y la Lluna proxectando la so solombra sobro&#8217;l sat\u00e9lite. Mientres unos minutos, la Lluna va adquirir un tonu acolorat\u00e1u caracter\u00edsticu, lo que se conoz popularmente como \u00abLluna de Sangre\u00bb.<\/p>\n<p>&nbsp;<\/p>\n<p>Seg\u00fan esplica l&#8217;Observatoriu Astron\u00f3micu Nacional (IGN), un ecl\u00eds llunar total asocede cuando la Lluna entra dafechu na solombra de la Tierra. A diferencia de los eclises solares, non corada neng\u00fan riesgu pa v\u00edstalo y puede reparase a g\u00fceyu ensin necesid\u00e1 de neng\u00fan tipu de protecci\u00f3n ocular o instrumentaci\u00f3n especial.<\/p>\n<p>Agora bien, pa esta activid\u00e1 siempres suel ser recomendable llevar daqu\u00e9 de ropa d&#8217;abrigu, unes sielles plegables o esterielles pa tar m\u00e1s c\u00f3modos, y daqu\u00e9 de comer y beber si quies.<\/p>\n<p><strong>\u00bf\u00d3nde? <\/strong>L&#8217;ecl\u00eds llunar total del 7 de setiembre va ser visible en gran parte del mundu, en rexones como Asia, Ocean\u00eda, Europa, \u00c1frica, la Ant\u00e1rtida y l&#8217;estremu oriental de Suram\u00e9rica, seg\u00fan l&#8217;Observatoriu Astron\u00f3micu Nacional (IGN).<\/p>\n<p><strong>A tener en cuenta<\/strong> N&#8217;Espa\u00f1a tami\u00e9n va poder reparase, anque non de la mesma manera en tol territoriu. Na mayor parte de la pen\u00ednsula, Baleares, Ceuta y Melilla la Lluna va salir y\u00e1 totalmente clisada, polo que se va apreciar el final de la fase total.<\/p>\n<p>Sicas\u00ed, nel oeste de Galicia y nes Isles Canaries la fase total concluyir\u00eda nel momentu de la salida de la Lluna, y solo va vese el final del ecl\u00eds parcial.<\/p>\n","protected":false},"excerpt":{"rendered":"<p>Imaxe d&#8217;arquivu d&#8217;un ecl\u00eds llunar Ana Garc\u00eda Mientres unos minutos, la Lluna va adquirir un tonu acolorat\u00e1u caracter\u00edsticu, lo que se conoz popularmente como \u00abLluna de Sangre\u00bb. La nueche del domingu 7 de setiembre de 2025 Espa\u00f1a va ser testigu d&#8217;un ecl\u00eds total de Lluna, un fen\u00f3menu astron\u00f3micu nel que la Tierra interponse ente&#8217;l Sol [&hellip;]<\/p>\n","protected":false},"author":117,"featured_media":0,"comment_status":"closed","ping_status":"open","sticky":false,"template":"","format":"standard","meta":{"footnotes":""},"categories":[223],"tags":[],"class_list":["post-56320","post","type-post","status-publish","format-standard","hentry","category-astronomia"],"_links":{"self":[{"href":"https:\/\/edublog.educastur.es\/ixuxu\/wp-json\/wp\/v2\/posts\/56320","targetHints":{"allow":["GET"]}}],"collection":[{"href":"https:\/\/edublog.educastur.es\/ixuxu\/wp-json\/wp\/v2\/posts"}],"about":[{"href":"https:\/\/edublog.educastur.es\/ixuxu\/wp-json\/wp\/v2\/types\/post"}],"author":[{"embeddable":true,"href":"https:\/\/edublog.educastur.es\/ixuxu\/wp-json\/wp\/v2\/users\/117"}],"replies":[{"embeddable":true,"href":"https:\/\/edublog.educastur.es\/ixuxu\/wp-json\/wp\/v2\/comments?post=56320"}],"version-history":[{"count":3,"href":"https:\/\/edublog.educastur.es\/ixuxu\/wp-json\/wp\/v2\/posts\/56320\/revisions"}],"predecessor-version":[{"id":56350,"href":"https:\/\/edublog.educastur.es\/ixuxu\/wp-json\/wp\/v2\/posts\/56320\/revisions\/56350"}],"wp:attachment":[{"href":"https:\/\/edublog.educastur.es\/ixuxu\/wp-json\/wp\/v2\/media?parent=56320"}],"wp:term":[{"taxonomy":"category","embeddable":true,"href":"https:\/\/edublog.educastur.es\/ixuxu\/wp-json\/wp\/v2\/categories?post=56320"},{"taxonomy":"post_tag","embeddable":true,"href":"https:\/\/edublog.educastur.es\/ixuxu\/wp-json\/wp\/v2\/tags?post=56320"}],"curies":[{"name":"wp","href":"https:\/\/api.w.org\/{rel}","templated":true}]}}