{"id":56330,"date":"2025-08-27T11:05:15","date_gmt":"2025-08-27T09:05:15","guid":{"rendered":"https:\/\/edublog.educastur.es\/ixuxu\/?p=56330"},"modified":"2025-08-27T23:37:30","modified_gmt":"2025-08-27T21:37:30","slug":"ii-premiu-muyer-de-narraciones-trabe","status":"publish","type":"post","link":"https:\/\/edublog.educastur.es\/ixuxu\/2025\/08\/ii-premiu-muyer-de-narraciones-trabe\/","title":{"rendered":"II Premiu \u00abMuyer\u00bb de Narraciones Trabe"},"content":{"rendered":"<div class=\"html-div xdj266r x14z9mp xat24cr x1lziwak xexx8yu xyri2b x18d9i69 x1c1uobl\">\n<div class=\"html-div xdj266r x14z9mp x1lziwak x18d9i69 x1cy8zhl x78zum5 x1q0g3np xod5an3 xz9dl7a x1g0dm76 xpdmqnj\">\n<div class=\"html-div xdj266r x14z9mp xat24cr x1lziwak xexx8yu xyri2b x18d9i69 x1c1uobl x1iyjqo2 xeuugli\">\n<div class=\"x78zum5 xdt5ytf xz62fqu x16ldp7u\">\n<div class=\"xu06os2 x1ok221b\">\n<div class=\"html-div xdj266r x14z9mp xat24cr x1lziwak xexx8yu xyri2b x18d9i69 x1c1uobl\" data-ad-rendering-role=\"profile_name\">\n<ul>\n<li class=\"html-h3 x14z9mp xat24cr x1lziwak xexx8yu xyri2b x18d9i69 x1c1uobl x1vvkbs x1heor9g x1qlqyl8 x1pd3egz x1a2a7pz x1gslohp x1yc453h\"><span class=\"x193iq5w xeuugli x13faqbe x1vvkbs x1xmvt09 x1f6kntn xvq8zen xo1l8bm xi81zsa\"><b class=\"html-b xdj266r x14z9mp xat24cr x1lziwak xexx8yu xyri2b x18d9i69 x1c1uobl x1hl2dhg x16tdsg8 x1vvkbs x1s688f\"><span class=\"xt0psk2\"><span class=\"html-span xdj266r x14z9mp xat24cr x1lziwak xexx8yu xyri2b x18d9i69 x1c1uobl x1hl2dhg x16tdsg8 x1vvkbs\"><a class=\"x1i10hfl xjbqb8w x1ejq31n x18oe1m7 x1sy0etr xstzfhl x972fbf x10w94by x1qhh985 x14e42zd x9f619 x1ypdohk xt0psk2 x3ct3a4 xdj266r x14z9mp xat24cr x1lziwak xexx8yu xyri2b x18d9i69 x1c1uobl x16tdsg8 x1hl2dhg xggy1nq x1a2a7pz xkrqix3 x1sur9pj xzsf02u x1s688f\" role=\"link\" href=\"https:\/\/www.facebook.com\/SamuelEstherTrabe?__cft__[0]=AZVOr69-YqAzeYb6JcZf0FzQJI1kK9HrmTCtwudO9D2ckvMIIyBID8LzjFLIrNvD52AcedhRPBVXisPgNXXJV7feotRObh2DzzR0i947WPbrLmhmUls-40NWygv1ZbZ3HcbIVvGWNzyU6qOnyLHJ0h4wDEgP4mNC7_S7SjJTYJPK4Lslw705Rqb3r4WuTchUYFOG41y9ObO_vAHpHdQEdWAc&amp;__tn__=-]C%2CP-R\">Samuel Castro<\/a><\/span><\/span><\/b> \/\u00a0<b class=\"html-b xdj266r x14z9mp xat24cr x1lziwak xexx8yu xyri2b x18d9i69 x1c1uobl x1hl2dhg x16tdsg8 x1vvkbs x1s688f\"><span class=\"xt0psk2\"><span class=\"xjp7ctv\"><span class=\"html-span xdj266r x14z9mp xat24cr x1lziwak xexx8yu xyri2b x18d9i69 x1c1uobl x1hl2dhg x16tdsg8 x1vvkbs\"><a class=\"x1i10hfl xjbqb8w x1ejq31n x18oe1m7 x1sy0etr xstzfhl x972fbf x10w94by x1qhh985 x14e42zd x9f619 x1ypdohk xt0psk2 x3ct3a4 xdj266r x14z9mp xat24cr x1lziwak xexx8yu xyri2b x18d9i69 x1c1uobl x16tdsg8 x1hl2dhg xggy1nq x1a2a7pz xkrqix3 x1sur9pj xzsf02u x1s688f\" role=\"link\" href=\"https:\/\/www.facebook.com\/marta.moridearriba?__cft__[0]=AZVOr69-YqAzeYb6JcZf0FzQJI1kK9HrmTCtwudO9D2ckvMIIyBID8LzjFLIrNvD52AcedhRPBVXisPgNXXJV7feotRObh2DzzR0i947WPbrLmhmUls-40NWygv1ZbZ3HcbIVvGWNzyU6qOnyLHJ0h4wDEgP4mNC7_S7SjJTYJPK4Lslw705Rqb3r4WuTchUYFOG41y9ObO_vAHpHdQEdWAc&amp;__tn__=-]C%2CP-R\">Marta Mori de Arriba<\/a><\/span><\/span><\/span><\/b><\/span><\/li>\n<\/ul>\n<\/div>\n<\/div>\n<\/div>\n<div class=\"html-div xdj266r x14z9mp xat24cr x1lziwak xexx8yu xyri2b x18d9i69 x1c1uobl x6s0dn4 x17zd0t2 x78zum5 x1q0g3np x1a02dak\" style=\"text-align: center\"><a href=\"https:\/\/www.trabe.org\/wp-content\/uploads\/2025\/05\/II-Premiu-Muyer-2025-772x347.jpg\"><img loading=\"lazy\" decoding=\"async\" class=\"aligncenter size-large\" src=\"https:\/\/www.trabe.org\/wp-content\/uploads\/2025\/05\/II-Premiu-Muyer-2025-772x347.jpg\" width=\"772\" height=\"347\" \/><\/a><\/div>\n<div><\/div>\n<\/div>\n<\/div>\n<\/div>\n<div class=\"html-div xdj266r x14z9mp xat24cr x1lziwak xexx8yu xyri2b x18d9i69 x1c1uobl\">\n<div class=\"html-div xdj266r x14z9mp xat24cr x1lziwak xexx8yu xyri2b x18d9i69 x1c1uobl\" dir=\"auto\">\n<div class=\"html-div xdj266r x14z9mp xat24cr x1lziwak xexx8yu xyri2b x18d9i69 x1c1uobl\" data-ad-rendering-role=\"story_message\">\n<div id=\"_r_3ai_\" class=\"x1l90r2v x1iorvi4 x1g0dm76 xpdmqnj\" data-ad-comet-preview=\"message\" data-ad-preview=\"message\">\n<div class=\"x78zum5 xdt5ytf xz62fqu x16ldp7u\">\n<div class=\"xu06os2 x1ok221b\">\n<div class=\"html-div xdj266r x14z9mp xat24cr x1lziwak xexx8yu xyri2b x18d9i69 x1c1uobl\">\n<div class=\"xdj266r x14z9mp xat24cr x1lziwak x1vvkbs x126k92a\">\n<div dir=\"auto\">\u00daLTIMOS D\u00cdES PA PRESENTASE AL II PREMIU &#8216;MUYER&#8217; DE NARRACIONES TRABE 2025. Record\u00e1mosvos les bases del premiu y que&#8217;l plazu pa presentar orixinales al premiu remata&#8217;l 15 de setiembre del 2025. Y aprovechamos p&#8217;animavos a que present\u00e9is les vuestres creaciones. Bases: <span class=\"html-span xdj266r x14z9mp xat24cr x1lziwak xexx8yu xyri2b x18d9i69 x1c1uobl x1hl2dhg x16tdsg8 x1vvkbs\"><a class=\"x1i10hfl xjbqb8w x1ejq31n x18oe1m7 x1sy0etr xstzfhl x972fbf x10w94by x1qhh985 x14e42zd x9f619 x1ypdohk xt0psk2 x3ct3a4 xdj266r x14z9mp xat24cr x1lziwak xexx8yu xyri2b x18d9i69 x1c1uobl x16tdsg8 x1hl2dhg xggy1nq x1a2a7pz xkrqix3 x1sur9pj x1fey0fg x1s688f\" role=\"link\" href=\"https:\/\/www.trabe.org\/ii-premiu-muyer-de-narraciones-trabe\/?fbclid=IwZXh0bgNhZW0CMTAAYnJpZBExS3ByRmtlWHNvd3ZwckZiSgEeUygqh-m_OSvTxWUlWrxN--yURa-VCqA5L9J7tlKrToGCSObvEXejDvG9wgE_aem_WNBct_HnRegIFiMZhHxzyA\" target=\"_blank\" rel=\"nofollow noopener noreferrer\">https:\/\/www.trabe.org\/ii-premiu-muyer-de-narraciones-trabe\/<\/a><\/span><\/div>\n<div dir=\"auto\"><\/div>\n<\/div>\n<\/div>\n<\/div>\n<\/div>\n<\/div>\n<\/div>\n<\/div>\n<\/div>\n<p><!--more--><\/p>\n<header class=\"entry-header clearfix\">\n<div class=\"entry-meta\">\n<h2 class=\"entry-title\" style=\"text-align: center\"><span style=\"color: #800080\">II Premiu \u00abMuyer\u00bb de Narraciones Trabe<\/span><\/h2>\n<\/div>\n<\/header>\n<div class=\"entry-content\">\n<p style=\"text-align: center\"><strong>BASES DEL PREMIU \u00abMUYER\u00bb DE NARRACIONES TRABE 2025<\/strong><\/p>\n<p><strong>Primera:<\/strong>\u00a0Ediciones Trabe, col oxetivu de favorecer y promover la creaci\u00f3n lliteraria n\u2019asturianu d\u2019autor\u00eda femenina convoca la segunda edici\u00f3n del Premiu \u00abMuyer\u00bb de Narraciones Trabe. Podr\u00e1n optar al premiu \u00abMuyer\u00bb toles muyeres interesaes, d\u2019ed\u00e1 adulta, con obres de narrativa escrites n\u2019asturianu, y\u00e1 s\u00edan noveles, recopilaciones de cuentos o cualesquier otra forma posible de narraci\u00f3n ficcional. Cada autora pue presentase nam\u00e1s con un orixinal.<\/p>\n<p><strong>Segunda:<\/strong>\u00a0Les obres han tener una estensi\u00f3n m\u00ednima de 70 p\u00e1xines DIN A4 escrites a doble espaciu y cuerpu de lletra Times New Roman de 12 puntos o apaec\u00edo. Han ser in\u00e9dites y tar ensin premiu n\u2019otros concursos como conxuntu o per separao. Les autores van responder de l\u2019autor\u00eda y orixinalid\u00e1 de la obra presentada.<\/p>\n<p><strong>Tercera:<\/strong>\u00a0El premiu tien una dotaci\u00f3n de 2.000 euros en conceptu de derechos d\u2019autor\u00eda y la publicaci\u00f3n dientro de la colecci\u00f3n Incla d\u2019Ediciones Trabe. El xur\u00e1u pue dexalu desiertu seg\u00fan aconseye la calid\u00e1 de les obres presentaes, pero non partilu.<\/p>\n<p><strong>Cuarta:<\/strong>\u00a0El plazu de presentaci\u00f3n d\u2019orixinales va abrise a les 00:00 h del 15 de mayu del 2025 y pesllase a les 23:59 h del 15 de setiembre del mesmu a\u00f1u.<\/p>\n<p><strong>Quinta:<\/strong>\u00a0La presentaci\u00f3n d\u2019orixinales puede ser de dos maneres: 1) Per internet, al corr\u00e9u electr\u00f3nicu muyer@trabe.org. Nel \u00abasuntu\u00bb han poner \u00abPremiu \u201cMuyer\u201d de Narraciones Trabe 2025\u00bb. Nel cuerpu del mensaxe tien d\u2019apaecer el t\u00edtulu de la obra y l\u2019alcu\u00f1u de l\u2019autora. Am\u00e1s, ha de dir axunt\u00e1u un documentu pdf cola obra y otru documentu, tami\u00e9n pdf, colos datos personales: nome, apell\u00edos, tel\u00e9fonu y direcci\u00f3n de corr\u00e9u electr\u00f3nicu. Si se fai l\u2019unviu d\u2019esta manera hai que lo facer dende una direcci\u00f3n de corr\u00e9u electr\u00f3nicu que nun s\u00eda reconocible pa la persona receptora. 2) Per corr\u00e9u postal. Han remitise dos sobres nos qu\u2019ha apaecer \u00abPremiu \u201cMuyer\u201d de Narraciones Trabe\u00bb a esta direcci\u00f3n: Ediciones Trabe C\/ Fernando Alonso, 17 \u2013 Baxu, 33009 d\u2019Uvi\u00e9u. En ca\u00fan de los sobres ha apaecer, am\u00e1s, el t\u00edtulu de la obra y l\u2019alcu\u00f1u de l\u2019autora. \u00dan de los sobres ha contener: datos personales (nome, apell\u00edos, tel\u00e9fonu y corr\u00e9u electr\u00f3nicu) y l\u2019otru va llevar l\u2019orixinal de la obra y tres copies. Si s\u2019opta por esta modalid\u00e1, hai que presentar tolos documentos en sobre abiertu pa que\u2019l personal de Correos feche y selle.<\/p>\n<p><strong>Sexta:<\/strong>\u00a0El xur\u00e1u va tar form\u00e1u por persones rellacionaes col \u00e1mbitu de la lliteratura, am\u00e1s de dos en representaci\u00f3n d\u2019Ediciones Trabe actuando una como presidenta (con voz y votu) y otra de secretaria (con voz pero ensin votu).<\/p>\n<p><strong>S\u00e9tima:<\/strong>\u00a0Al fallu del xur\u00e1u nun se pue retrucar. Va facese p\u00fablicu primero del 5 d\u2019avientu del 2025. Octava: Les obres que nun se premien van devolvese a les autores, en pidi\u00e9ndoles estes, nos tres meses siguientes a que se dea conocencia del fallu. Desque pase esti plazu ensin que naide les reclame van ser destruy\u00edes. Novena: Presentase al premiu sup\u00f3n tar d\u2019alcuerdu coles bases. Les cuestiones que se planteguen y que nun tuvieren establec\u00edes nestes bases va poder resolveles el xur\u00e1u.<\/p>\n<p style=\"text-align: center\">\n<!-- iframe plugin v.6.0 wordpress.org\/plugins\/iframe\/ -->\n<iframe loading=\"lazy\" src=\"https:\/\/www.facebook.com\/plugins\/post.php?href=https%3A%2F%2Fwww.facebook.com%2Fphoto.php%3Ffbid%3D10239459882582132%26set%3Da.1444449278131%26type%3D3&#038;show_text=false&#038;width=500\" width=\"500\" height=\"741\" style=\"border:none;overflow:hidden\" scrolling=\"no\" frameborder=\"0\" allowfullscreen=\"true\" allow=\"autoplay; clipboard-write; encrypted-media; picture-in-picture; web-share\" 0=\"\/iframe\" class=\"iframe-class\"><\/iframe>\n<\/p>\n<\/div>\n","protected":false},"excerpt":{"rendered":"<p>Samuel Castro \/\u00a0Marta Mori de Arriba \u00daLTIMOS D\u00cdES PA PRESENTASE AL II PREMIU &#8216;MUYER&#8217; DE NARRACIONES TRABE 2025. Record\u00e1mosvos les bases del premiu y que&#8217;l plazu pa presentar orixinales al premiu remata&#8217;l 15 de setiembre del 2025. Y aprovechamos p&#8217;animavos a que present\u00e9is les vuestres creaciones. Bases: https:\/\/www.trabe.org\/ii-premiu-muyer-de-narraciones-trabe\/<\/p>\n","protected":false},"author":117,"featured_media":0,"comment_status":"closed","ping_status":"open","sticky":false,"template":"","format":"standard","meta":{"footnotes":""},"categories":[121,58],"tags":[],"class_list":["post-56330","post","type-post","status-publish","format-standard","hentry","category-muyeres","category-premios"],"_links":{"self":[{"href":"https:\/\/edublog.educastur.es\/ixuxu\/wp-json\/wp\/v2\/posts\/56330","targetHints":{"allow":["GET"]}}],"collection":[{"href":"https:\/\/edublog.educastur.es\/ixuxu\/wp-json\/wp\/v2\/posts"}],"about":[{"href":"https:\/\/edublog.educastur.es\/ixuxu\/wp-json\/wp\/v2\/types\/post"}],"author":[{"embeddable":true,"href":"https:\/\/edublog.educastur.es\/ixuxu\/wp-json\/wp\/v2\/users\/117"}],"replies":[{"embeddable":true,"href":"https:\/\/edublog.educastur.es\/ixuxu\/wp-json\/wp\/v2\/comments?post=56330"}],"version-history":[{"count":3,"href":"https:\/\/edublog.educastur.es\/ixuxu\/wp-json\/wp\/v2\/posts\/56330\/revisions"}],"predecessor-version":[{"id":56333,"href":"https:\/\/edublog.educastur.es\/ixuxu\/wp-json\/wp\/v2\/posts\/56330\/revisions\/56333"}],"wp:attachment":[{"href":"https:\/\/edublog.educastur.es\/ixuxu\/wp-json\/wp\/v2\/media?parent=56330"}],"wp:term":[{"taxonomy":"category","embeddable":true,"href":"https:\/\/edublog.educastur.es\/ixuxu\/wp-json\/wp\/v2\/categories?post=56330"},{"taxonomy":"post_tag","embeddable":true,"href":"https:\/\/edublog.educastur.es\/ixuxu\/wp-json\/wp\/v2\/tags?post=56330"}],"curies":[{"name":"wp","href":"https:\/\/api.w.org\/{rel}","templated":true}]}}